{"id":14440,"date":"2020-11-24T06:44:43","date_gmt":"2020-11-24T06:44:43","guid":{"rendered":"https:\/\/visionciudadana.com.mx\/prueba\/2020\/11\/24\/concluye-entrega-de-beneficios-del-programa-de-uniformes-calzado-deportivo-y-utiles-escolares\/"},"modified":"2020-11-24T06:44:43","modified_gmt":"2020-11-24T06:44:43","slug":"concluye-entrega-de-beneficios-del-programa-de-uniformes-calzado-deportivo-y-utiles-escolares","status":"publish","type":"post","link":"https:\/\/visionciudadana.com.mx\/oficial\/2020\/11\/24\/concluye-entrega-de-beneficios-del-programa-de-uniformes-calzado-deportivo-y-utiles-escolares\/","title":{"rendered":"Concluye entrega de beneficios del programa de \u00abuniformes, calzado deportivo y \u00fatiles escolares\u00bb"},"content":{"rendered":"<p><img decoding=\"async\" src=\"images\/2020\/NOV20\/termina_entrega_utiles.PNG\" alt=\"termina entrega utiles\" style=\"display: block; margin-left: auto; margin-right: auto;\" \/><\/p>\n<p>&nbsp;<\/p>\n<p class=\"x_MsoNormal\" style=\"text-align: justify;\"><span style=\"font-size: 14pt; font-family: arial, helvetica, sans-serif;\">Con un 78.00 % se cerr\u00f3 la entrega de los beneficios del programa de \u201cUniformes, Calzado Deportivo y \u00datiles Escolares\u201d el cual concluy\u00f3 el pasado fin de semana, inform\u00f3 el Secretario de Econom\u00eda, Javier Liz\u00e1rraga Mercado.<\/span><\/p>\n<p style=\"text-align: justify;\">&nbsp;<\/p>\n<p class=\"x_MsoNormal\" style=\"text-align: justify;\"><span style=\"font-size: 14pt; font-family: arial, helvetica, sans-serif;\">De esta forma en uniformes escolares se concluy\u00f3 esta etapa del programa en este 2020, con la entrega de 797,819 prendas, 387,594 paquetes de \u00fatiles escolares, 44,470 calzado deportivo para preescolar y 327,202 mochilas.<\/span><\/p>\n<p style=\"text-align: justify;\">&nbsp;<\/p>\n<p class=\"x_MsoNormal\" style=\"text-align: justify;\"><span style=\"font-size: 14pt; font-family: arial, helvetica, sans-serif;\">\u201cEl programa fue ox\u00edgeno puro para la industria textil en lo que se refiere a la derrama econ\u00f3mica que gener\u00f3 y para las familias sinaloenses signific\u00f3 un ahorro importante para sus bolsillos, fueron 320 millones de pesos el presupuesto total del programa\u201d, puntualiz\u00f3.<\/span><\/p>\n<p style=\"text-align: justify;\">&nbsp;<\/p>\n<p class=\"x_MsoNormal\" style=\"text-align: justify;\"><span style=\"font-size: 14pt; font-family: arial, helvetica, sans-serif;\">El Secretario de Econom\u00eda dijo que la instrucci\u00f3n del Gobernador Quirino Ordaz Coppel ha sido el de trabajar para conservar los empleos en el Estado por lo que con este programa se logr\u00f3 conservar alrededor de 12 mil empleos en la industria textil y cerca de 5 mil del sector papelero, adem\u00e1s de que se logr\u00f3 incluir en este a\u00f1o el beneficio de calzado escolar para preescolar.<\/span><\/p>\n<p style=\"text-align: justify;\">&nbsp;<\/p>\n<p class=\"x_MsoNormal\" style=\"text-align: justify;\"><span style=\"font-size: 14pt; font-family: arial, helvetica, sans-serif;\">En este programa del Gobierno de Sinaloa participaron 616 centros de canje de uniformes, 318 de \u00fatiles escolares y 60 de calzado deportivo distribuidos en todo el estado.<\/span><\/p>\n<p style=\"text-align: justify;\">&nbsp;<\/p>\n<p class=\"x_MsoNormal\" style=\"text-align: justify;\"><span style=\"font-size: 14pt; font-family: arial, helvetica, sans-serif;\">El programa de \u201cUniformes, Calzado Deportivo y \u00datiles Escolares\u201d represent\u00f3 un ahorro significativo para los padres de familia y la importante derrama econ\u00f3mica que gener\u00f3 para Sinaloa.<\/span><\/p>\n<p style=\"text-align: justify;\">&nbsp;<\/p>\n<p class=\"x_MsoNormal\" style=\"text-align: justify;\"><span style=\"font-size: 14pt; font-family: arial, helvetica, sans-serif;\">Cabe recordar que el beneficio que se otorg\u00f3 fueron 2 uniformes escolares, 1 paquete de \u00fatiles, 1 mochila escolar (Primaria y Secundaria) y 1 par de calzado deportivo (preescolar).<\/span><\/p>\n<p style=\"text-align: justify;\">&nbsp;<\/p>\n<p style=\"text-align: justify;\">&nbsp;<\/p>\n<p style=\"text-align: justify;\"><span style=\"font-size: 14pt; font-family: arial, helvetica, sans-serif;\">REDACCI\u00d3N\/VISI\u00d3N CIUDADANA.<\/span><\/p>\n<p class=\"x_MsoNormal\" style=\"text-align: justify;\"><span style=\"font-size: 14pt; font-family: arial, helvetica, sans-serif;\"><b>&nbsp;<\/b><\/span><\/p>\n","protected":false},"excerpt":{"rendered":"<p>&nbsp; Con un 78.00 % se cerr\u00f3 la entrega de los beneficios del programa de \u201cUniformes, Calzado Deportivo y \u00datiles Escolares\u201d el cual concluy\u00f3 el pasado fin de semana, inform\u00f3 el Secretario de Econom\u00eda, Javier Liz\u00e1rraga Mercado. &nbsp; De esta forma en uniformes escolares se concluy\u00f3 esta etapa del programa en este 2020, con la [&hellip;]<\/p>\n","protected":false},"author":1,"featured_media":5999,"comment_status":"open","ping_status":"closed","sticky":false,"template":"","format":"standard","meta":{"footnotes":""},"categories":[24],"tags":[],"ppma_author":[31],"class_list":["post-14440","post","type-post","status-publish","format-standard","has-post-thumbnail","hentry","category-relevantes"],"aioseo_notices":[],"authors":[{"term_id":31,"user_id":1,"is_guest":0,"slug":"ivan3vino","display_name":"Iv\u00e1n Trevi\u00f1o","avatar_url":{"url":"https:\/\/visionciudadana.com.mx\/oficial\/wp-content\/uploads\/2025\/09\/columna-ivan-Trevino.png","url2x":"https:\/\/visionciudadana.com.mx\/oficial\/wp-content\/uploads\/2025\/09\/columna-ivan-Trevino.png"},"0":null,"1":"","2":"","3":"","4":"","5":"","6":"","7":"","8":""}],"_links":{"self":[{"href":"https:\/\/visionciudadana.com.mx\/oficial\/wp-json\/wp\/v2\/posts\/14440","targetHints":{"allow":["GET"]}}],"collection":[{"href":"https:\/\/visionciudadana.com.mx\/oficial\/wp-json\/wp\/v2\/posts"}],"about":[{"href":"https:\/\/visionciudadana.com.mx\/oficial\/wp-json\/wp\/v2\/types\/post"}],"author":[{"embeddable":true,"href":"https:\/\/visionciudadana.com.mx\/oficial\/wp-json\/wp\/v2\/users\/1"}],"replies":[{"embeddable":true,"href":"https:\/\/visionciudadana.com.mx\/oficial\/wp-json\/wp\/v2\/comments?post=14440"}],"version-history":[{"count":0,"href":"https:\/\/visionciudadana.com.mx\/oficial\/wp-json\/wp\/v2\/posts\/14440\/revisions"}],"wp:featuredmedia":[{"embeddable":true,"href":"https:\/\/visionciudadana.com.mx\/oficial\/wp-json\/wp\/v2\/posts\/5999"}],"wp:attachment":[{"href":"https:\/\/visionciudadana.com.mx\/oficial\/wp-json\/wp\/v2\/media?parent=14440"}],"wp:term":[{"taxonomy":"category","embeddable":true,"href":"https:\/\/visionciudadana.com.mx\/oficial\/wp-json\/wp\/v2\/categories?post=14440"},{"taxonomy":"post_tag","embeddable":true,"href":"https:\/\/visionciudadana.com.mx\/oficial\/wp-json\/wp\/v2\/tags?post=14440"},{"taxonomy":"author","embeddable":true,"href":"https:\/\/visionciudadana.com.mx\/oficial\/wp-json\/wp\/v2\/ppma_author?post=14440"}],"curies":[{"name":"wp","href":"https:\/\/api.w.org\/{rel}","templated":true}]}}