{"id":14438,"date":"2020-11-24T06:31:23","date_gmt":"2020-11-24T06:31:23","guid":{"rendered":"https:\/\/visionciudadana.com.mx\/prueba\/2020\/11\/24\/entrega-dif-estatal-350-apoyos-funcionales\/"},"modified":"2020-11-24T06:31:23","modified_gmt":"2020-11-24T06:31:23","slug":"entrega-dif-estatal-350-apoyos-funcionales","status":"publish","type":"post","link":"https:\/\/visionciudadana.com.mx\/oficial\/2020\/11\/24\/entrega-dif-estatal-350-apoyos-funcionales\/","title":{"rendered":"Entrega DIF Estatal 350 apoyos funcionales"},"content":{"rendered":"<p style=\"text-align: justify;\"><img decoding=\"async\" src=\"images\/2020\/NOV20\/apoyos_funcionales_dif.PNG\" alt=\"apoyos funcionales dif\" style=\"display: block; margin-left: auto; margin-right: auto;\" \/><\/p>\n<p class=\"x_gmail-x_MsoNormal\" style=\"text-align: justify;\"><span lang=\"ES-TRAD\" style=\"font-size: 14pt; font-family: arial, helvetica, sans-serif;\">En el marco del encuentro tambi\u00e9n se hizo entrega de 350 Apoyos Funcionales, dentro de los cuales se encuentran sillas de ruedas, sillas de ruedas infantiles, bastones de cuatro apoyos y andadera para adulto.<\/span><\/p>\n<p style=\"text-align: justify;\">&nbsp;<\/p>\n<p style=\"text-align: justify;\"><span style=\"font-size: 14pt; font-family: arial, helvetica, sans-serif;\">En lo que va esta administraci\u00f3n se han distribuido m\u00e1s de 11 mil apoyos funcionales con una inversi\u00f3n de m\u00e1s de 22 MDP.<\/span><\/p>\n<p style=\"text-align: justify;\">&nbsp;<\/p>\n<p class=\"x_gmail-x_MsoNormal\" style=\"text-align: justify;\"><span lang=\"ES-TRAD\" style=\"font-size: 14pt; font-family: arial, helvetica, sans-serif;\">Buscando fortalecer los proyectos productivos y en apoyo a las mujeres emprendedoras tambi\u00e9n se entregaron bultos de tela, flor de seda, sueros, entre otros apoyos que beneficiar\u00e1n a las familias de las comunidades en situaci\u00f3n de vulnerabilidad.<\/span><\/p>\n<p style=\"text-align: justify;\">&nbsp;<\/p>\n<p class=\"x_gmail-x_MsoNormal\" style=\"text-align: justify;\"><span lang=\"ES-TRAD\" style=\"font-size: 14pt; font-family: arial, helvetica, sans-serif;\">En el evento estuvieron Esmeralda Zatarain, Presidenta de DIF Concordia; Perla Anah\u00ed Mart\u00ednez, Presidenta de DIF Cosal\u00e1; Gabriela Pe\u00f1a Chico, Presidenta de DIF Mazatl\u00e1n; Mar\u00eda Luisa Ben\u00edtez De Pineda, Presidenta de DIF El Rosario; Aurelia Le\u00f3n, Presidenta de DIF Sinaloa de Leyva; Elizabeth Covarrubias Pico, Presidenta de DIF San Ignacio; Brenda G\u00f3mez, Presidenta de DIF Elota y Mar\u00eda Elizalde de Galindo, Presidenta de DIF Mocorito.<\/span><\/p>\n<p style=\"text-align: justify;\">&nbsp;<\/p>\n<p style=\"text-align: justify;\"><span style=\"font-size: 14pt; font-family: arial, helvetica, sans-serif;\">REDACCI\u00d3N\/VISI\u00d3N CIUDADANA.<\/span><\/p>\n<p>&nbsp;<\/p>\n<p>&nbsp;<\/p>\n<p class=\"x_gmail-x_gmail-Bullet1\"><span lang=\"ES-TRAD\"><\/span><\/p>\n","protected":false},"excerpt":{"rendered":"<p>En el marco del encuentro tambi\u00e9n se hizo entrega de 350 Apoyos Funcionales, dentro de los cuales se encuentran sillas de ruedas, sillas de ruedas infantiles, bastones de cuatro apoyos y andadera para adulto. &nbsp; En lo que va esta administraci\u00f3n se han distribuido m\u00e1s de 11 mil apoyos funcionales con una inversi\u00f3n de m\u00e1s [&hellip;]<\/p>\n","protected":false},"author":1,"featured_media":5995,"comment_status":"open","ping_status":"closed","sticky":false,"template":"","format":"standard","meta":{"footnotes":""},"categories":[13],"tags":[],"ppma_author":[31],"class_list":["post-14438","post","type-post","status-publish","format-standard","has-post-thumbnail","hentry","category-locales"],"aioseo_notices":[],"authors":[{"term_id":31,"user_id":1,"is_guest":0,"slug":"ivan3vino","display_name":"Iv\u00e1n Trevi\u00f1o","avatar_url":{"url":"https:\/\/visionciudadana.com.mx\/oficial\/wp-content\/uploads\/2025\/09\/columna-ivan-Trevino.png","url2x":"https:\/\/visionciudadana.com.mx\/oficial\/wp-content\/uploads\/2025\/09\/columna-ivan-Trevino.png"},"0":null,"1":"","2":"","3":"","4":"","5":"","6":"","7":"","8":""}],"_links":{"self":[{"href":"https:\/\/visionciudadana.com.mx\/oficial\/wp-json\/wp\/v2\/posts\/14438","targetHints":{"allow":["GET"]}}],"collection":[{"href":"https:\/\/visionciudadana.com.mx\/oficial\/wp-json\/wp\/v2\/posts"}],"about":[{"href":"https:\/\/visionciudadana.com.mx\/oficial\/wp-json\/wp\/v2\/types\/post"}],"author":[{"embeddable":true,"href":"https:\/\/visionciudadana.com.mx\/oficial\/wp-json\/wp\/v2\/users\/1"}],"replies":[{"embeddable":true,"href":"https:\/\/visionciudadana.com.mx\/oficial\/wp-json\/wp\/v2\/comments?post=14438"}],"version-history":[{"count":0,"href":"https:\/\/visionciudadana.com.mx\/oficial\/wp-json\/wp\/v2\/posts\/14438\/revisions"}],"wp:featuredmedia":[{"embeddable":true,"href":"https:\/\/visionciudadana.com.mx\/oficial\/wp-json\/wp\/v2\/posts\/5995"}],"wp:attachment":[{"href":"https:\/\/visionciudadana.com.mx\/oficial\/wp-json\/wp\/v2\/media?parent=14438"}],"wp:term":[{"taxonomy":"category","embeddable":true,"href":"https:\/\/visionciudadana.com.mx\/oficial\/wp-json\/wp\/v2\/categories?post=14438"},{"taxonomy":"post_tag","embeddable":true,"href":"https:\/\/visionciudadana.com.mx\/oficial\/wp-json\/wp\/v2\/tags?post=14438"},{"taxonomy":"author","embeddable":true,"href":"https:\/\/visionciudadana.com.mx\/oficial\/wp-json\/wp\/v2\/ppma_author?post=14438"}],"curies":[{"name":"wp","href":"https:\/\/api.w.org\/{rel}","templated":true}]}}