{"id":14437,"date":"2020-11-24T06:21:08","date_gmt":"2020-11-24T06:21:08","guid":{"rendered":"https:\/\/visionciudadana.com.mx\/prueba\/2020\/11\/24\/entrega-dif-sinaloa-diversos-apoyos-a-los-sistemas-dif-municipales\/"},"modified":"2020-11-24T06:21:08","modified_gmt":"2020-11-24T06:21:08","slug":"entrega-dif-sinaloa-diversos-apoyos-a-los-sistemas-dif-municipales","status":"publish","type":"post","link":"https:\/\/visionciudadana.com.mx\/oficial\/2020\/11\/24\/entrega-dif-sinaloa-diversos-apoyos-a-los-sistemas-dif-municipales\/","title":{"rendered":"Entrega DIF Sinaloa diversos apoyos a los Sistemas DIF Municipales"},"content":{"rendered":"<p style=\"text-align: justify;\">&nbsp;<\/p>\n<p style=\"text-align: justify;\"><img decoding=\"async\" src=\"images\/2020\/NOV20\/sillas_periqueras.PNG\" alt=\"sillas periqueras\" style=\"display: block; margin-left: auto; margin-right: auto;\" \/><\/p>\n<p style=\"text-align: justify;\"><span style=\"font-size: 14pt; font-family: arial, helvetica, sans-serif;\">En el marco de la reuni\u00f3n con las presidentas y directores de los Sistemas DIF Municipales, Rosy Fuentes de Ordaz, presidenta del Sistema DIF Sinaloa, hizo entrega de diversos apoyos, entre los que destacan Aparatos Funcionales y equipamiento para los centros de cuidado infantil, en este \u00faltimo a la fecha se han invertido 4.6 MDP.<\/span><\/p>\n<p style=\"text-align: justify;\">&nbsp;<\/p>\n<p style=\"text-align: justify;\"><span style=\"font-size: 14pt; font-family: arial, helvetica, sans-serif;\">En compa\u00f1\u00eda de la directora general de la instituci\u00f3n, Connie Zazueta Castro, la presidenta de DIF Estatal comparti\u00f3 que el objetivo de la entrega es fortalecer la seguridad y las condiciones en que se atiende y cuida a los m\u00e1s de mil menores de edad que asisten anualmente a los Centros de Asistencia Infantil Comunitarios (CAIC) y a los Centros Asistenciales de Desarrollo Infantil (CADI) del estado.<\/span><\/p>\n<p style=\"text-align: justify;\">&nbsp;<\/p>\n<p style=\"text-align: justify;\"><span style=\"font-size: 14pt; font-family: arial, helvetica, sans-serif;\">\u201cHaciendo esta entrega de equipamiento para nuestros CADI que llevamos en esta administraci\u00f3n m\u00e1s de 4 millones de pesos en equipamiento, igualmente vamos a hacer entrega de aparatos funcionales, tambi\u00e9n ya llevamos en esta administraci\u00f3n m\u00e1s de 11 mil apoyos funcionales, entre andaderas, sillas, bastones y pr\u00f3tesis\u201d agreg\u00f3 la presidenta de la instituci\u00f3n.<\/span><\/p>\n<p style=\"text-align: justify;\">&nbsp;<\/p>\n<p style=\"text-align: justify;\"><span style=\"font-size: 14pt; font-family: arial, helvetica, sans-serif;\">Destac\u00f3 el respaldo que ha brindado el gobernador Quirino Ordaz Coppel para generar apoyos. \u201cEfectivamente no hemos dejado de trabajar y gestionar para traerles estos apoyos para sus municipios. Agradezco mucho el trabajo de mi esposo, el gobernador, Quirino Ordaz, porque sin duda \u00e9l tambi\u00e9n ha estado tratando de no parar su ritmo de trabajo, nos sigue apoyando y como siempre lo he dicho es nuestro aliado incondicional, porque ante la necesidad uno no puede detenerse\u201d expres\u00f3 Rosy Fuentes de Ordaz.<\/span><\/p>\n<p style=\"text-align: justify;\">&nbsp;<\/p>\n<p style=\"text-align: justify;\"><span style=\"font-size: 14pt; font-family: arial, helvetica, sans-serif;\">Al dirigirse a las presidentas les agradeci\u00f3 la oportunidad de seguir teniendo esta alianza con ellas y de trabajar en equipo, precis\u00f3 que lo m\u00e1s importante es enfocarse en el trabajo para beneficio de las familias m\u00e1s vulnerables.<\/span><\/p>\n<p style=\"text-align: justify;\">&nbsp;<\/p>\n<p style=\"text-align: justify;\"><span style=\"font-size: 14pt; font-family: arial, helvetica, sans-serif;\">La se\u00f1ora Rosy Fuentes de Ordaz las exhort\u00f3 a continuar con esta misma l\u00ednea de trabajo en equipo y bien coordinadas. Adem\u00e1s, confi\u00f3 en que todos estos apoyos llegar\u00e1n como ha sido siempre a las familias m\u00e1s necesitadas.<\/span><\/p>\n<p style=\"text-align: justify;\">&nbsp;<\/p>\n<p style=\"text-align: justify;\"><span style=\"font-size: 14pt; font-family: arial, helvetica, sans-serif;\">Por su parte y en representaci\u00f3n de los municipios beneficiados la presidenta de DIF Escuinapa, Liliana Canizales agradeci\u00f3 principalmente los apoyos recibidos durante el tiempo que lleva la pandemia, pues a pesar de la situaci\u00f3n se han mantenido activas, acerc\u00e1ndose a la gente y distribuyendo todos los apoyos que llegan.<\/span><\/p>\n<p style=\"text-align: justify;\">&nbsp;<\/p>\n<p style=\"text-align: justify;\"><span style=\"font-size: 14pt; font-family: arial, helvetica, sans-serif;\">Connie Zazueta, directora general de DIF Sinaloa, comparti\u00f3: \u201cEntregar grandes proyectos que cambian vidas como lo son aparatos funcionales, apoyos para guarder\u00edas, proyectos productivos, es muy bonito como al visitar las comunidades nos damos cuenta de que los proyectos productivos est\u00e1n funcionando y ayudan en gran medida a la gente en su econom\u00eda\u201d.<\/span><\/p>\n<p style=\"text-align: justify;\">&nbsp;<\/p>\n<p style=\"text-align: justify;\"><span style=\"font-size: 14pt; font-family: arial, helvetica, sans-serif;\">Actualmente DIF Sinaloa cuenta con 23 CAIC y 3 CADI registrados a lo largo de todo el estado.<\/span><\/p>\n<p style=\"text-align: justify;\">&nbsp;<\/p>\n<p style=\"text-align: justify;\"><span style=\"font-size: 14pt; font-family: arial, helvetica, sans-serif;\">El equipamiento que se entrega consiste en: Parrilla el\u00e9ctrica, refrigerador, archiveros, cubetas de pintura vin\u00edlica, l\u00e1mpara de emergencia y barra antip\u00e1nico para salida de emergencia. Tambi\u00e9n incluye cambiador de pa\u00f1al con colchoneta, mesas, sillas y pizarrones, term\u00f3metro digital de frente, utensilios de cocina. Adem\u00e1s, juegos infantiles y did\u00e1cticos, sillas periqueras para beb\u00e9.<\/span><\/p>\n<p style=\"text-align: justify;\">&nbsp;<\/p>\n<p style=\"text-align: justify;\">&nbsp;<\/p>\n<p style=\"text-align: justify;\"><span style=\"font-size: 14pt; font-family: arial, helvetica, sans-serif;\">REDACCI\u00d3N\/VISI\u00d3N CIUDADANA.<\/span><\/p>\n<p>&nbsp;<\/p>\n","protected":false},"excerpt":{"rendered":"<p>&nbsp; En el marco de la reuni\u00f3n con las presidentas y directores de los Sistemas DIF Municipales, Rosy Fuentes de Ordaz, presidenta del Sistema DIF Sinaloa, hizo entrega de diversos apoyos, entre los que destacan Aparatos Funcionales y equipamiento para los centros de cuidado infantil, en este \u00faltimo a la fecha se han invertido 4.6 [&hellip;]<\/p>\n","protected":false},"author":1,"featured_media":5993,"comment_status":"open","ping_status":"closed","sticky":false,"template":"","format":"standard","meta":{"footnotes":""},"categories":[24],"tags":[],"ppma_author":[31],"class_list":["post-14437","post","type-post","status-publish","format-standard","has-post-thumbnail","hentry","category-relevantes"],"aioseo_notices":[],"authors":[{"term_id":31,"user_id":1,"is_guest":0,"slug":"ivan3vino","display_name":"Iv\u00e1n Trevi\u00f1o","avatar_url":{"url":"https:\/\/visionciudadana.com.mx\/oficial\/wp-content\/uploads\/2025\/09\/columna-ivan-Trevino.png","url2x":"https:\/\/visionciudadana.com.mx\/oficial\/wp-content\/uploads\/2025\/09\/columna-ivan-Trevino.png"},"0":null,"1":"","2":"","3":"","4":"","5":"","6":"","7":"","8":""}],"_links":{"self":[{"href":"https:\/\/visionciudadana.com.mx\/oficial\/wp-json\/wp\/v2\/posts\/14437","targetHints":{"allow":["GET"]}}],"collection":[{"href":"https:\/\/visionciudadana.com.mx\/oficial\/wp-json\/wp\/v2\/posts"}],"about":[{"href":"https:\/\/visionciudadana.com.mx\/oficial\/wp-json\/wp\/v2\/types\/post"}],"author":[{"embeddable":true,"href":"https:\/\/visionciudadana.com.mx\/oficial\/wp-json\/wp\/v2\/users\/1"}],"replies":[{"embeddable":true,"href":"https:\/\/visionciudadana.com.mx\/oficial\/wp-json\/wp\/v2\/comments?post=14437"}],"version-history":[{"count":0,"href":"https:\/\/visionciudadana.com.mx\/oficial\/wp-json\/wp\/v2\/posts\/14437\/revisions"}],"wp:featuredmedia":[{"embeddable":true,"href":"https:\/\/visionciudadana.com.mx\/oficial\/wp-json\/wp\/v2\/media\/5993"}],"wp:attachment":[{"href":"https:\/\/visionciudadana.com.mx\/oficial\/wp-json\/wp\/v2\/media?parent=14437"}],"wp:term":[{"taxonomy":"category","embeddable":true,"href":"https:\/\/visionciudadana.com.mx\/oficial\/wp-json\/wp\/v2\/categories?post=14437"},{"taxonomy":"post_tag","embeddable":true,"href":"https:\/\/visionciudadana.com.mx\/oficial\/wp-json\/wp\/v2\/tags?post=14437"},{"taxonomy":"author","embeddable":true,"href":"https:\/\/visionciudadana.com.mx\/oficial\/wp-json\/wp\/v2\/ppma_author?post=14437"}],"curies":[{"name":"wp","href":"https:\/\/api.w.org\/{rel}","templated":true}]}}