{"id":14436,"date":"2020-11-24T06:12:27","date_gmt":"2020-11-24T06:12:27","guid":{"rendered":"https:\/\/visionciudadana.com.mx\/prueba\/2020\/11\/24\/presentara-ceaip-nuevos-buscadores-de-transparencia\/"},"modified":"2020-11-24T06:12:27","modified_gmt":"2020-11-24T06:12:27","slug":"presentara-ceaip-nuevos-buscadores-de-transparencia","status":"publish","type":"post","link":"https:\/\/visionciudadana.com.mx\/oficial\/2020\/11\/24\/presentara-ceaip-nuevos-buscadores-de-transparencia\/","title":{"rendered":"Presentar\u00e1 Ceaip nuevos buscadores de transparencia"},"content":{"rendered":"<p class=\"x_MsoNormal\" style=\"text-align: justify;\" align=\"right\"><span style=\"font-size: 14pt; font-family: arial, helvetica, sans-serif;\"><i>&nbsp;<img decoding=\"async\" src=\"images\/2020\/NOV20\/invitan_ceaip.PNG\" alt=\"invitan ceaip\" style=\"display: block; margin-left: auto; margin-right: auto;\" \/><\/i><\/span><\/p>\n<p class=\"x_MsoNormal\" style=\"text-align: justify;\"><span style=\"font-size: 14pt; font-family: arial, helvetica, sans-serif;\">La Comisi\u00f3n Estatal para el Acceso a la Informaci\u00f3n P\u00fablica invita a la presentaci\u00f3n del Buscador Nacional y Buscadores Tem\u00e1ticos de la Plataforma Nacional de Transparencia.<\/span><\/p>\n<p style=\"text-align: justify;\">&nbsp;<\/p>\n<p class=\"x_MsoNormal\" style=\"text-align: justify;\"><span style=\"font-size: 14pt; font-family: arial, helvetica, sans-serif;\">La cita es este martes 24 de noviembre a las 11 horas (tiempo local) y se podr\u00e1 presenciar en vivo a trav\u00e9s de la Fan Page Ceaip, por la transparencia en Sinaloa y por Youtube Live CEAIP Sinaloa.<\/span><\/p>\n<p style=\"text-align: justify;\">&nbsp;<\/p>\n<p class=\"x_MsoNormal\" style=\"text-align: justify;\"><span style=\"font-size: 14pt; font-family: arial, helvetica, sans-serif;\">La proyecci\u00f3n correr\u00e1 a cargo de los Comisionados del Instituto Nacional de Transparencia, Acceso a la Informaci\u00f3n y Protecci\u00f3n de Datos Personales (INAI), \u00d3scar Guerra Ford y Julieta del R\u00edo Venegas.<\/span><\/p>\n<p style=\"text-align: justify;\">&nbsp;<\/p>\n<p class=\"x_MsoNormal\" style=\"text-align: justify;\"><span style=\"font-size: 14pt; font-family: arial, helvetica, sans-serif;\">Ser\u00e1 moderada por los Comisionados de Ceaip Sinaloa, Jos\u00e9 Alfredo Beltr\u00e1n Estrada y Rosa del Carmen Liz\u00e1rraga F\u00e9lix.<\/span><\/p>\n<p style=\"text-align: justify;\">&nbsp;<\/p>\n<p class=\"x_MsoNormal\" style=\"text-align: justify;\"><span style=\"font-size: 14pt; font-family: arial, helvetica, sans-serif;\">Los nuevos buscadores permiten encontrar las coincidencias de diferentes tem\u00e1ticas en los millones de datos existentes en la PNT de manera f\u00e1cil y r\u00e1pida a trav\u00e9s de palabras claves o temas de inter\u00e9s.<\/span><\/p>\n<p style=\"text-align: justify;\">&nbsp;<\/p>\n<p class=\"x_MsoNormal\" style=\"text-align: justify;\"><span style=\"font-size: 14pt; font-family: arial, helvetica, sans-serif;\">La informaci\u00f3n es obtenida de las respuestas a solicitudes de informaci\u00f3n p\u00fablica presentadas y de las Obligaciones de Transparencia tanto de Sinaloa como de entidades de todo el pa\u00eds y del \u00e1mbito federal.<\/span><\/p>\n<p style=\"text-align: justify;\">&nbsp;<\/p>\n<p style=\"text-align: justify;\"><span style=\"font-size: 14pt; font-family: arial, helvetica, sans-serif;\">REDACCI\u00d3N\/VISI\u00d3N CIUDADANA.<\/span><\/p>\n","protected":false},"excerpt":{"rendered":"<p>&nbsp; La Comisi\u00f3n Estatal para el Acceso a la Informaci\u00f3n P\u00fablica invita a la presentaci\u00f3n del Buscador Nacional y Buscadores Tem\u00e1ticos de la Plataforma Nacional de Transparencia. &nbsp; La cita es este martes 24 de noviembre a las 11 horas (tiempo local) y se podr\u00e1 presenciar en vivo a trav\u00e9s de la Fan Page Ceaip, [&hellip;]<\/p>\n","protected":false},"author":1,"featured_media":5991,"comment_status":"open","ping_status":"closed","sticky":false,"template":"","format":"standard","meta":{"footnotes":""},"categories":[24],"tags":[],"ppma_author":[31],"class_list":["post-14436","post","type-post","status-publish","format-standard","has-post-thumbnail","hentry","category-relevantes"],"aioseo_notices":[],"authors":[{"term_id":31,"user_id":1,"is_guest":0,"slug":"ivan3vino","display_name":"Iv\u00e1n Trevi\u00f1o","avatar_url":{"url":"https:\/\/visionciudadana.com.mx\/oficial\/wp-content\/uploads\/2025\/09\/columna-ivan-Trevino.png","url2x":"https:\/\/visionciudadana.com.mx\/oficial\/wp-content\/uploads\/2025\/09\/columna-ivan-Trevino.png"},"0":null,"1":"","2":"","3":"","4":"","5":"","6":"","7":"","8":""}],"_links":{"self":[{"href":"https:\/\/visionciudadana.com.mx\/oficial\/wp-json\/wp\/v2\/posts\/14436","targetHints":{"allow":["GET"]}}],"collection":[{"href":"https:\/\/visionciudadana.com.mx\/oficial\/wp-json\/wp\/v2\/posts"}],"about":[{"href":"https:\/\/visionciudadana.com.mx\/oficial\/wp-json\/wp\/v2\/types\/post"}],"author":[{"embeddable":true,"href":"https:\/\/visionciudadana.com.mx\/oficial\/wp-json\/wp\/v2\/users\/1"}],"replies":[{"embeddable":true,"href":"https:\/\/visionciudadana.com.mx\/oficial\/wp-json\/wp\/v2\/comments?post=14436"}],"version-history":[{"count":0,"href":"https:\/\/visionciudadana.com.mx\/oficial\/wp-json\/wp\/v2\/posts\/14436\/revisions"}],"wp:featuredmedia":[{"embeddable":true,"href":"https:\/\/visionciudadana.com.mx\/oficial\/wp-json\/wp\/v2\/media\/5991"}],"wp:attachment":[{"href":"https:\/\/visionciudadana.com.mx\/oficial\/wp-json\/wp\/v2\/media?parent=14436"}],"wp:term":[{"taxonomy":"category","embeddable":true,"href":"https:\/\/visionciudadana.com.mx\/oficial\/wp-json\/wp\/v2\/categories?post=14436"},{"taxonomy":"post_tag","embeddable":true,"href":"https:\/\/visionciudadana.com.mx\/oficial\/wp-json\/wp\/v2\/tags?post=14436"},{"taxonomy":"author","embeddable":true,"href":"https:\/\/visionciudadana.com.mx\/oficial\/wp-json\/wp\/v2\/ppma_author?post=14436"}],"curies":[{"name":"wp","href":"https:\/\/api.w.org\/{rel}","templated":true}]}}