{"id":14435,"date":"2020-11-24T06:05:51","date_gmt":"2020-11-24T06:05:51","guid":{"rendered":"https:\/\/visionciudadana.com.mx\/prueba\/2020\/11\/24\/solicita-rector-a-la-jucopo-del-congreso-del-estado-oportunidad-para-exponer-las-necesidades-de-la-uas\/"},"modified":"2020-11-24T06:05:51","modified_gmt":"2020-11-24T06:05:51","slug":"solicita-rector-a-la-jucopo-del-congreso-del-estado-oportunidad-para-exponer-las-necesidades-de-la-uas","status":"publish","type":"post","link":"https:\/\/visionciudadana.com.mx\/oficial\/2020\/11\/24\/solicita-rector-a-la-jucopo-del-congreso-del-estado-oportunidad-para-exponer-las-necesidades-de-la-uas\/","title":{"rendered":"Solicita Rector a la Jucopo del Congreso del Estado oportunidad para exponer las necesidades de la UAS"},"content":{"rendered":"<div class=\"aKEZUGyWi5haT6riFXgvp customScrollBar\" tabindex=\"-1\">\n<div class=\"wide-content-host\">\n<div class=\"_2Tgrtrj5ACwo2I6mKHcBME\">\n<div class=\"jgenqigMC4s0jMUDuG-YY\">&nbsp;<\/div>\n<div class=\"_2zOpJb7ZbCN0X1DoeFyiYw JWNdg1hee9_Rz6bIGvG1c allowTextSelection\">\n<div>\n<div class=\"rps_10fb\">\n<div>\n<div dir=\"ltr\"><img decoding=\"async\" src=\"images\/2020\/NOV20\/solicita_rector.PNG\" alt=\"solicita rector\" style=\"display: block; margin-left: auto; margin-right: auto;\" \/><br clear=\"all\" \/><\/p>\n<div>\n<p class=\"x_MsoNormal\" align=\"right\"><i><span lang=\"ES\"><\/span><\/i><\/p>\n<p class=\"x_MsoNormal\" style=\"text-align: justify;\"><span lang=\"ES\" style=\"font-size: 14pt; font-family: arial, helvetica, sans-serif;\">La Universidad Aut\u00f3noma de Sinaloa (UAS) se mantiene en una gesti\u00f3n permanente e intensa en la b\u00fasqueda de recursos que le permitan cerrar adecuadamente el a\u00f1o y conseguir un mayor presupuesto para 2021, motivo por el cual el Rector, doctor Juan Eulogio Guerra Liera ya solicit\u00f3 a la Junta de Coordinaci\u00f3n Pol\u00edtica (Jucopo) del Congreso del Estado la oportunidad de recibirlo para exponer las necesidades de la instituci\u00f3n y buscar incidir en el financiamiento del pr\u00f3ximo a\u00f1o.<\/span><\/p>\n<p class=\"x_MsoNormal\" style=\"text-align: justify;\"><span lang=\"ES\" style=\"font-size: 14pt; font-family: arial, helvetica, sans-serif;\"><\/span><\/p>\n<p class=\"x_MsoNormal\" style=\"text-align: justify;\"><span style=\"font-size: 14pt; font-family: arial, helvetica, sans-serif;\"><span lang=\"ES\">\u201cLas gestiones empezaron desde hace meses (\u2026) acabamos de hacer la solicitud la semana anterior a la Jucopo, a la diputada Graciela Dom\u00ednguez, para que de nuevo nos den la oportunidad de recibir al Rector, poder plantear lo que la instituci\u00f3n hace, lo que tiene, las ne<\/span>cesidades, en la idea de poder incidir dentro de un presupuesto acotado, y las demandas que van a tener en salud y en seguridad, que no dejen de lado a la educaci\u00f3n, que no dejen de lado a la Universidad Aut\u00f3noma de Sinaloa\u201d, inform\u00f3 Guerra Liera.<\/span><\/p>\n<p class=\"x_MsoNormal\" style=\"text-align: justify;\"><span lang=\"ES\" style=\"font-size: 14pt; font-family: arial, helvetica, sans-serif;\"><\/span><\/p>\n<p class=\"x_MsoNormal\" style=\"text-align: justify;\"><span lang=\"ES\" style=\"font-size: 14pt; font-family: arial, helvetica, sans-serif;\">Explic\u00f3 que, como en otros a\u00f1os, estar\u00e1n atentos para acudir al Congreso Local a sustentar lo que la Universidad necesita y ponder\u00f3 que en los \u00faltimos a\u00f1os los diputados han dado apoyo a la Casa Rosalina por lo que esperan que este a\u00f1o no sea la excepci\u00f3n.<\/span><\/p>\n<p class=\"x_MsoNormal\" style=\"text-align: justify;\"><span lang=\"ES\" style=\"font-size: 14pt; font-family: arial, helvetica, sans-serif;\"><\/span><\/p>\n<p class=\"x_MsoNormal\" style=\"text-align: justify;\"><span lang=\"ES\" style=\"font-size: 14pt; font-family: arial, helvetica, sans-serif;\">Detall\u00f3 que ya se solicit\u00f3 al Gobernador del Estado, licenciado Quirino Ordaz Coppel un incremento del 16 por ciento, que representa poco m\u00e1s de 316 millones de pesos, un porcentaje similar al solicitado el a\u00f1o pasado, y se\u00f1al\u00f3 que en promedio la UAS ha recibido del Congreso un aumento de 100 millones, pues en 2019 el aumento fue de 119 millones.<\/span><\/p>\n<p class=\"x_MsoNormal\" style=\"text-align: justify;\"><span lang=\"ES\" style=\"font-size: 14pt; font-family: arial, helvetica, sans-serif;\"><\/span><\/p>\n<p class=\"x_MsoNormal\" style=\"text-align: justify;\"><span lang=\"ES\" style=\"font-size: 14pt; font-family: arial, helvetica, sans-serif;\">Indic\u00f3 que a nivel federal se plantea un aumento de aproximadamente un 3 por ciento en el presupuesto para Educaci\u00f3n Superior con el cual se quedan las universidades con un incremento negativo derivado de la inflaci\u00f3n con respecto al a\u00f1o anterior, por lo que se espera que se d\u00e9 un aumento sustancial que permita \u201caligerar la carga\u201d.<\/span><\/p>\n<p class=\"x_MsoNormal\" style=\"text-align: justify;\"><span lang=\"ES\" style=\"font-size: 14pt; font-family: arial, helvetica, sans-serif;\"><\/span><\/p>\n<p class=\"x_MsoNormal\" style=\"text-align: justify;\"><span lang=\"ES\" style=\"font-size: 14pt; font-family: arial, helvetica, sans-serif;\">El Rector agreg\u00f3 que para cerrar 2019 la UAS necesita 690 millones de pesos, que implica el pago de las quincenas de diciembre y del aguinaldo.<\/span><\/p>\n<p class=\"x_MsoNormal\" style=\"text-align: justify;\"><span lang=\"ES\" style=\"font-size: 14pt; font-family: arial, helvetica, sans-serif;\"><\/span><\/p>\n<p class=\"x_MsoNormal\" style=\"text-align: justify;\"><span lang=\"ES\" style=\"font-size: 14pt; font-family: arial, helvetica, sans-serif;\">\u201cNosotros hemos hecho ajustes, lo hemos compartido con ustedes, desde meses anteriores, medidas de austeridad, hemos prescindido de gastos que se consideran adecuados en el ejercicio de lo que es la educaci\u00f3n, la investigaci\u00f3n, la cultura, etc\u00e9tera y que lo hemos detenido en la idea de poder ir garantizando, como lo mandat\u00f3 el Consejo Universitario, el pago de quincenas y aguinaldo\u201d, expres\u00f3.<\/span><\/p>\n<p class=\"x_MsoNormal\" style=\"text-align: justify;\"><span lang=\"ES\" style=\"font-size: 14pt; font-family: arial, helvetica, sans-serif;\"><\/span><\/p>\n<p class=\"x_MsoNormal\" style=\"text-align: justify;\"><span lang=\"ES\" style=\"font-size: 14pt; font-family: arial, helvetica, sans-serif;\">\u201cEstas semanas son claves para nosotros para saber en qu\u00e9 situaci\u00f3n vamos a estar, esto es de garantizar las quincenas de diciembre, y garantizar el aguinaldo totalmente o una parte, y pues estamos en una gesti\u00f3n intensa con el Gobierno Federal, con la Subsecretar\u00eda de Educaci\u00f3n Superior, con la DGESU, donde no hemos quitado el dedo del rengl\u00f3n del monto que se comprometi\u00f3 para el a\u00f1o anterior que era de 304 millones<b>&nbsp;<\/b>de pesos, esperamos la posibilidad de una respuesta positiva y que nos permita aligerar\u201d, extern\u00f3.<\/span><\/p>\n<p class=\"x_MsoNormal\" style=\"text-align: justify;\"><span lang=\"ES\" style=\"font-size: 14pt; font-family: arial, helvetica, sans-serif;\"><\/span><\/p>\n<p class=\"x_MsoNormal\" style=\"text-align: justify;\"><span style=\"font-size: 14pt; font-family: arial, helvetica, sans-serif;\"><b><span lang=\"ES\">SIN LLEGAR CONVENIO PARA QUE UAS RECIBA LOS 96 MILLONES DE PESOS<\/span><\/b><\/span><\/p>\n<p class=\"x_MsoNormal\" style=\"text-align: justify;\"><span lang=\"ES\" style=\"font-size: 14pt; font-family: arial, helvetica, sans-serif;\"><\/span><\/p>\n<p class=\"x_MsoNormal\" style=\"text-align: justify;\"><span lang=\"ES\" style=\"font-size: 14pt; font-family: arial, helvetica, sans-serif;\">El Rector Juan Eulogio Guerra Liera manifest\u00f3 que hay preocupaci\u00f3n porque a\u00fan no llega el convenio que debe ser firmado por las diferentes partes para que se radiquen a la Universidad los 96 millones de pesos correspondientes al incremento salarial de este a\u00f1o.<\/span><\/p>\n<p class=\"x_MsoNormal\" style=\"text-align: justify;\"><span lang=\"ES\" style=\"font-size: 14pt; font-family: arial, helvetica, sans-serif;\"><\/span><\/p>\n<p class=\"x_MsoNormal\" style=\"text-align: justify;\"><span lang=\"ES\" style=\"font-size: 14pt; font-family: arial, helvetica, sans-serif;\">\u201cLo que ya es un compromiso es reintegrarnos lo que es el incremento salarial que es lo que aumentas desde enero y que en el caso de la UAS nos corresponder\u00e1n como 96 millones de pesos, quedaron de darnos la mitad en noviembre y la mitad en diciembre, pero hasta este momento no nos ha llegado el convenio (\u2026) estamos preocupados porque hasta este momento no nos ha llegado el convenio que es obligatorio que se tenga que firmar para que Hacienda pueda radicar esos recursos\u201d, advirti\u00f3.<\/span><\/p>\n<p class=\"x_MsoNormal\" style=\"text-align: justify;\"><span lang=\"ES\" style=\"font-size: 14pt; font-family: arial, helvetica, sans-serif;\"><\/span><\/p>\n<p class=\"x_MsoNormal\" style=\"text-align: justify;\"><span lang=\"ES\" style=\"font-size: 14pt; font-family: arial, helvetica, sans-serif;\">Explic\u00f3 que dicho convenio debe ser firmado por el Rector y por el Gobernador y el Secretario de Finanzas de Gobierno del Estado para enviarse a la Ciudad de M\u00e9xico y lo firmen el Subsecretario de Educaci\u00f3n Superior, Luciano Concheiro y la titular de la Direcci\u00f3n de Educaci\u00f3n Superior Universitaria (DGESU), Carmen Rodr\u00edguez, y ser enviado a la Secretar\u00eda de Hacienda para que esta mande el recurso a la SEP y esta Secretar\u00eda a su vez lo env\u00ede a Gobierno del Estado para que finalmente lo transfiera a la Universidad.<\/span><\/p>\n<p class=\"x_MsoNormal\" style=\"text-align: justify;\"><span lang=\"ES\" style=\"font-size: 14pt; font-family: arial, helvetica, sans-serif;\"><\/span><\/p>\n<p class=\"x_MsoNormal\" style=\"text-align: justify;\"><span lang=\"ES\" style=\"font-size: 14pt; font-family: arial, helvetica, sans-serif;\">Guerra Liera pidi\u00f3 a la comunidad universitaria estar pendiente de todas las gestiones que se est\u00e1n realizando.<\/span><\/p>\n<p class=\"x_MsoNormal\" style=\"text-align: justify;\"><span lang=\"ES\" style=\"font-size: 14pt; font-family: arial, helvetica, sans-serif;\"><\/span><\/p>\n<p class=\"x_MsoNormal\" style=\"text-align: justify;\"><span lang=\"ES\" style=\"font-size: 14pt; font-family: arial, helvetica, sans-serif;\">\u201cEstamos en una gesti\u00f3n permanente, intensa, inclusive el Consejo Universitario est\u00e1 declarado en Sesi\u00f3n permanente esperando noticias de \u00faltimo momento, propuestas que tengamos que discutir y avalar en el Consejo Universitario (\u2026) la gesti\u00f3n no se ha detenido, hemos tenido recepci\u00f3n en el Gobierno Federal e inclusive en el Gobierno Estatal, lo que ser\u00eda aqu\u00ed en lo local es la disposici\u00f3n en el Congreso del Estado para cuando se discuta de qu\u00e9 manera se van a utilizar los recursos que la educaci\u00f3n, en el caso particular la UAS, tenga un apoyo del nivel que se merece\u201d, enfatiz\u00f3.<\/span><\/p>\n<p style=\"text-align: justify;\">&nbsp;<\/p>\n<p style=\"text-align: justify;\"><span style=\"font-size: 14pt; font-family: arial, helvetica, sans-serif;\">REDACCI\u00d3N\/VISI\u00d3N CIUDADANA.<\/span><\/p>\n<\/div>\n<\/div>\n<\/div>\n<\/div>\n<\/div>\n<\/div>\n<\/div>\n<\/div>\n<\/div>\n","protected":false},"excerpt":{"rendered":"<p>&nbsp; La Universidad Aut\u00f3noma de Sinaloa (UAS) se mantiene en una gesti\u00f3n permanente e intensa en la b\u00fasqueda de recursos que le permitan cerrar adecuadamente el a\u00f1o y conseguir un mayor presupuesto para 2021, motivo por el cual el Rector, doctor Juan Eulogio Guerra Liera ya solicit\u00f3 a la Junta de Coordinaci\u00f3n Pol\u00edtica (Jucopo) del [&hellip;]<\/p>\n","protected":false},"author":1,"featured_media":5989,"comment_status":"open","ping_status":"closed","sticky":false,"template":"","format":"standard","meta":{"footnotes":""},"categories":[24],"tags":[],"ppma_author":[31],"class_list":["post-14435","post","type-post","status-publish","format-standard","has-post-thumbnail","hentry","category-relevantes"],"aioseo_notices":[],"authors":[{"term_id":31,"user_id":1,"is_guest":0,"slug":"ivan3vino","display_name":"Iv\u00e1n Trevi\u00f1o","avatar_url":{"url":"https:\/\/visionciudadana.com.mx\/oficial\/wp-content\/uploads\/2025\/09\/columna-ivan-Trevino.png","url2x":"https:\/\/visionciudadana.com.mx\/oficial\/wp-content\/uploads\/2025\/09\/columna-ivan-Trevino.png"},"0":null,"1":"","2":"","3":"","4":"","5":"","6":"","7":"","8":""}],"_links":{"self":[{"href":"https:\/\/visionciudadana.com.mx\/oficial\/wp-json\/wp\/v2\/posts\/14435","targetHints":{"allow":["GET"]}}],"collection":[{"href":"https:\/\/visionciudadana.com.mx\/oficial\/wp-json\/wp\/v2\/posts"}],"about":[{"href":"https:\/\/visionciudadana.com.mx\/oficial\/wp-json\/wp\/v2\/types\/post"}],"author":[{"embeddable":true,"href":"https:\/\/visionciudadana.com.mx\/oficial\/wp-json\/wp\/v2\/users\/1"}],"replies":[{"embeddable":true,"href":"https:\/\/visionciudadana.com.mx\/oficial\/wp-json\/wp\/v2\/comments?post=14435"}],"version-history":[{"count":0,"href":"https:\/\/visionciudadana.com.mx\/oficial\/wp-json\/wp\/v2\/posts\/14435\/revisions"}],"wp:featuredmedia":[{"embeddable":true,"href":"https:\/\/visionciudadana.com.mx\/oficial\/wp-json\/wp\/v2\/media\/5989"}],"wp:attachment":[{"href":"https:\/\/visionciudadana.com.mx\/oficial\/wp-json\/wp\/v2\/media?parent=14435"}],"wp:term":[{"taxonomy":"category","embeddable":true,"href":"https:\/\/visionciudadana.com.mx\/oficial\/wp-json\/wp\/v2\/categories?post=14435"},{"taxonomy":"post_tag","embeddable":true,"href":"https:\/\/visionciudadana.com.mx\/oficial\/wp-json\/wp\/v2\/tags?post=14435"},{"taxonomy":"author","embeddable":true,"href":"https:\/\/visionciudadana.com.mx\/oficial\/wp-json\/wp\/v2\/ppma_author?post=14435"}],"curies":[{"name":"wp","href":"https:\/\/api.w.org\/{rel}","templated":true}]}}