{"id":14434,"date":"2020-11-24T05:59:27","date_gmt":"2020-11-24T05:59:27","guid":{"rendered":"https:\/\/visionciudadana.com.mx\/prueba\/2020\/11\/24\/busca-congreso-dotar-a-sinaloa-de-la-mejor-ley-en-fomento-ganadero\/"},"modified":"2020-11-24T05:59:27","modified_gmt":"2020-11-24T05:59:27","slug":"busca-congreso-dotar-a-sinaloa-de-la-mejor-ley-en-fomento-ganadero","status":"publish","type":"post","link":"https:\/\/visionciudadana.com.mx\/oficial\/2020\/11\/24\/busca-congreso-dotar-a-sinaloa-de-la-mejor-ley-en-fomento-ganadero\/","title":{"rendered":"Busca Congreso dotar a Sinaloa de la mejor Ley en Fomento Ganadero"},"content":{"rendered":"<p style=\"text-align: justify;\">&nbsp;<\/p>\n<p style=\"text-align: justify;\"><img decoding=\"async\" src=\"images\/2020\/NOV20\/busca_congreso.PNG\" alt=\"busca congreso\" style=\"display: block; margin-left: auto; margin-right: auto;\" \/><\/p>\n<p style=\"text-align: justify;\"><span style=\"font-size: 14pt; font-family: arial, helvetica, sans-serif;\">&nbsp;El Congreso del Estado busca dotar a Sinaloa de la mejor Ley en materia de Fomento Ganadero, dijo la diputada Graciela Dom\u00ednguez Nava, presidenta de la Junta de Coordinaci\u00f3n Pol\u00edtica. <\/span><\/p>\n<p style=\"text-align: justify;\">&nbsp;<\/p>\n<p style=\"text-align: justify;\"><span style=\"font-size: 14pt; font-family: arial, helvetica, sans-serif;\">En su mensaje previo a inaugurar el Foro Virtual: An\u00e1lisis de Iniciativas y Propuestas para la Nueva Ley de Fomento Ganadero del Estado de Sinaloa, la diputada destac\u00f3 que a trav\u00e9s de esta actividad, buscan escuchar las opiniones de los productores.<\/span><\/p>\n<p style=\"text-align: justify;\">&nbsp;<\/p>\n<p style=\"text-align: justify;\"><span style=\"font-size: 14pt; font-family: arial, helvetica, sans-serif;\"> \u201cLos invito para que aprovechemos este espacio, para que aprovechemos esta apertura de la Sesenta y Tres Legislatura para no legislar a espaldas de ustedes, que son los conocedores, que son los productores, que son quienes viven de esta actividad y por eso nos interesa que esta nueva ley sea construida con ustedes\u201d. <\/span><\/p>\n<p style=\"text-align: justify;\">&nbsp;<\/p>\n<p style=\"text-align: justify;\"><span style=\"font-size: 14pt; font-family: arial, helvetica, sans-serif;\">Dom\u00ednguez Nava se\u00f1al\u00f3 que la Ley de Desarrollo Ganadero con 17 a\u00f1os de a\u00f1os de vigencia, sin duda requiere actualizarse no s\u00f3lo en relaci\u00f3n a las nuevas pr\u00e1cticas comerciales, sino tambi\u00e9n en funci\u00f3n de las responsabilidades de las autoridades locales y federales. \u201cDe manera particular, creo, en lo que tiene que ver con el estatus sanitario ganadero\u201d, continu\u00f3.<\/span><\/p>\n<p style=\"text-align: justify;\">&nbsp;<\/p>\n<p style=\"text-align: justify;\"><span style=\"font-size: 14pt; font-family: arial, helvetica, sans-serif;\"> Este \u00faltimo asunto, a\u00f1adi\u00f3, desde luego que no es menor considerando que la ganader\u00eda en Sinaloa es una actividad conformada con poco m\u00e1s de 23 mil productores, que tiene a Sinaloa en el quinto lugar nacional del inventario ganadero. <\/span><\/p>\n<p style=\"text-align: justify;\">&nbsp;<\/p>\n<p style=\"text-align: justify;\"><span style=\"font-size: 14pt; font-family: arial, helvetica, sans-serif;\">La presidenta de la Junta de Coordinaci\u00f3n Pol\u00edtica enfatiz\u00f3 que la nueva ley, por supuesto debe fortalecer las responsabilidades locales con respecto a la sanidad ganadera, no s\u00f3lo porque asegura la presencia comercial en el \u00e1mbito internacional, sino porque en s\u00ed misma representa una garant\u00eda para el sano consumo. <\/span><\/p>\n<p style=\"text-align: justify;\">&nbsp;<\/p>\n<p style=\"text-align: justify;\"><span style=\"font-size: 14pt; font-family: arial, helvetica, sans-serif;\">Sin duda, manifest\u00f3, en este foro habr\u00e1n de presentarse las propuestas que se refieran no s\u00f3lo a esos prop\u00f3sitos, sino tambi\u00e9n las que fortalezcan en materia de la planeaci\u00f3n, organizaci\u00f3n, producci\u00f3n, desarrollo, fomento y protecci\u00f3n de todas las actividades pecuarias. <\/span><\/p>\n<p style=\"text-align: justify;\">&nbsp;<\/p>\n<p style=\"text-align: justify;\"><span style=\"font-size: 14pt; font-family: arial, helvetica, sans-serif;\">\u201cNadie mejor que ustedes para aportar propuestas de una nueva legislaci\u00f3n que se ajuste a las necesidades, requerimientos y circunstancias y que d\u00e9 respuesta efectiva a los problemas que hoy enfrenta la ganader\u00eda\u201d, indic\u00f3. <\/span><\/p>\n<p style=\"text-align: justify;\">&nbsp;<\/p>\n<p style=\"text-align: justify;\"><span style=\"font-size: 14pt; font-family: arial, helvetica, sans-serif;\">Agradeci\u00f3 a las y los participantes en este foro su presencia y por brindar sus opiniones para modernizar la norma que le permita a la ganader\u00eda sinaloense estar a la altura de sus necesidades, de los mercados cada m\u00e1s exigentes y desde luego de la salud de los consumidores.<\/span><\/p>\n<p style=\"text-align: justify;\">&nbsp;<\/p>\n<p style=\"text-align: justify;\"><span style=\"font-size: 14pt; font-family: arial, helvetica, sans-serif;\">REDACCI\u00d3N\/VISI\u00d3N CIUDADANA.<\/span><\/p>\n","protected":false},"excerpt":{"rendered":"<p>&nbsp; &nbsp;El Congreso del Estado busca dotar a Sinaloa de la mejor Ley en materia de Fomento Ganadero, dijo la diputada Graciela Dom\u00ednguez Nava, presidenta de la Junta de Coordinaci\u00f3n Pol\u00edtica. &nbsp; En su mensaje previo a inaugurar el Foro Virtual: An\u00e1lisis de Iniciativas y Propuestas para la Nueva Ley de Fomento Ganadero del Estado [&hellip;]<\/p>\n","protected":false},"author":1,"featured_media":5987,"comment_status":"open","ping_status":"closed","sticky":false,"template":"","format":"standard","meta":{"footnotes":""},"categories":[24],"tags":[],"ppma_author":[31],"class_list":["post-14434","post","type-post","status-publish","format-standard","has-post-thumbnail","hentry","category-relevantes"],"aioseo_notices":[],"authors":[{"term_id":31,"user_id":1,"is_guest":0,"slug":"ivan3vino","display_name":"Iv\u00e1n Trevi\u00f1o","avatar_url":{"url":"https:\/\/visionciudadana.com.mx\/oficial\/wp-content\/uploads\/2025\/09\/columna-ivan-Trevino.png","url2x":"https:\/\/visionciudadana.com.mx\/oficial\/wp-content\/uploads\/2025\/09\/columna-ivan-Trevino.png"},"0":null,"1":"","2":"","3":"","4":"","5":"","6":"","7":"","8":""}],"_links":{"self":[{"href":"https:\/\/visionciudadana.com.mx\/oficial\/wp-json\/wp\/v2\/posts\/14434","targetHints":{"allow":["GET"]}}],"collection":[{"href":"https:\/\/visionciudadana.com.mx\/oficial\/wp-json\/wp\/v2\/posts"}],"about":[{"href":"https:\/\/visionciudadana.com.mx\/oficial\/wp-json\/wp\/v2\/types\/post"}],"author":[{"embeddable":true,"href":"https:\/\/visionciudadana.com.mx\/oficial\/wp-json\/wp\/v2\/users\/1"}],"replies":[{"embeddable":true,"href":"https:\/\/visionciudadana.com.mx\/oficial\/wp-json\/wp\/v2\/comments?post=14434"}],"version-history":[{"count":0,"href":"https:\/\/visionciudadana.com.mx\/oficial\/wp-json\/wp\/v2\/posts\/14434\/revisions"}],"wp:featuredmedia":[{"embeddable":true,"href":"https:\/\/visionciudadana.com.mx\/oficial\/wp-json\/wp\/v2\/media\/5987"}],"wp:attachment":[{"href":"https:\/\/visionciudadana.com.mx\/oficial\/wp-json\/wp\/v2\/media?parent=14434"}],"wp:term":[{"taxonomy":"category","embeddable":true,"href":"https:\/\/visionciudadana.com.mx\/oficial\/wp-json\/wp\/v2\/categories?post=14434"},{"taxonomy":"post_tag","embeddable":true,"href":"https:\/\/visionciudadana.com.mx\/oficial\/wp-json\/wp\/v2\/tags?post=14434"},{"taxonomy":"author","embeddable":true,"href":"https:\/\/visionciudadana.com.mx\/oficial\/wp-json\/wp\/v2\/ppma_author?post=14434"}],"curies":[{"name":"wp","href":"https:\/\/api.w.org\/{rel}","templated":true}]}}