{"id":14433,"date":"2020-11-24T05:51:16","date_gmt":"2020-11-24T05:51:16","guid":{"rendered":"https:\/\/visionciudadana.com.mx\/prueba\/2020\/11\/24\/estructura-organizada-del-pri-llevara-a-recuperar-espacios-en-el-2021-cinthia-valenzuela\/"},"modified":"2020-11-24T05:51:16","modified_gmt":"2020-11-24T05:51:16","slug":"estructura-organizada-del-pri-llevara-a-recuperar-espacios-en-el-2021-cinthia-valenzuela","status":"publish","type":"post","link":"https:\/\/visionciudadana.com.mx\/oficial\/2020\/11\/24\/estructura-organizada-del-pri-llevara-a-recuperar-espacios-en-el-2021-cinthia-valenzuela\/","title":{"rendered":"Estructura organizada del PRI llevar\u00e1 a recuperar espacios en el 2021: Cinthia Valenzuela"},"content":{"rendered":"<p dir=\"rtl\">&nbsp;<\/p>\n<p><img decoding=\"async\" src=\"images\/2020\/NOV20\/se_reorganiza.PNG\" alt=\"se reorganiza\" style=\"display: block; margin-left: auto; margin-right: auto;\" \/><\/p>\n<p class=\"x_MsoNormal\" style=\"text-align: justify;\"><span style=\"font-size: 14pt; font-family: arial, helvetica, sans-serif;\">Al instalarse el Consejo Pol\u00edtico Municipal en Choix, para el periodo 2020 -2023, la secretaria general del Comit\u00e9 Directivo Estatal del PRI, Cinthia Valenzuela Langarica, convoc\u00f3 a los priistas a trabajar en unidad ya que dijo \u00abcontamos con una estructura pol\u00edtica y electoral organizada y de trabajo y esto nos llevar\u00e1 a recuperar los espacios en el 2021\u00bb.<\/span><\/p>\n<p style=\"text-align: justify;\">&nbsp;<\/p>\n<p class=\"x_MsoNormal\" style=\"text-align: justify;\"><span style=\"font-size: 14pt; font-family: arial, helvetica, sans-serif;\">En representaci\u00f3n del presidente del PRI, Jes\u00fas Vald\u00e9s Palazuelos, Cinthia Valenzuela reconoci\u00f3 el trabajo de la dirigencia municipal, encabezada por Ricarda del Carmen P\u00e9rez Atondo y Fredy Vel\u00e1zquez; as\u00ed como del respaldo de la militancia a las acciones realizadas por el partido.<\/span><\/p>\n<p style=\"text-align: justify;\">&nbsp;<\/p>\n<p class=\"x_MsoNormal\" style=\"text-align: justify;\"><span style=\"font-size: 14pt; font-family: arial, helvetica, sans-serif;\">Durante la sesi\u00f3n de consejo, se tom\u00f3 la protesta a \u00c1ngel Sergio Villalba Atondo, como secretario t\u00e9cnico; asimismo, se formaron las comisiones de pol\u00edtica permanente, presupuesto y fiscalizaci\u00f3n, financiamiento y de procesos internos.<\/span><\/p>\n<p style=\"text-align: justify;\">&nbsp;<\/p>\n<p class=\"x_MsoNormal\" style=\"text-align: justify;\"><span style=\"font-size: 14pt; font-family: arial, helvetica, sans-serif;\">En el marco del Consejo Pol\u00edtico, la secretaria general, Cinthia Valenzuela en compa\u00f1\u00eda de la dirigencia municipal y de Leonel Vega, delegado del PRI en Choix, reconocieron el gran trabajo que realiz\u00f3 en vida, el secretario de procesos internos, Jes\u00fas Garc\u00eda Navarro, el cual fue recibido por su hija Anabel Garc\u00eda Paredes.<\/span><\/p>\n<p style=\"text-align: justify;\">&nbsp;<\/p>\n<p style=\"text-align: justify;\">&nbsp;<\/p>\n<p style=\"text-align: justify;\"><span style=\"font-size: 14pt; font-family: arial, helvetica, sans-serif;\">REDACCI\u00d3N\/VISI\u00d3N CIUDADANA.<\/span><\/p>\n<div style=\"text-align: justify;\"><span style=\"font-size: 14pt; font-family: arial, helvetica, sans-serif;\"><\/span><\/div>\n","protected":false},"excerpt":{"rendered":"<p>&nbsp; Al instalarse el Consejo Pol\u00edtico Municipal en Choix, para el periodo 2020 -2023, la secretaria general del Comit\u00e9 Directivo Estatal del PRI, Cinthia Valenzuela Langarica, convoc\u00f3 a los priistas a trabajar en unidad ya que dijo \u00abcontamos con una estructura pol\u00edtica y electoral organizada y de trabajo y esto nos llevar\u00e1 a recuperar los [&hellip;]<\/p>\n","protected":false},"author":1,"featured_media":5985,"comment_status":"open","ping_status":"closed","sticky":false,"template":"","format":"standard","meta":{"footnotes":""},"categories":[24],"tags":[],"ppma_author":[31],"class_list":["post-14433","post","type-post","status-publish","format-standard","has-post-thumbnail","hentry","category-relevantes"],"aioseo_notices":[],"authors":[{"term_id":31,"user_id":1,"is_guest":0,"slug":"ivan3vino","display_name":"Iv\u00e1n Trevi\u00f1o","avatar_url":{"url":"https:\/\/visionciudadana.com.mx\/oficial\/wp-content\/uploads\/2025\/09\/columna-ivan-Trevino.png","url2x":"https:\/\/visionciudadana.com.mx\/oficial\/wp-content\/uploads\/2025\/09\/columna-ivan-Trevino.png"},"0":null,"1":"","2":"","3":"","4":"","5":"","6":"","7":"","8":""}],"_links":{"self":[{"href":"https:\/\/visionciudadana.com.mx\/oficial\/wp-json\/wp\/v2\/posts\/14433","targetHints":{"allow":["GET"]}}],"collection":[{"href":"https:\/\/visionciudadana.com.mx\/oficial\/wp-json\/wp\/v2\/posts"}],"about":[{"href":"https:\/\/visionciudadana.com.mx\/oficial\/wp-json\/wp\/v2\/types\/post"}],"author":[{"embeddable":true,"href":"https:\/\/visionciudadana.com.mx\/oficial\/wp-json\/wp\/v2\/users\/1"}],"replies":[{"embeddable":true,"href":"https:\/\/visionciudadana.com.mx\/oficial\/wp-json\/wp\/v2\/comments?post=14433"}],"version-history":[{"count":0,"href":"https:\/\/visionciudadana.com.mx\/oficial\/wp-json\/wp\/v2\/posts\/14433\/revisions"}],"wp:featuredmedia":[{"embeddable":true,"href":"https:\/\/visionciudadana.com.mx\/oficial\/wp-json\/wp\/v2\/media\/5985"}],"wp:attachment":[{"href":"https:\/\/visionciudadana.com.mx\/oficial\/wp-json\/wp\/v2\/media?parent=14433"}],"wp:term":[{"taxonomy":"category","embeddable":true,"href":"https:\/\/visionciudadana.com.mx\/oficial\/wp-json\/wp\/v2\/categories?post=14433"},{"taxonomy":"post_tag","embeddable":true,"href":"https:\/\/visionciudadana.com.mx\/oficial\/wp-json\/wp\/v2\/tags?post=14433"},{"taxonomy":"author","embeddable":true,"href":"https:\/\/visionciudadana.com.mx\/oficial\/wp-json\/wp\/v2\/ppma_author?post=14433"}],"curies":[{"name":"wp","href":"https:\/\/api.w.org\/{rel}","templated":true}]}}