{"id":14420,"date":"2020-11-19T04:07:34","date_gmt":"2020-11-19T04:07:34","guid":{"rendered":"https:\/\/visionciudadana.com.mx\/prueba\/2020\/11\/19\/quirinoun-gobernador-un-icono-y-referente-nacional-para-el-priismo-jesus-valdes\/"},"modified":"2020-11-19T04:07:34","modified_gmt":"2020-11-19T04:07:34","slug":"quirinoun-gobernador-un-icono-y-referente-nacional-para-el-priismo-jesus-valdes","status":"publish","type":"post","link":"https:\/\/visionciudadana.com.mx\/oficial\/2020\/11\/19\/quirinoun-gobernador-un-icono-y-referente-nacional-para-el-priismo-jesus-valdes\/","title":{"rendered":"Quirino,un gobernador un icono y referente nacional para el priismo: Jes\u00fas Vald\u00e9s"},"content":{"rendered":"<p><img decoding=\"async\" src=\"images\/2020\/NOV20\/informe_kiri.PNG\" alt=\"informe kiri\" style=\"display: block; margin-left: auto; margin-right: auto;\" \/><\/p>\n<p class=\"x_MsoNormal\" style=\"text-align: justify;\"><span style=\"font-size: 14pt; font-family: arial, helvetica, sans-serif;\">La situaci\u00f3n actual ocasionada por la falta de sensibilidad y de recursos econ\u00f3micos por parte del gobierno federal, no impidi\u00f3 que el gobernador Quirino Ordaz Coppel, sacara adelante al estado y confirmara, a trav\u00e9s de su cuarto informe, c\u00f3mo s\u00ed cumpli\u00f3 las metas y, sobre todo, no le fallara a las y los sinaloenses, afirm\u00f3 Jes\u00fas Vald\u00e9s Palazuelos.<\/span><\/p>\n<p style=\"text-align: justify;\">&nbsp;<\/p>\n<p class=\"x_MsoNormal\" style=\"text-align: justify;\"><span style=\"font-size: 14pt; font-family: arial, helvetica, sans-serif;\">Sobre este cuarto informe, el presidente del PRI Sinaloa, reconoci\u00f3 al gobernador Quirino Ordaz, a quien describi\u00f3 como un hombre de trabajo que a trav\u00e9s de sus acciones muestra un gobierno que es el m\u00e1s exitoso y mejor evaluado de M\u00e9xico.<\/span><\/p>\n<p style=\"text-align: justify;\">&nbsp;<\/p>\n<p class=\"x_MsoNormal\" style=\"text-align: justify;\"><span style=\"font-size: 14pt; font-family: arial, helvetica, sans-serif;\">Jes\u00fas Vald\u00e9s tambi\u00e9n record\u00f3, que el gobernador no falt\u00f3 a su palabra cuando se comprometi\u00f3 a ser el gobernador de las colonias y las sindicaturas.<\/span><\/p>\n<p style=\"text-align: justify;\">&nbsp;<\/p>\n<p class=\"x_MsoNormal\" style=\"text-align: justify;\"><span style=\"font-size: 14pt; font-family: arial, helvetica, sans-serif;\">Quirino es un gobernador de retos, sus acciones lo confirman, resalt\u00f3, \u00abel desarrollo del estado lo ubica como un ejemplo del progreso y los resultados positivos en todos los rubros; en definitiva: lo que promete, lo cumple\u00bb puntualiz\u00f3 Jes\u00fas Vald\u00e9s Palazuelos.<\/span><\/p>\n<p style=\"text-align: justify;\">&nbsp;<\/p>\n<p style=\"text-align: justify;\">&nbsp;<\/p>\n<p style=\"text-align: justify;\"><span style=\"font-size: 14pt; font-family: arial, helvetica, sans-serif;\">REDACCI\u00d3N\/VISI\u00d3N CIUDADANA.<\/span><\/p>\n<div style=\"text-align: justify;\"><span style=\"font-size: 14pt; font-family: arial, helvetica, sans-serif;\"><\/span><\/div>\n<p style=\"text-align: justify;\"><span style=\"font-size: 14pt; font-family: arial, helvetica, sans-serif;\"><\/span><\/p>\n","protected":false},"excerpt":{"rendered":"<p>La situaci\u00f3n actual ocasionada por la falta de sensibilidad y de recursos econ\u00f3micos por parte del gobierno federal, no impidi\u00f3 que el gobernador Quirino Ordaz Coppel, sacara adelante al estado y confirmara, a trav\u00e9s de su cuarto informe, c\u00f3mo s\u00ed cumpli\u00f3 las metas y, sobre todo, no le fallara a las y los sinaloenses, afirm\u00f3 [&hellip;]<\/p>\n","protected":false},"author":1,"featured_media":5970,"comment_status":"open","ping_status":"closed","sticky":false,"template":"","format":"standard","meta":{"footnotes":""},"categories":[24],"tags":[],"ppma_author":[31],"class_list":["post-14420","post","type-post","status-publish","format-standard","has-post-thumbnail","hentry","category-relevantes"],"aioseo_notices":[],"authors":[{"term_id":31,"user_id":1,"is_guest":0,"slug":"ivan3vino","display_name":"Iv\u00e1n Trevi\u00f1o","avatar_url":{"url":"https:\/\/visionciudadana.com.mx\/oficial\/wp-content\/uploads\/2025\/09\/columna-ivan-Trevino.png","url2x":"https:\/\/visionciudadana.com.mx\/oficial\/wp-content\/uploads\/2025\/09\/columna-ivan-Trevino.png"},"0":null,"1":"","2":"","3":"","4":"","5":"","6":"","7":"","8":""}],"_links":{"self":[{"href":"https:\/\/visionciudadana.com.mx\/oficial\/wp-json\/wp\/v2\/posts\/14420","targetHints":{"allow":["GET"]}}],"collection":[{"href":"https:\/\/visionciudadana.com.mx\/oficial\/wp-json\/wp\/v2\/posts"}],"about":[{"href":"https:\/\/visionciudadana.com.mx\/oficial\/wp-json\/wp\/v2\/types\/post"}],"author":[{"embeddable":true,"href":"https:\/\/visionciudadana.com.mx\/oficial\/wp-json\/wp\/v2\/users\/1"}],"replies":[{"embeddable":true,"href":"https:\/\/visionciudadana.com.mx\/oficial\/wp-json\/wp\/v2\/comments?post=14420"}],"version-history":[{"count":0,"href":"https:\/\/visionciudadana.com.mx\/oficial\/wp-json\/wp\/v2\/posts\/14420\/revisions"}],"wp:featuredmedia":[{"embeddable":true,"href":"https:\/\/visionciudadana.com.mx\/oficial\/wp-json\/wp\/v2\/media\/5970"}],"wp:attachment":[{"href":"https:\/\/visionciudadana.com.mx\/oficial\/wp-json\/wp\/v2\/media?parent=14420"}],"wp:term":[{"taxonomy":"category","embeddable":true,"href":"https:\/\/visionciudadana.com.mx\/oficial\/wp-json\/wp\/v2\/categories?post=14420"},{"taxonomy":"post_tag","embeddable":true,"href":"https:\/\/visionciudadana.com.mx\/oficial\/wp-json\/wp\/v2\/tags?post=14420"},{"taxonomy":"author","embeddable":true,"href":"https:\/\/visionciudadana.com.mx\/oficial\/wp-json\/wp\/v2\/ppma_author?post=14420"}],"curies":[{"name":"wp","href":"https:\/\/api.w.org\/{rel}","templated":true}]}}