{"id":14419,"date":"2020-11-19T04:01:36","date_gmt":"2020-11-19T04:01:36","guid":{"rendered":"https:\/\/visionciudadana.com.mx\/prueba\/2020\/11\/19\/necesario-modificar-actitudes-discriminatorias-para-empoderar-a-las-mujeres\/"},"modified":"2020-11-19T04:01:36","modified_gmt":"2020-11-19T04:01:36","slug":"necesario-modificar-actitudes-discriminatorias-para-empoderar-a-las-mujeres","status":"publish","type":"post","link":"https:\/\/visionciudadana.com.mx\/oficial\/2020\/11\/19\/necesario-modificar-actitudes-discriminatorias-para-empoderar-a-las-mujeres\/","title":{"rendered":"Necesario modificar actitudes discriminatorias para empoderar a las mujeres"},"content":{"rendered":"<p><img decoding=\"async\" src=\"images\/2020\/NOV20\/discfriminacion_a_mujer.PNG\" alt=\"discfriminacion a mujer\" style=\"display: block; margin-left: auto; margin-right: auto;\" \/><\/p>\n<p class=\"x_MsoNormal\" style=\"text-align: justify;\" align=\"center\"><span style=\"font-size: 14pt; font-family: arial, helvetica, sans-serif;\"><b>&nbsp;<\/b><\/span><\/p>\n<p class=\"x_MsoNormal\" style=\"text-align: justify;\"><span style=\"font-size: 14pt; font-family: arial, helvetica, sans-serif;\">En el Partido Revolucionario Institucional (PRI) \u201cqueremos contribuir a la creaci\u00f3n de las condiciones necesarias para el empoderamiento real de las mujeres, en un entorno de respeto hacia ellas\u201d, afirm\u00f3 el Presidente del Comit\u00e9 Ejecutivo Nacional (CEN) de este instituto pol\u00edtico, Alejandro Moreno, al iniciar una campa\u00f1a para generar conciencia sobre la importancia de modificar actitudes y comportamientos excluyentes y discriminatorios.<\/span><\/p>\n<p style=\"text-align: justify;\">&nbsp;<\/p>\n<p class=\"x_MsoNormal\" style=\"text-align: justify;\"><span style=\"font-size: 14pt; font-family: arial, helvetica, sans-serif;\">La campa\u00f1a realizada en el marco del Programa de Capacitaci\u00f3n, Promoci\u00f3n y Desarrollo de Liderazgo Pol\u00edtico de las Mujeres, asever\u00f3, es necesario combatir estereotipos y obst\u00e1culos a la participaci\u00f3n, no s\u00f3lo pol\u00edtica, sino en todos los espacios en los cuales a diario se desenvuelven.<\/span><\/p>\n<p style=\"text-align: justify;\">&nbsp;<\/p>\n<p class=\"x_MsoNormal\" style=\"text-align: justify;\"><span style=\"font-size: 14pt; font-family: arial, helvetica, sans-serif;\">Acompa\u00f1ado por Montserrat Arcos Vel\u00e1zquez, Presidenta del CEN del Organismo Nacional de Mujeres Priistas (ONMPRI), en el primero de una serie de 16 videos que se subir\u00e1n a las redes sociales de este organismo, el dirigente nacional ratific\u00f3 que las mujeres son las causas de M\u00e9xico, y las causas de M\u00e9xico son las causas del PRI.<\/span><\/p>\n<p style=\"text-align: justify;\">&nbsp;<\/p>\n<p class=\"x_MsoNormal\" style=\"text-align: justify;\"><span style=\"font-size: 14pt; font-family: arial, helvetica, sans-serif;\">El l\u00edder priista destac\u00f3 que en el tricolor \u201cestamos seguros que alentando cambios graduales, que promuevan su protecci\u00f3n, seguridad, desarrollo, empoderamiento y ejercicio efectivo de sus derechos, fortaleceremos la posici\u00f3n, condici\u00f3n y el reconocimiento de todas las mujeres de M\u00e9xico\u201d.<\/span><\/p>\n<p style=\"text-align: justify;\">&nbsp;<\/p>\n<p class=\"x_MsoNormal\" style=\"text-align: justify;\"><span style=\"font-size: 14pt; font-family: arial, helvetica, sans-serif;\">Por su parte, Montserrat Arcos Vel\u00e1zquez se\u00f1al\u00f3 que en particular la violencia pol\u00edtica, en raz\u00f3n de g\u00e9nero, atenta contra el proyecto de vida y derechos pol\u00edticos y electorales de las mujeres.<\/span><\/p>\n<p style=\"text-align: justify;\">&nbsp;<\/p>\n<p class=\"x_MsoNormal\" style=\"text-align: justify;\"><span style=\"font-size: 14pt; font-family: arial, helvetica, sans-serif;\">Por ello, la dirigente nacional del ONMPRI expuso que la prevenci\u00f3n y su combate debe ser el resultado de la promoci\u00f3n de una cultura de reconocimiento y respeto hacia el sector, y que aliente al mismo tiempo el desarrollo de sus capacidades, no s\u00f3lo en la actividad pol\u00edtica, sino en todos los \u00e1mbitos de sus vidas.<\/span><\/p>\n<p style=\"text-align: justify;\">&nbsp;<\/p>\n<p style=\"text-align: justify;\">&nbsp;<\/p>\n<p style=\"text-align: justify;\"><span style=\"font-size: 14pt; font-family: arial, helvetica, sans-serif;\">REDACCI\u00d3N\/VISION CIUDADANA.<\/span><\/p>\n","protected":false},"excerpt":{"rendered":"<p>&nbsp; En el Partido Revolucionario Institucional (PRI) \u201cqueremos contribuir a la creaci\u00f3n de las condiciones necesarias para el empoderamiento real de las mujeres, en un entorno de respeto hacia ellas\u201d, afirm\u00f3 el Presidente del Comit\u00e9 Ejecutivo Nacional (CEN) de este instituto pol\u00edtico, Alejandro Moreno, al iniciar una campa\u00f1a para generar conciencia sobre la importancia de [&hellip;]<\/p>\n","protected":false},"author":1,"featured_media":5968,"comment_status":"open","ping_status":"closed","sticky":false,"template":"","format":"standard","meta":{"footnotes":""},"categories":[24],"tags":[],"ppma_author":[31],"class_list":["post-14419","post","type-post","status-publish","format-standard","has-post-thumbnail","hentry","category-relevantes"],"aioseo_notices":[],"authors":[{"term_id":31,"user_id":1,"is_guest":0,"slug":"ivan3vino","display_name":"Iv\u00e1n Trevi\u00f1o","avatar_url":{"url":"https:\/\/visionciudadana.com.mx\/oficial\/wp-content\/uploads\/2025\/09\/columna-ivan-Trevino.png","url2x":"https:\/\/visionciudadana.com.mx\/oficial\/wp-content\/uploads\/2025\/09\/columna-ivan-Trevino.png"},"0":null,"1":"","2":"","3":"","4":"","5":"","6":"","7":"","8":""}],"_links":{"self":[{"href":"https:\/\/visionciudadana.com.mx\/oficial\/wp-json\/wp\/v2\/posts\/14419","targetHints":{"allow":["GET"]}}],"collection":[{"href":"https:\/\/visionciudadana.com.mx\/oficial\/wp-json\/wp\/v2\/posts"}],"about":[{"href":"https:\/\/visionciudadana.com.mx\/oficial\/wp-json\/wp\/v2\/types\/post"}],"author":[{"embeddable":true,"href":"https:\/\/visionciudadana.com.mx\/oficial\/wp-json\/wp\/v2\/users\/1"}],"replies":[{"embeddable":true,"href":"https:\/\/visionciudadana.com.mx\/oficial\/wp-json\/wp\/v2\/comments?post=14419"}],"version-history":[{"count":0,"href":"https:\/\/visionciudadana.com.mx\/oficial\/wp-json\/wp\/v2\/posts\/14419\/revisions"}],"wp:featuredmedia":[{"embeddable":true,"href":"https:\/\/visionciudadana.com.mx\/oficial\/wp-json\/wp\/v2\/media\/5968"}],"wp:attachment":[{"href":"https:\/\/visionciudadana.com.mx\/oficial\/wp-json\/wp\/v2\/media?parent=14419"}],"wp:term":[{"taxonomy":"category","embeddable":true,"href":"https:\/\/visionciudadana.com.mx\/oficial\/wp-json\/wp\/v2\/categories?post=14419"},{"taxonomy":"post_tag","embeddable":true,"href":"https:\/\/visionciudadana.com.mx\/oficial\/wp-json\/wp\/v2\/tags?post=14419"},{"taxonomy":"author","embeddable":true,"href":"https:\/\/visionciudadana.com.mx\/oficial\/wp-json\/wp\/v2\/ppma_author?post=14419"}],"curies":[{"name":"wp","href":"https:\/\/api.w.org\/{rel}","templated":true}]}}