{"id":14415,"date":"2020-11-19T03:46:34","date_gmt":"2020-11-19T03:46:34","guid":{"rendered":"https:\/\/visionciudadana.com.mx\/prueba\/2020\/11\/19\/congreso-del-estado-actua-de-manera-irresponsable-y-dandole-la-espalda-a-la-poblacion\/"},"modified":"2020-11-19T03:46:34","modified_gmt":"2020-11-19T03:46:34","slug":"congreso-del-estado-actua-de-manera-irresponsable-y-dandole-la-espalda-a-la-poblacion","status":"publish","type":"post","link":"https:\/\/visionciudadana.com.mx\/oficial\/2020\/11\/19\/congreso-del-estado-actua-de-manera-irresponsable-y-dandole-la-espalda-a-la-poblacion\/","title":{"rendered":"Congreso del Estado act\u00faa de manera irresponsable y d\u00e1ndole la espalda a la poblaci\u00f3n"},"content":{"rendered":"<div style=\"text-align: justify;\"><img decoding=\"async\" src=\"images\/2020\/NOV20\/congre_pas.PNG\" alt=\"congre pas\" style=\"display: block; margin-left: auto; margin-right: auto;\" \/><br \/><span style=\"font-size: 14pt;\"><\/span><br \/><span style=\"font-size: 14pt;\">El H. Congreso del Estado de nueva cuenta ignor\u00f3 el dictamen del Tribunal Estatal Electoral de Sinaloa para que la Comisi\u00f3n de Puntos Constitucionales y Gobernaci\u00f3n dictamine la iniciativa presentada por el Partido Sinaloense que propone llevar al Congreso de la Uni\u00f3n cambios a la Ley de la Industria El\u00e9ctrica para que en Sinaloa se apliquen de manera permanente la tarifa 1F y se ampli\u00e9 el subsidio a 8 meses, de abril a noviembre.<\/span><\/div>\n<div style=\"text-align: justify;\">\n<p><span style=\"font-size: 14pt;\">Por tal raz\u00f3n se volvi\u00f3 a interponer un recurso de incidencia de inejecuci\u00f3n de sentencia,&nbsp;que otorgue a los diputados 10 d\u00edas para dictaminar esta iniciativa y as\u00ed poder presentarla ante el Congreso, manifest\u00f3 el presidente del Partido Sinaloense, H\u00e9ctor Melesio Cu\u00e9n Ojeda.<\/span><\/div>\n<div style=\"text-align: justify;\">\n<p><span style=\"font-size: 14pt;\">\u201cMuchos estados de la rep\u00fablica se han visto en la necesidad de endurecer las medidas preventivas para evitar los contagios \u00b4por coronavirus, el uso del cubrebocas es fundamental en esta guerra contra la pandemia; Sonora, Chihuahua, Durango, Colima ya legislaron para hacer obligatorio el cubrebocas en lugares p\u00fablicos, mientras que aqu\u00ed en nuestro estado los diputados siguen ignorando la iniciativa presentada por la diputada Ang\u00e9lica D\u00edaz Qui\u00f1onez y el Dr. V\u00edctor Antonio Corrales Burgue\u00f1o, la cual fue respaldada por m\u00e1s de 100 mil firmas de ciudadanos de Sinaloa que si quieren que se apruebe esta propuesta\u201d, manifest\u00f3 H\u00e9ctor Melesio Cu\u00e9n Ojeda.<\/span><\/div>\n<div style=\"text-align: justify;\">\n<p><span style=\"font-size: 14pt;\">Los estados que desde abril han llamado para usar el cubrebocas son Aguascalientes, Campeche, Coahuila, Chihuahua, Ciudad de M\u00e9xico, Durango, Hidalgo, Jalisco, Estado de M\u00e9xico, Michoac\u00e1n, Morelos, Nuevo Le\u00f3n, Oaxaca, Puebla, Quintana Roo, Tabasco, Tamaulipas, Yucat\u00e1n y Zacatecas, con esta medida han salvado a miles de ciudadanos de no contagiarse de esta terrible enfermedad.<\/span><\/div>\n<div style=\"text-align: justify;\">\n<p><span style=\"font-family: arial, helvetica, sans-serif; font-size: 14pt;\">Por otro lado, la convocatoria de plataforma electoral \u201cSinaloa Quiere\u2026\u201d, que el Partido Sinaloense public\u00f3 para que los ciudadanos sinaloenses participaran ha tenido una excelente respuesta, pues m\u00e1s de 1,527 propuestas se han recibido en los 18 Comit\u00e9s Directivos Municipales de todo el estado.<\/span><\/div>\n<div style=\"text-align: justify;\">\n<p><span style=\"font-family: arial, helvetica, sans-serif; font-size: 14pt;\">\u201cEn los pr\u00f3ximos d\u00edas tendremos la oportunidad de escuchar a los ciudadanos que han presentado estas propuestas para enriquecer la plataforma \u201cSinaloa Quiere\u2026\u201d en el Encuentro Estatal de Participaci\u00f3n Ciudadana, con los temas de: Desarrollo Econ\u00f3mico y Competitividad Regional; Seguridad P\u00fablica y Gobierno; y, Pol\u00edtica Social y Desarrollo Humano, estar\u00e1 abierto a toda persona que quiera participar y ser parte de este gran cambio que necesita Sinaloa\u201d, expres\u00f3 H\u00e9ctor Melesio Cu\u00e9n Ojeda<\/span><\/div>\n<div style=\"text-align: justify;\">&nbsp;<\/div>\n<div style=\"text-align: justify;\">&nbsp;<\/div>\n<div style=\"text-align: justify;\"><span style=\"font-family: arial, helvetica, sans-serif; font-size: 14pt;\">REDACCI\u00d3N\/VISI\u00d3N CIUDADANA.<\/span><\/div>\n","protected":false},"excerpt":{"rendered":"<p>El H. Congreso del Estado de nueva cuenta ignor\u00f3 el dictamen del Tribunal Estatal Electoral de Sinaloa para que la Comisi\u00f3n de Puntos Constitucionales y Gobernaci\u00f3n dictamine la iniciativa presentada por el Partido Sinaloense que propone llevar al Congreso de la Uni\u00f3n cambios a la Ley de la Industria El\u00e9ctrica para que en Sinaloa se [&hellip;]<\/p>\n","protected":false},"author":1,"featured_media":5960,"comment_status":"open","ping_status":"closed","sticky":false,"template":"","format":"standard","meta":{"footnotes":""},"categories":[24],"tags":[],"ppma_author":[31],"class_list":["post-14415","post","type-post","status-publish","format-standard","has-post-thumbnail","hentry","category-relevantes"],"aioseo_notices":[],"authors":[{"term_id":31,"user_id":1,"is_guest":0,"slug":"ivan3vino","display_name":"Iv\u00e1n Trevi\u00f1o","avatar_url":{"url":"https:\/\/visionciudadana.com.mx\/oficial\/wp-content\/uploads\/2025\/09\/columna-ivan-Trevino.png","url2x":"https:\/\/visionciudadana.com.mx\/oficial\/wp-content\/uploads\/2025\/09\/columna-ivan-Trevino.png"},"0":null,"1":"","2":"","3":"","4":"","5":"","6":"","7":"","8":""}],"_links":{"self":[{"href":"https:\/\/visionciudadana.com.mx\/oficial\/wp-json\/wp\/v2\/posts\/14415","targetHints":{"allow":["GET"]}}],"collection":[{"href":"https:\/\/visionciudadana.com.mx\/oficial\/wp-json\/wp\/v2\/posts"}],"about":[{"href":"https:\/\/visionciudadana.com.mx\/oficial\/wp-json\/wp\/v2\/types\/post"}],"author":[{"embeddable":true,"href":"https:\/\/visionciudadana.com.mx\/oficial\/wp-json\/wp\/v2\/users\/1"}],"replies":[{"embeddable":true,"href":"https:\/\/visionciudadana.com.mx\/oficial\/wp-json\/wp\/v2\/comments?post=14415"}],"version-history":[{"count":0,"href":"https:\/\/visionciudadana.com.mx\/oficial\/wp-json\/wp\/v2\/posts\/14415\/revisions"}],"wp:featuredmedia":[{"embeddable":true,"href":"https:\/\/visionciudadana.com.mx\/oficial\/wp-json\/wp\/v2\/media\/5960"}],"wp:attachment":[{"href":"https:\/\/visionciudadana.com.mx\/oficial\/wp-json\/wp\/v2\/media?parent=14415"}],"wp:term":[{"taxonomy":"category","embeddable":true,"href":"https:\/\/visionciudadana.com.mx\/oficial\/wp-json\/wp\/v2\/categories?post=14415"},{"taxonomy":"post_tag","embeddable":true,"href":"https:\/\/visionciudadana.com.mx\/oficial\/wp-json\/wp\/v2\/tags?post=14415"},{"taxonomy":"author","embeddable":true,"href":"https:\/\/visionciudadana.com.mx\/oficial\/wp-json\/wp\/v2\/ppma_author?post=14415"}],"curies":[{"name":"wp","href":"https:\/\/api.w.org\/{rel}","templated":true}]}}