{"id":14414,"date":"2020-11-19T03:40:31","date_gmt":"2020-11-19T03:40:31","guid":{"rendered":"https:\/\/visionciudadana.com.mx\/prueba\/2020\/11\/19\/quirino-designa-nueva-secretaria-de-desarrollo-sustentable\/"},"modified":"2020-11-19T03:40:31","modified_gmt":"2020-11-19T03:40:31","slug":"quirino-designa-nueva-secretaria-de-desarrollo-sustentable","status":"publish","type":"post","link":"https:\/\/visionciudadana.com.mx\/oficial\/2020\/11\/19\/quirino-designa-nueva-secretaria-de-desarrollo-sustentable\/","title":{"rendered":"Quirino designa nueva secretaria de Desarrollo Sustentable"},"content":{"rendered":"<p style=\"text-align: justify;\"><img decoding=\"async\" src=\"images\/2020\/NOV20\/nueva_en_sedesu.PNG\" alt=\"nueva en sedesu\" style=\"display: block; margin-left: auto; margin-right: auto;\" \/><\/p>\n<p class=\"x_MsoNormal\" style=\"text-align: justify;\"><span style=\"font-size: 14pt; font-family: arial, helvetica, sans-serif;\"><span lang=\"ES-TRAD\"><\/span>El gobernador Quirino Ordaz Coppel design\u00f3 a Rosa Isabel Mendoza Camacho, como nueva secretaria de Desarrollo Sustentable, en sustituci\u00f3n de Carlos Gandarilla Garc\u00eda, quien la semana pasada present\u00f3 su renuncia al cargo.<\/span><\/p>\n<p class=\"x_MsoNormal\" style=\"text-align: justify;\"><span lang=\"ES-TRAD\" style=\"font-size: 14pt; font-family: arial, helvetica, sans-serif;\"><\/span><\/p>\n<p class=\"x_MsoNormal\" style=\"text-align: justify;\"><span lang=\"ES-TRAD\" style=\"font-size: 14pt; font-family: arial, helvetica, sans-serif;\">Antes de tomarle la protesta de ley, el mandatario estatal destac\u00f3 que la nueva secretaria es una mujer joven, con una vasta experiencia en el campo, pues hasta este momento se desempe\u00f1aba como subsecretaria del Medio Ambiente en la propia Secretar\u00eda de Desarrollo Sustentable, y anteriormente con una larga trayectoria en la Delegaci\u00f3n de la Secretar\u00eda del Medio Ambiente y Recursos Naturales, en tres diferentes sexenios.<\/span><\/p>\n<p class=\"x_MsoNormal\" style=\"text-align: justify;\"><span lang=\"ES-TRAD\" style=\"font-size: 14pt; font-family: arial, helvetica, sans-serif;\"><\/span><\/p>\n<p class=\"x_MsoNormal\" style=\"text-align: justify;\"><span lang=\"ES-TRAD\" style=\"font-size: 14pt; font-family: arial, helvetica, sans-serif;\">\u201cEs una mujer luchona, entrona, echada para adelante, y es adem\u00e1s una mujer que tiene mucha experiencia en el terreno del medio ambiente, ella tiene ya muchos a\u00f1os trabajando en lo que fue la Semarnat aqu\u00ed en Sinaloa, y desde que fue creada la Secretar\u00eda de Desarrollo Sustentable ella particip\u00f3 en toda la organizaci\u00f3n de la dependencia, al lado de Martha Robles y despu\u00e9s de Carlos Gandarilla, con quienes se desempe\u00f1\u00f3 con mucha consistencia y una gran actitud\u201d, dijo.<\/span><\/p>\n<p class=\"x_MsoNormal\" style=\"text-align: justify;\"><span lang=\"ES-TRAD\" style=\"font-size: 14pt; font-family: arial, helvetica, sans-serif;\"><\/span><\/p>\n<p class=\"x_MsoNormal\" style=\"text-align: justify;\"><span lang=\"ES-TRAD\" style=\"font-size: 14pt; font-family: arial, helvetica, sans-serif;\">Por ello, el gobernador Quirino Ordaz Coppel consider\u00f3 que fue la mejor opci\u00f3n para ocupar la titularidad de esta Secretar\u00eda, debido a su capacidad y experiencia que la distinguen para desempe\u00f1ar esta nueva responsabilidad de la mejor manera posible.<\/span><\/p>\n<p style=\"text-align: justify;\">&nbsp;<\/p>\n<p style=\"text-align: justify;\"><span style=\"font-size: 14pt; font-family: arial, helvetica, sans-serif;\">REDACCI\u00d3N\/VISI\u00d3N CIUDADANA.<\/span><\/p>\n","protected":false},"excerpt":{"rendered":"<p>El gobernador Quirino Ordaz Coppel design\u00f3 a Rosa Isabel Mendoza Camacho, como nueva secretaria de Desarrollo Sustentable, en sustituci\u00f3n de Carlos Gandarilla Garc\u00eda, quien la semana pasada present\u00f3 su renuncia al cargo. Antes de tomarle la protesta de ley, el mandatario estatal destac\u00f3 que la nueva secretaria es una mujer joven, con una vasta experiencia [&hellip;]<\/p>\n","protected":false},"author":1,"featured_media":5958,"comment_status":"open","ping_status":"closed","sticky":false,"template":"","format":"standard","meta":{"footnotes":""},"categories":[24],"tags":[],"ppma_author":[31],"class_list":["post-14414","post","type-post","status-publish","format-standard","has-post-thumbnail","hentry","category-relevantes"],"aioseo_notices":[],"authors":[{"term_id":31,"user_id":1,"is_guest":0,"slug":"ivan3vino","display_name":"Iv\u00e1n Trevi\u00f1o","avatar_url":{"url":"https:\/\/visionciudadana.com.mx\/oficial\/wp-content\/uploads\/2025\/09\/columna-ivan-Trevino.png","url2x":"https:\/\/visionciudadana.com.mx\/oficial\/wp-content\/uploads\/2025\/09\/columna-ivan-Trevino.png"},"0":null,"1":"","2":"","3":"","4":"","5":"","6":"","7":"","8":""}],"_links":{"self":[{"href":"https:\/\/visionciudadana.com.mx\/oficial\/wp-json\/wp\/v2\/posts\/14414","targetHints":{"allow":["GET"]}}],"collection":[{"href":"https:\/\/visionciudadana.com.mx\/oficial\/wp-json\/wp\/v2\/posts"}],"about":[{"href":"https:\/\/visionciudadana.com.mx\/oficial\/wp-json\/wp\/v2\/types\/post"}],"author":[{"embeddable":true,"href":"https:\/\/visionciudadana.com.mx\/oficial\/wp-json\/wp\/v2\/users\/1"}],"replies":[{"embeddable":true,"href":"https:\/\/visionciudadana.com.mx\/oficial\/wp-json\/wp\/v2\/comments?post=14414"}],"version-history":[{"count":0,"href":"https:\/\/visionciudadana.com.mx\/oficial\/wp-json\/wp\/v2\/posts\/14414\/revisions"}],"wp:featuredmedia":[{"embeddable":true,"href":"https:\/\/visionciudadana.com.mx\/oficial\/wp-json\/wp\/v2\/media\/5958"}],"wp:attachment":[{"href":"https:\/\/visionciudadana.com.mx\/oficial\/wp-json\/wp\/v2\/media?parent=14414"}],"wp:term":[{"taxonomy":"category","embeddable":true,"href":"https:\/\/visionciudadana.com.mx\/oficial\/wp-json\/wp\/v2\/categories?post=14414"},{"taxonomy":"post_tag","embeddable":true,"href":"https:\/\/visionciudadana.com.mx\/oficial\/wp-json\/wp\/v2\/tags?post=14414"},{"taxonomy":"author","embeddable":true,"href":"https:\/\/visionciudadana.com.mx\/oficial\/wp-json\/wp\/v2\/ppma_author?post=14414"}],"curies":[{"name":"wp","href":"https:\/\/api.w.org\/{rel}","templated":true}]}}