{"id":14401,"date":"2020-11-15T07:36:02","date_gmt":"2020-11-15T07:36:02","guid":{"rendered":"https:\/\/visionciudadana.com.mx\/prueba\/2020\/11\/15\/benefician-a-102-mil-familias-con-las-jornadas-vecinales\/"},"modified":"2020-11-15T07:36:02","modified_gmt":"2020-11-15T07:36:02","slug":"benefician-a-102-mil-familias-con-las-jornadas-vecinales","status":"publish","type":"post","link":"https:\/\/visionciudadana.com.mx\/oficial\/2020\/11\/15\/benefician-a-102-mil-familias-con-las-jornadas-vecinales\/","title":{"rendered":"Benefician a 102 mil familias\u00a0 con\u00a0 las \u201cJornadas Vecinales\u201d."},"content":{"rendered":"<p><img decoding=\"async\" src=\"images\/2020\/NOV20\/jornadas_v.PNG\" alt=\"jornadas v\" style=\"display: block; margin-left: auto; margin-right: auto;\" \/><\/p>\n<p style=\"text-align: justify;\"><span style=\"font-size: 14pt; font-family: arial, helvetica, sans-serif;\">Acompa\u00f1ado del coordinador de Estrategia del CEN, Carlos Iriarte Mercado, Jes\u00fas Vald\u00e9s Palazuelos asisti\u00f3 a la colonia \u201cRub\u00e9n Jaramillo\u201d, sector en el que se llev\u00f3 a cabo esta jornada en la que el dirigente estatal, agradeci\u00f3 a las empresas y asociaciones civiles socialmente responsables, que hacen que este programa contin\u00fae a pesar de las adversidades y que benefician a las familias sinaloenses.<\/span><\/p>\n<p>&nbsp;<\/p>\n<p class=\"x_MsoNormal\" style=\"text-align: justify;\"><span style=\"font-size: 14pt; font-family: arial, helvetica, sans-serif;\">Con la presencia del presidente del PRI Culiac\u00e1n, Julio Osuna, Jes\u00fas Vald\u00e9s explic\u00f3 que este programa, desde su inicio en marzo de este a\u00f1o, ha beneficiado a familias enteras de todo el estado, ya que la gente ha solicitado estos apoyos a que impactan de manera positiva en la econom\u00eda de cada hogar.<\/span><\/p>\n<p style=\"text-align: justify;\">&nbsp;<\/p>\n<p style=\"text-align: justify;\">&nbsp;<\/p>\n<p style=\"text-align: justify;\"><span style=\"font-size: 14pt; font-family: arial, helvetica, sans-serif;\">REDACCI\u00d3N\/VISI\u00d3N CIUDADANA.<\/span><\/p>\n","protected":false},"excerpt":{"rendered":"<p>Acompa\u00f1ado del coordinador de Estrategia del CEN, Carlos Iriarte Mercado, Jes\u00fas Vald\u00e9s Palazuelos asisti\u00f3 a la colonia \u201cRub\u00e9n Jaramillo\u201d, sector en el que se llev\u00f3 a cabo esta jornada en la que el dirigente estatal, agradeci\u00f3 a las empresas y asociaciones civiles socialmente responsables, que hacen que este programa contin\u00fae a pesar de las adversidades [&hellip;]<\/p>\n","protected":false},"author":1,"featured_media":5944,"comment_status":"open","ping_status":"closed","sticky":false,"template":"","format":"standard","meta":{"footnotes":""},"categories":[24],"tags":[],"ppma_author":[31],"class_list":["post-14401","post","type-post","status-publish","format-standard","has-post-thumbnail","hentry","category-relevantes"],"aioseo_notices":[],"authors":[{"term_id":31,"user_id":1,"is_guest":0,"slug":"ivan3vino","display_name":"Iv\u00e1n Trevi\u00f1o","avatar_url":{"url":"https:\/\/visionciudadana.com.mx\/oficial\/wp-content\/uploads\/2025\/09\/columna-ivan-Trevino.png","url2x":"https:\/\/visionciudadana.com.mx\/oficial\/wp-content\/uploads\/2025\/09\/columna-ivan-Trevino.png"},"0":null,"1":"","2":"","3":"","4":"","5":"","6":"","7":"","8":""}],"_links":{"self":[{"href":"https:\/\/visionciudadana.com.mx\/oficial\/wp-json\/wp\/v2\/posts\/14401","targetHints":{"allow":["GET"]}}],"collection":[{"href":"https:\/\/visionciudadana.com.mx\/oficial\/wp-json\/wp\/v2\/posts"}],"about":[{"href":"https:\/\/visionciudadana.com.mx\/oficial\/wp-json\/wp\/v2\/types\/post"}],"author":[{"embeddable":true,"href":"https:\/\/visionciudadana.com.mx\/oficial\/wp-json\/wp\/v2\/users\/1"}],"replies":[{"embeddable":true,"href":"https:\/\/visionciudadana.com.mx\/oficial\/wp-json\/wp\/v2\/comments?post=14401"}],"version-history":[{"count":0,"href":"https:\/\/visionciudadana.com.mx\/oficial\/wp-json\/wp\/v2\/posts\/14401\/revisions"}],"wp:featuredmedia":[{"embeddable":true,"href":"https:\/\/visionciudadana.com.mx\/oficial\/wp-json\/wp\/v2\/media\/5944"}],"wp:attachment":[{"href":"https:\/\/visionciudadana.com.mx\/oficial\/wp-json\/wp\/v2\/media?parent=14401"}],"wp:term":[{"taxonomy":"category","embeddable":true,"href":"https:\/\/visionciudadana.com.mx\/oficial\/wp-json\/wp\/v2\/categories?post=14401"},{"taxonomy":"post_tag","embeddable":true,"href":"https:\/\/visionciudadana.com.mx\/oficial\/wp-json\/wp\/v2\/tags?post=14401"},{"taxonomy":"author","embeddable":true,"href":"https:\/\/visionciudadana.com.mx\/oficial\/wp-json\/wp\/v2\/ppma_author?post=14401"}],"curies":[{"name":"wp","href":"https:\/\/api.w.org\/{rel}","templated":true}]}}