{"id":14400,"date":"2020-11-15T07:14:27","date_gmt":"2020-11-15T07:14:27","guid":{"rendered":"https:\/\/visionciudadana.com.mx\/prueba\/2020\/11\/15\/invita-facultad-de-psicologia-a-cursar-diplomado-en-psicoterapia-cognitiva-conductual\/"},"modified":"2020-11-15T07:14:27","modified_gmt":"2020-11-15T07:14:27","slug":"invita-facultad-de-psicologia-a-cursar-diplomado-en-psicoterapia-cognitiva-conductual","status":"publish","type":"post","link":"https:\/\/visionciudadana.com.mx\/oficial\/2020\/11\/15\/invita-facultad-de-psicologia-a-cursar-diplomado-en-psicoterapia-cognitiva-conductual\/","title":{"rendered":"Invita Facultad de Psicolog\u00eda a cursar Diplomado en Psicoterapia Cognitiva Conductual"},"content":{"rendered":"<p class=\"x_MsoNormal\" align=\"center\">&nbsp;<\/p>\n<p><img decoding=\"async\" src=\"images\/2020\/NOV20\/uas_convo.PNG\" alt=\"uas convo\" style=\"display: block; margin-left: auto; margin-right: auto;\" \/><\/p>\n<p class=\"x_MsoNormal\" style=\"text-align: justify;\"><span style=\"font-size: 14pt; font-family: arial, helvetica, sans-serif;\">La Facultad de Psicolog\u00eda de la Universidad Aut\u00f3noma de Sinaloa (UAS) y la Unidad de Posgrado y Formaci\u00f3n Continua, invitan a cursar el Diplomado en Psicoterapia Cognitiva Conductual, el cual est\u00e1 pr\u00f3ximo a iniciar en modalidad virtual.<\/span><\/p>\n<p style=\"text-align: justify;\">&nbsp;<\/p>\n<p class=\"x_MsoNormal\" style=\"text-align: justify;\"><span style=\"font-size: 14pt; font-family: arial, helvetica, sans-serif;\">Kirenia Alejandra Ortega Escalante, coordinadora del programa, indic\u00f3 que el diplomado est\u00e1 dirigido a estudiantes de 7mo y 9no semestre, egresados de la facultad, profesionistas de las \u00e1reas de la salud, las humanidades y \u00e1reas afines, cuyo objetivo es capacitar y fortalecer las competencias profesionales que permitan realizar intervenciones cl\u00ednicas psicol\u00f3gicas de \u00e9xito.<\/span><\/p>\n<p style=\"text-align: justify;\">&nbsp;<\/p>\n<p class=\"x_MsoNormal\" style=\"text-align: justify;\"><span style=\"font-size: 14pt; font-family: arial, helvetica, sans-serif;\">\u201cEste diplomado surge por la necesidad de hacer una actualizaci\u00f3n tanto en estudiantes como en egresados, sobre todo, de la profesi\u00f3n de la psicolog\u00eda y afines (\u2026) lo que ha destacado la importancia de este modelo es que est\u00e1 basado en la evidencia cient\u00edfica. Es un modelo que nos ayuda a comprender desde el punto te\u00f3rico-cient\u00edfico la demostraci\u00f3n de sus tratamientos que han sido exitosos para la salud mental de las personas\u201d, explic\u00f3.<\/span><\/p>\n<p style=\"text-align: justify;\">&nbsp;<\/p>\n<p class=\"x_MsoNormal\" style=\"text-align: justify;\"><span style=\"font-size: 14pt; font-family: arial, helvetica, sans-serif;\">Ortega Escalante inform\u00f3 que el programa est\u00e1 conformado por siete m\u00f3dulos, los cuales ser\u00e1n impartidos por personal docente de la facultad, as\u00ed como por expertos de talla nacional e internacional.<\/span><\/p>\n<p style=\"text-align: justify;\">&nbsp;<\/p>\n<p class=\"x_MsoNormal\" style=\"text-align: justify;\"><span style=\"font-size: 14pt; font-family: arial, helvetica, sans-serif;\">Asimismo, detall\u00f3 que el diplomado tiene una duraci\u00f3n de 140 horas y que las sesiones del mismo se llevar\u00e1n a cabo los d\u00edas lunes y jueves a trav\u00e9s de la plataforma Zoom.<\/span><\/p>\n<p style=\"text-align: justify;\">&nbsp;<\/p>\n<p class=\"x_MsoNormal\" style=\"text-align: justify;\"><span style=\"font-size: 14pt; font-family: arial, helvetica, sans-serif;\">\u201cQueremos iniciar esta segunda edici\u00f3n el 19 de noviembre para terminarlo a principios de marzo del 2021 (\u2026) El diplomado tambi\u00e9n funciona a parte de la actualizaci\u00f3n como una forma de titulaci\u00f3n de los j\u00f3venes egresados de la Facultad de Psicolog\u00eda\u201d, coment\u00f3.<\/span><\/p>\n<p style=\"text-align: justify;\">&nbsp;<\/p>\n<p class=\"x_MsoNormal\" style=\"text-align: justify;\"><span style=\"font-size: 14pt; font-family: arial, helvetica, sans-serif;\">La docente universitaria, puntualiz\u00f3 que la depresi\u00f3n y la ansiedad han aumentado bastante a ra\u00edz de la pandemia y del confinamiento, por ello invit\u00f3 a inscribirse a este curso, pues dijo, es importante contar con profesionales en psicoterapia que sepan&nbsp;aplicar intervenciones con base en este modelo cient\u00edfico.<\/span><\/p>\n<p style=\"text-align: justify;\">&nbsp;<\/p>\n<p class=\"x_MsoNormal\" style=\"text-align: justify;\"><span style=\"font-size: 14pt; font-family: arial, helvetica, sans-serif;\">Los interesados en formar parte del Diplomado en Psicoterapia Cognitiva Conductual, pueden solicitar mayor informaci\u00f3n al correo electr\u00f3nico&nbsp;<a href=\"mailto:kirenia22@hotmail.com\" target=\"_blank\" rel=\"noopener noreferrer\" data-auth=\"NotApplicable\"><\/a><a href=\"mailto:kirenia22@hotmail.com\">kirenia22@hotmail.com<\/a>, o bien, a los n\u00fameros de tel\u00e9fono 667 151 99 86 o al 667 713-34-85.<\/span><\/p>\n<p style=\"text-align: justify;\">&nbsp;<\/p>\n<p class=\"x_MsoNormal\" style=\"text-align: justify;\"><span style=\"font-size: 14pt; font-family: arial, helvetica, sans-serif;\">\u201cEl modelo cognitivo conductual s\u00ed ha demostrado ser un tratamiento v\u00e1lido, confiable y hay evidencia de ello. En este diplomado estudiamos todas esas evidencias cient\u00edficas y tambi\u00e9n las ponemos en pr\u00e1ctica\u201d, enfatiz\u00f3.<\/span><\/p>\n<p style=\"text-align: justify;\">&nbsp;<\/p>\n<p style=\"text-align: justify;\">&nbsp;<\/p>\n<p style=\"text-align: justify;\"><span style=\"font-size: 14pt; font-family: arial, helvetica, sans-serif;\">REDACCI\u00d3N\/ VISI\u00d3N CIUDADANA<\/span><\/p>\n","protected":false},"excerpt":{"rendered":"<p>&nbsp; La Facultad de Psicolog\u00eda de la Universidad Aut\u00f3noma de Sinaloa (UAS) y la Unidad de Posgrado y Formaci\u00f3n Continua, invitan a cursar el Diplomado en Psicoterapia Cognitiva Conductual, el cual est\u00e1 pr\u00f3ximo a iniciar en modalidad virtual. &nbsp; Kirenia Alejandra Ortega Escalante, coordinadora del programa, indic\u00f3 que el diplomado est\u00e1 dirigido a estudiantes de [&hellip;]<\/p>\n","protected":false},"author":1,"featured_media":5942,"comment_status":"open","ping_status":"closed","sticky":false,"template":"","format":"standard","meta":{"footnotes":""},"categories":[13],"tags":[],"ppma_author":[31],"class_list":["post-14400","post","type-post","status-publish","format-standard","has-post-thumbnail","hentry","category-locales"],"aioseo_notices":[],"authors":[{"term_id":31,"user_id":1,"is_guest":0,"slug":"ivan3vino","display_name":"Iv\u00e1n Trevi\u00f1o","avatar_url":{"url":"https:\/\/visionciudadana.com.mx\/oficial\/wp-content\/uploads\/2025\/09\/columna-ivan-Trevino.png","url2x":"https:\/\/visionciudadana.com.mx\/oficial\/wp-content\/uploads\/2025\/09\/columna-ivan-Trevino.png"},"0":null,"1":"","2":"","3":"","4":"","5":"","6":"","7":"","8":""}],"_links":{"self":[{"href":"https:\/\/visionciudadana.com.mx\/oficial\/wp-json\/wp\/v2\/posts\/14400","targetHints":{"allow":["GET"]}}],"collection":[{"href":"https:\/\/visionciudadana.com.mx\/oficial\/wp-json\/wp\/v2\/posts"}],"about":[{"href":"https:\/\/visionciudadana.com.mx\/oficial\/wp-json\/wp\/v2\/types\/post"}],"author":[{"embeddable":true,"href":"https:\/\/visionciudadana.com.mx\/oficial\/wp-json\/wp\/v2\/users\/1"}],"replies":[{"embeddable":true,"href":"https:\/\/visionciudadana.com.mx\/oficial\/wp-json\/wp\/v2\/comments?post=14400"}],"version-history":[{"count":0,"href":"https:\/\/visionciudadana.com.mx\/oficial\/wp-json\/wp\/v2\/posts\/14400\/revisions"}],"wp:featuredmedia":[{"embeddable":true,"href":"https:\/\/visionciudadana.com.mx\/oficial\/wp-json\/wp\/v2\/posts\/5942"}],"wp:attachment":[{"href":"https:\/\/visionciudadana.com.mx\/oficial\/wp-json\/wp\/v2\/media?parent=14400"}],"wp:term":[{"taxonomy":"category","embeddable":true,"href":"https:\/\/visionciudadana.com.mx\/oficial\/wp-json\/wp\/v2\/categories?post=14400"},{"taxonomy":"post_tag","embeddable":true,"href":"https:\/\/visionciudadana.com.mx\/oficial\/wp-json\/wp\/v2\/tags?post=14400"},{"taxonomy":"author","embeddable":true,"href":"https:\/\/visionciudadana.com.mx\/oficial\/wp-json\/wp\/v2\/ppma_author?post=14400"}],"curies":[{"name":"wp","href":"https:\/\/api.w.org\/{rel}","templated":true}]}}