{"id":14399,"date":"2020-11-15T07:04:19","date_gmt":"2020-11-15T07:04:19","guid":{"rendered":"https:\/\/visionciudadana.com.mx\/prueba\/2020\/11\/15\/el-partido-sinaloense-consolida-la-actividad-en-los-denominados-sabados-comunitarios\/"},"modified":"2020-11-15T07:04:19","modified_gmt":"2020-11-15T07:04:19","slug":"el-partido-sinaloense-consolida-la-actividad-en-los-denominados-sabados-comunitarios","status":"publish","type":"post","link":"https:\/\/visionciudadana.com.mx\/oficial\/2020\/11\/15\/el-partido-sinaloense-consolida-la-actividad-en-los-denominados-sabados-comunitarios\/","title":{"rendered":"El Partido Sinaloense consolida la actividad en los denominados s\u00e1bados comunitarios."},"content":{"rendered":"<p>&nbsp;<\/p>\n<div>&nbsp;<img decoding=\"async\" src=\"images\/2020\/NOV20\/pas_consolida.PNG\" alt=\"pas consolida\" style=\"display: block; margin-left: auto; margin-right: auto;\" \/><\/div>\n<div style=\"text-align: justify;\"><span style=\"font-size: 14pt; font-family: arial, helvetica, sans-serif;\">\u201cIniciamos con 108 actividades que seguramente se incrementar\u00e1n durante el d\u00eda con el trabajo de la estructura del partido: Principalmente con los presidentes de los Comit\u00e9s Directivos Municipales, Subcomit\u00e9s y Comit\u00e9s Seccionales, as\u00ed como tambi\u00e9n los delegados de zona y coordinadores de distritos de los municipios de Guasave, Sinaloa, Navolato, Culiac\u00e1n, Mazatl\u00e1n y El Rosario. Este es el Partido Sinaloense, esta es su gente, sinaloenses que trabajan de manera muy cercana a la poblaci\u00f3n llevando los Programas Sociales que tienen como \u00fanico objetivo ayudar a los ciudadanos: H\u00e9ctor Melesio Cu\u00e9n Ojeda.<\/span><\/div>\n<div style=\"text-align: justify;\"><span style=\"font-size: 14pt; font-family: arial, helvetica, sans-serif;\"><\/span><br \/><span style=\"font-size: 14pt; font-family: arial, helvetica, sans-serif;\">Un gran trabajo el que realizan los integrantes de los subcomit\u00e9s, seccionales y brigadas de apoyo, por lo cual les hago llegar un amplio reconocimiento, coment\u00f3 Cu\u00e9n Ojeda. En los 6 municipios que se trabaj\u00f3 en el marco de actividades simultaneas, se llevaron a cabo 108 actividades con los siguientes programas: Sanitizaci\u00f3n de hogares, centros comerciales y autom\u00f3viles; FumiPAS; Descacharrizaci\u00f3n; Abatizaci\u00f3n; Entrega de despensas, kits de limpieza, cubrebocas y gel antibacterial; Huertos familiares y Volanteo del programa el M\u00e9dico en L\u00ednea.<\/span><\/div>\n<div style=\"text-align: justify;\">\n<p><span style=\"font-size: 14pt; font-family: arial, helvetica, sans-serif;\"><strong>En Culiac\u00e1n<\/strong>&nbsp;se tuvo presencia en colonias y comunidades: Riveras del Humaya, Fracc. Santa Fe, Villas del Real, Infonavit Humaya y Solidaridad, El Alto, El Quince y Casa Blanca, Carboneras, Culiacancito, Centro de la ciudad, Centro en los negocios de las calles Francisco Zarco, Andrade y Leyva Solano, Benito Ju\u00e1rez, D\u00edaz Ordaz, Felipe \u00c1ngeles, Ampliaci\u00f3n PEMEX, Barrancos, Fracc. Nakayama, Real del Parque, Ruiz Cortinez, Plutarco El\u00edas Calles y Laguna Colorada.<\/span><\/div>\n<div style=\"text-align: justify;\">&nbsp;<\/div>\n<div style=\"text-align: justify;\">&nbsp;<\/div>\n<div style=\"text-align: justify;\">&nbsp;<\/div>\n<div style=\"text-align: justify;\"><span style=\"font-size: 14pt; font-family: arial, helvetica, sans-serif;\">REDACCI\u00d3N\/VISI\u00d3N CIUDADANA<\/span><\/div>\n","protected":false},"excerpt":{"rendered":"<p>&nbsp; &nbsp; \u201cIniciamos con 108 actividades que seguramente se incrementar\u00e1n durante el d\u00eda con el trabajo de la estructura del partido: Principalmente con los presidentes de los Comit\u00e9s Directivos Municipales, Subcomit\u00e9s y Comit\u00e9s Seccionales, as\u00ed como tambi\u00e9n los delegados de zona y coordinadores de distritos de los municipios de Guasave, Sinaloa, Navolato, Culiac\u00e1n, Mazatl\u00e1n y [&hellip;]<\/p>\n","protected":false},"author":1,"featured_media":5940,"comment_status":"open","ping_status":"closed","sticky":false,"template":"","format":"standard","meta":{"footnotes":""},"categories":[24],"tags":[],"ppma_author":[31],"class_list":["post-14399","post","type-post","status-publish","format-standard","has-post-thumbnail","hentry","category-relevantes"],"aioseo_notices":[],"authors":[{"term_id":31,"user_id":1,"is_guest":0,"slug":"ivan3vino","display_name":"Iv\u00e1n Trevi\u00f1o","avatar_url":{"url":"https:\/\/visionciudadana.com.mx\/oficial\/wp-content\/uploads\/2025\/09\/columna-ivan-Trevino.png","url2x":"https:\/\/visionciudadana.com.mx\/oficial\/wp-content\/uploads\/2025\/09\/columna-ivan-Trevino.png"},"0":null,"1":"","2":"","3":"","4":"","5":"","6":"","7":"","8":""}],"_links":{"self":[{"href":"https:\/\/visionciudadana.com.mx\/oficial\/wp-json\/wp\/v2\/posts\/14399","targetHints":{"allow":["GET"]}}],"collection":[{"href":"https:\/\/visionciudadana.com.mx\/oficial\/wp-json\/wp\/v2\/posts"}],"about":[{"href":"https:\/\/visionciudadana.com.mx\/oficial\/wp-json\/wp\/v2\/types\/post"}],"author":[{"embeddable":true,"href":"https:\/\/visionciudadana.com.mx\/oficial\/wp-json\/wp\/v2\/users\/1"}],"replies":[{"embeddable":true,"href":"https:\/\/visionciudadana.com.mx\/oficial\/wp-json\/wp\/v2\/comments?post=14399"}],"version-history":[{"count":0,"href":"https:\/\/visionciudadana.com.mx\/oficial\/wp-json\/wp\/v2\/posts\/14399\/revisions"}],"wp:featuredmedia":[{"embeddable":true,"href":"https:\/\/visionciudadana.com.mx\/oficial\/wp-json\/wp\/v2\/posts\/5940"}],"wp:attachment":[{"href":"https:\/\/visionciudadana.com.mx\/oficial\/wp-json\/wp\/v2\/media?parent=14399"}],"wp:term":[{"taxonomy":"category","embeddable":true,"href":"https:\/\/visionciudadana.com.mx\/oficial\/wp-json\/wp\/v2\/categories?post=14399"},{"taxonomy":"post_tag","embeddable":true,"href":"https:\/\/visionciudadana.com.mx\/oficial\/wp-json\/wp\/v2\/tags?post=14399"},{"taxonomy":"author","embeddable":true,"href":"https:\/\/visionciudadana.com.mx\/oficial\/wp-json\/wp\/v2\/ppma_author?post=14399"}],"curies":[{"name":"wp","href":"https:\/\/api.w.org\/{rel}","templated":true}]}}