{"id":14397,"date":"2020-11-15T06:50:33","date_gmt":"2020-11-15T06:50:33","guid":{"rendered":"https:\/\/visionciudadana.com.mx\/prueba\/2020\/11\/15\/propone-pri-sinaloa-rescatar-campo-pesca-ganaderia-y-recuperar-inversiones\/"},"modified":"2020-11-15T06:50:33","modified_gmt":"2020-11-15T06:50:33","slug":"propone-pri-sinaloa-rescatar-campo-pesca-ganaderia-y-recuperar-inversiones","status":"publish","type":"post","link":"https:\/\/visionciudadana.com.mx\/oficial\/2020\/11\/15\/propone-pri-sinaloa-rescatar-campo-pesca-ganaderia-y-recuperar-inversiones\/","title":{"rendered":"Propone PRI Sinaloa rescatar campo, pesca, ganader\u00eda y recuperar inversiones"},"content":{"rendered":"<p><img decoding=\"async\" src=\"images\/2020\/NOV20\/gotsis.PNG\" alt=\"gotsis\" style=\"display: block; margin-left: auto; margin-right: auto;\" \/><\/p>\n<p class=\"x_MsoNormal\" style=\"text-align: justify;\"><span style=\"font-size: 14pt; font-family: arial, helvetica, sans-serif;\">Impulsar la autosuficiencia alimentaria, recobrar la confianza de inversionistas para que la econom\u00eda vuelva a crecer y recuperar los empleos perdidos, reanudar los apoyos eliminados al campo, la pesca y la ganader\u00eda, y ofrecer candidatos y candidatas con buenas hojas de vida.<\/span><\/p>\n<p style=\"text-align: justify;\">&nbsp;<\/p>\n<p class=\"x_MsoNormal\" style=\"text-align: justify;\"><span style=\"font-size: 14pt; font-family: arial, helvetica, sans-serif;\">\u00c9stas son algunas de la consideraciones que hicieron los panelistas que participaron en el \u00abForo Ciudadano 2021 Plataforma Electoral. Econom\u00eda, definiendo el rumbo\u00bb que organiz\u00f3 el Comit\u00e9 Directivo Estatal del PRI que encabeza Jes\u00fas Vald\u00e9s Palazuelos y la Fundaci\u00f3n Colosio.<\/span><\/p>\n<p style=\"text-align: justify;\">&nbsp;<\/p>\n<p class=\"x_MsoNormal\" style=\"text-align: justify;\"><span style=\"font-size: 14pt; font-family: arial, helvetica, sans-serif;\">En su mensaje, el dirigente estatal del PRI reconoci\u00f3 las aportaciones de los panelistas participantes, a quienes les asegur\u00f3 que \u00e9stas ser\u00e1n tomadas en cuenta para el proceso electoral del 2021.<\/span><\/p>\n<p style=\"text-align: justify;\">&nbsp;<\/p>\n<p class=\"x_MsoNormal\" style=\"text-align: justify;\"><span style=\"font-size: 14pt; font-family: arial, helvetica, sans-serif;\">Durante el foro, que tuvo lugar en el Jard\u00edn Bot\u00e1nico y al que asistieron representantes de diversas c\u00e1maras empresariales, organismos sociales, servidores p\u00fablicos y de la sociedad civil, participaron como panelistas Georguis Gotsis, Sergio Esquer y Juan Burgos.<\/span><\/p>\n<p style=\"text-align: justify;\">&nbsp;<\/p>\n<p class=\"x_MsoNormal\" style=\"text-align: justify;\"><span style=\"font-size: 14pt; font-family: arial, helvetica, sans-serif;\">Georguis Gotsis lament\u00f3 que el actual gobierno federal deje en el olvido al sector agroalimentario a pesar de la importancia que tiene, y que en pesos permite ingresar al pa\u00eds 35 mil millones de d\u00f3lares por concepto de exportaciones.<\/span><\/p>\n<p style=\"text-align: justify;\">&nbsp;<\/p>\n<p class=\"x_MsoNormal\" style=\"text-align: justify;\"><span style=\"font-size: 14pt; font-family: arial, helvetica, sans-serif;\">Este sector, resalt\u00f3, est\u00e1 por encima del Turismo, que genera 25 mil millones de d\u00f3lares, y de la industria del petr\u00f3leo, que gener\u00f3 27 mil millones de d\u00f3lares.<\/span><\/p>\n<p style=\"text-align: justify;\">&nbsp;<\/p>\n<p class=\"x_MsoNormal\" style=\"text-align: justify;\"><span style=\"font-size: 14pt; font-family: arial, helvetica, sans-serif;\">Record\u00f3 que en 2014 el sector agroalimentario permiti\u00f3 a M\u00e9xico tener por primera vez, despu\u00e9s de 20 a\u00f1os, un super\u00e1vit de mil 600 millones de d\u00f3lares, y para el 2019 se elev\u00f3 a seis mil 40 millones de d\u00f3lares.<\/span><\/p>\n<p style=\"text-align: justify;\">&nbsp;<\/p>\n<p class=\"x_MsoNormal\" style=\"text-align: justify;\"><span style=\"font-size: 14pt; font-family: arial, helvetica, sans-serif;\">Asegur\u00f3 que se tiene mucho potencial para crecer, pero consider\u00f3 necesario que se desarrolle m\u00e1s log\u00edstica, y se trabaje en la marca como pa\u00eds, ya que la competencia internacional es cada vez m\u00e1s fuerte, y para ello se debe seguir tambi\u00e9n trabajando en la denominaci\u00f3n de origen de diversos productos, como el mezcal y otros.<\/span><\/p>\n<p style=\"text-align: justify;\">&nbsp;<\/p>\n<p class=\"x_MsoNormal\" style=\"text-align: justify;\"><span style=\"font-size: 14pt; font-family: arial, helvetica, sans-serif;\">Sergio Esquer puntualiz\u00f3 que se debe trabajar a fondo en la autosuficiencia alimentaria como una estrategia de Estado.<\/span><\/p>\n<p style=\"text-align: justify;\">&nbsp;<\/p>\n<p class=\"x_MsoNormal\" style=\"text-align: justify;\"><span style=\"font-size: 14pt; font-family: arial, helvetica, sans-serif;\">Record\u00f3 que el actual presidente, Andr\u00e9s Manuel L\u00f3pez Obrador, en su calidad de candidato, manej\u00f3 este tema, \u201cpero a la hora de la hora se ha manejado muy mal. Se ha reducido el presupuesto para la SADER, y lo m\u00e1s grave es que elimina los apoyos a la agricultura comercial, que es la que garantizar\u00eda a final de cuentas la autosuficiencia alimentaria\u201d.<\/span><\/p>\n<p style=\"text-align: justify;\">&nbsp;<\/p>\n<p class=\"x_MsoNormal\" style=\"text-align: justify;\"><span style=\"font-size: 14pt; font-family: arial, helvetica, sans-serif;\">De mantenerse la pol\u00edtica actual de apoyar s\u00f3lo a los productores de autoconsumo, advirti\u00f3 que entonces las importaciones de alimentos se elevar\u00e1n considerablemente y superar\u00e1n a las que hab\u00eda.<\/span><\/p>\n<p style=\"text-align: justify;\">&nbsp;<\/p>\n<p class=\"x_MsoNormal\" style=\"text-align: justify;\"><span style=\"font-size: 14pt; font-family: arial, helvetica, sans-serif;\">Lo \u00fanico que se le pide al Gobierno Federal, expuso, es que se ponga a los productores nacionales en las mismas condiciones en que operan los productores de Estados Unidos y de otros pa\u00edses, que son contra quienes se compite.<\/span><\/p>\n<p style=\"text-align: justify;\">&nbsp;<\/p>\n<p class=\"x_MsoNormal\" style=\"text-align: justify;\"><span style=\"font-size: 14pt; font-family: arial, helvetica, sans-serif;\">Enfatiz\u00f3 que es lamentable que en M\u00e9xico no se apoye a los productores de ma\u00edz como s\u00ed se les apoya en Estados Unidos, donde hay tasas de financiamiento muy competitivas, y muchas veces subsidiadas.<\/span><\/p>\n<p style=\"text-align: justify;\">&nbsp;<\/p>\n<p class=\"x_MsoNormal\" style=\"text-align: justify;\"><span style=\"font-size: 14pt; font-family: arial, helvetica, sans-serif;\">Agreg\u00f3 que los costos de las primas de seguro y de combustible son muy competitivos en Estados Unidos, y adem\u00e1s de ello los productores reciben un apoyo muy fuerte directamente del gobierno, lo cual no sucede en M\u00e9xico.<\/span><\/p>\n<p style=\"text-align: justify;\">&nbsp;<\/p>\n<p class=\"x_MsoNormal\" style=\"text-align: justify;\"><span style=\"font-size: 14pt; font-family: arial, helvetica, sans-serif;\">Dijo tambi\u00e9n que en M\u00e9xico se le da poca importancia al desarrollo sustentable, a mantener y fortalecer el Estado de Derecho y que tampoco se le apuesta a la educaci\u00f3n, que es la clave para el desarrollo, y que no se invierte en innovaci\u00f3n, que es b\u00e1sico para realmente producir con valor agregado.<\/span><\/p>\n<p style=\"text-align: justify;\">&nbsp;<\/p>\n<p class=\"x_MsoNormal\" style=\"text-align: justify;\"><span style=\"font-size: 14pt; font-family: arial, helvetica, sans-serif;\">Por su parte Juan Burgos hizo hincapi\u00e9 en que con el gobierno de Andr\u00e9s Manuel L\u00f3pez Obrador la inversi\u00f3n se ha desplomado en un 50 por ciento, se han quitado apoyos para el campo, para mujeres, a la pesca, y a pesar de ello el gobierno federal siente que va bien.<\/span><\/p>\n<p style=\"text-align: justify;\">&nbsp;<\/p>\n<p class=\"x_MsoNormal\" style=\"text-align: justify;\"><span style=\"font-size: 14pt; font-family: arial, helvetica, sans-serif;\">Adem\u00e1s, expuso, cada vez es m\u00e1s dif\u00edcil sacar adelante las empresas, y este gobierno de L\u00f3pez Obrador no entiende que al empresario se le tiene que otorgar facilidades para que siga generando empleos e ingresos en las familias.<\/span><\/p>\n<p style=\"text-align: justify;\">&nbsp;<\/p>\n<p class=\"x_MsoNormal\" style=\"text-align: justify;\"><span style=\"font-size: 14pt; font-family: arial, helvetica, sans-serif;\">El presidente del PRI en Sinaloa, Jes\u00fas Vald\u00e9s, agradeci\u00f3 las participaciones de los panelistas e indic\u00f3 que de este tipo de foros es de donde salen las mejores ideas; ya que del perfil y de la experiencia de cada panelista, salen mejor las cosas, dijo.<\/span><\/p>\n<p style=\"text-align: justify;\">&nbsp;<\/p>\n<p class=\"x_MsoNormal\" style=\"text-align: justify;\"><span style=\"font-size: 14pt; font-family: arial, helvetica, sans-serif;\">Asegur\u00f3 que el PRI es el partido con la mejor estructura, pero reconoci\u00f3 que la forma de ganar elecciones es con ideas, por lo que hizo el compromiso que las propuestas presentadas ser\u00e1n retomadas e incluidas en la plataforma electoral para que todas las candidatas y candidatos las tomen como bandera.<\/span><\/p>\n<p style=\"text-align: justify;\">&nbsp;<\/p>\n<p style=\"text-align: justify;\"><span style=\"font-size: 14pt; font-family: arial, helvetica, sans-serif;\">REDACCI\u00d3N\/VISI\u00d3N CIUDADANA.<\/span><\/p>\n<div>&nbsp;<\/div>\n","protected":false},"excerpt":{"rendered":"<p>Impulsar la autosuficiencia alimentaria, recobrar la confianza de inversionistas para que la econom\u00eda vuelva a crecer y recuperar los empleos perdidos, reanudar los apoyos eliminados al campo, la pesca y la ganader\u00eda, y ofrecer candidatos y candidatas con buenas hojas de vida. &nbsp; \u00c9stas son algunas de la consideraciones que hicieron los panelistas que participaron [&hellip;]<\/p>\n","protected":false},"author":1,"featured_media":5936,"comment_status":"open","ping_status":"closed","sticky":false,"template":"","format":"standard","meta":{"footnotes":""},"categories":[24],"tags":[],"ppma_author":[31],"class_list":["post-14397","post","type-post","status-publish","format-standard","has-post-thumbnail","hentry","category-relevantes"],"aioseo_notices":[],"authors":[{"term_id":31,"user_id":1,"is_guest":0,"slug":"ivan3vino","display_name":"Iv\u00e1n Trevi\u00f1o","avatar_url":{"url":"https:\/\/visionciudadana.com.mx\/oficial\/wp-content\/uploads\/2025\/09\/columna-ivan-Trevino.png","url2x":"https:\/\/visionciudadana.com.mx\/oficial\/wp-content\/uploads\/2025\/09\/columna-ivan-Trevino.png"},"0":null,"1":"","2":"","3":"","4":"","5":"","6":"","7":"","8":""}],"_links":{"self":[{"href":"https:\/\/visionciudadana.com.mx\/oficial\/wp-json\/wp\/v2\/posts\/14397","targetHints":{"allow":["GET"]}}],"collection":[{"href":"https:\/\/visionciudadana.com.mx\/oficial\/wp-json\/wp\/v2\/posts"}],"about":[{"href":"https:\/\/visionciudadana.com.mx\/oficial\/wp-json\/wp\/v2\/types\/post"}],"author":[{"embeddable":true,"href":"https:\/\/visionciudadana.com.mx\/oficial\/wp-json\/wp\/v2\/users\/1"}],"replies":[{"embeddable":true,"href":"https:\/\/visionciudadana.com.mx\/oficial\/wp-json\/wp\/v2\/comments?post=14397"}],"version-history":[{"count":0,"href":"https:\/\/visionciudadana.com.mx\/oficial\/wp-json\/wp\/v2\/posts\/14397\/revisions"}],"wp:featuredmedia":[{"embeddable":true,"href":"https:\/\/visionciudadana.com.mx\/oficial\/wp-json\/wp\/v2\/posts\/5936"}],"wp:attachment":[{"href":"https:\/\/visionciudadana.com.mx\/oficial\/wp-json\/wp\/v2\/media?parent=14397"}],"wp:term":[{"taxonomy":"category","embeddable":true,"href":"https:\/\/visionciudadana.com.mx\/oficial\/wp-json\/wp\/v2\/categories?post=14397"},{"taxonomy":"post_tag","embeddable":true,"href":"https:\/\/visionciudadana.com.mx\/oficial\/wp-json\/wp\/v2\/tags?post=14397"},{"taxonomy":"author","embeddable":true,"href":"https:\/\/visionciudadana.com.mx\/oficial\/wp-json\/wp\/v2\/ppma_author?post=14397"}],"curies":[{"name":"wp","href":"https:\/\/api.w.org\/{rel}","templated":true}]}}