{"id":14395,"date":"2020-11-15T06:40:26","date_gmt":"2020-11-15T06:40:26","guid":{"rendered":"https:\/\/visionciudadana.com.mx\/prueba\/2020\/11\/15\/ceaip-sumara-esfuerzos-cocn-uadeo-y-cobaes-a-favor-de-estudiantes\/"},"modified":"2020-11-15T06:40:26","modified_gmt":"2020-11-15T06:40:26","slug":"ceaip-sumara-esfuerzos-cocn-uadeo-y-cobaes-a-favor-de-estudiantes","status":"publish","type":"post","link":"https:\/\/visionciudadana.com.mx\/oficial\/2020\/11\/15\/ceaip-sumara-esfuerzos-cocn-uadeo-y-cobaes-a-favor-de-estudiantes\/","title":{"rendered":"Ceaip sumar\u00e1 esfuerzos cocn UAdeO y Cobaes a favor de estudiantes"},"content":{"rendered":"<p class=\"x_MsoNormal\" align=\"right\"><i>&nbsp;<\/i><\/p>\n<p><img decoding=\"async\" src=\"images\/2020\/NOV20\/uni\u00f3n_ceaip.PNG\" alt=\"uni\u00f3n ceaip\" style=\"display: block; margin-left: auto; margin-right: auto;\" \/><\/p>\n<p class=\"x_MsoNormal\" style=\"text-align: justify;\"><span style=\"font-size: 14pt; font-family: arial, helvetica, sans-serif;\">Ceaip, UAdeO y Cobaes acordaron suscribir convenios de colaboraci\u00f3n en materia de capacitaci\u00f3n, profesionalizaci\u00f3n y difusi\u00f3n.<\/span><\/p>\n<p>&nbsp;<\/p>\n<p class=\"x_MsoNormal\" style=\"text-align: justify;\"><span style=\"font-size: 14pt; font-family: arial, helvetica, sans-serif;\">Con este fin, Jos\u00e9 Alfredo Beltr\u00e1n Estrada, Presidente de la Comisi\u00f3n Estatal para el Acceso a la Informaci\u00f3n P\u00fablica, sostuvo encuentros por separado con Sylvia Paz D\u00edaz Camacho, Rectora de la UAdeO y Sergio Mario Arredondo Salas, Director General de Cobaes.<\/span><\/p>\n<p>&nbsp;<\/p>\n<p class=\"x_MsoNormal\" style=\"text-align: justify;\"><span style=\"font-size: 14pt; font-family: arial, helvetica, sans-serif;\">Durante los encuentros realizados de manera remota, Beltr\u00e1n Estrada agradeci\u00f3 la disponibilidad de ambas instituciones educativas y a sus titulares por la disposici\u00f3n de trabajar en equipo para fortalecer los derechos de Acceso a la Informaci\u00f3n P\u00fablica, de Protecci\u00f3n de Datos Personales y a la educaci\u00f3n en Sinaloa.<\/span><\/p>\n<p>&nbsp;<\/p>\n<p class=\"x_MsoNormal\" style=\"text-align: justify;\"><span style=\"font-size: 14pt; font-family: arial, helvetica, sans-serif;\">\u201cSabemos que todo el esfuerzo institucional que se haga en esa direcci\u00f3n, va a tener un costo de inversi\u00f3n de tiempo, pero al final de cuentas queremos construir una red de ciudadanos, en distintos \u00e1mbitos, precisamente, ejerciendo su derecho de acceso a la informaci\u00f3n p\u00fablica y con los j\u00f3venes podemos llegar mucho en el tema de datos personales, por el uso creciente de las tecnolog\u00edas\u201d, se\u00f1al\u00f3.<\/span><\/p>\n<p>&nbsp;<\/p>\n<p class=\"x_MsoNormal\" style=\"text-align: justify;\"><span style=\"font-size: 14pt; font-family: arial, helvetica, sans-serif;\">Beltr\u00e1n Estrada expuso proyectos institucionales que incluyen cursos, charlas, talleres, diplomados, maestr\u00edas, en los cuales la Ceaip puede aportar los conocimientos para empoderar al estudiantado.<\/span><\/p>\n<p>&nbsp;<\/p>\n<p class=\"x_MsoNormal\" style=\"text-align: justify;\"><span style=\"font-size: 14pt; font-family: arial, helvetica, sans-serif;\">Por su parte Sylvia Paz D\u00edaz Camacho, Rectora de la Universidad Aut\u00f3noma de Occidente, en reuni\u00f3n a trav\u00e9s de videoconferencia, declar\u00f3 que se encontraban en el mejor momento para estrechar lazos de colaboraci\u00f3n con Ceaip.<\/span><\/p>\n<p>&nbsp;<\/p>\n<p class=\"x_MsoNormal\" style=\"text-align: justify;\"><span style=\"font-size: 14pt; font-family: arial, helvetica, sans-serif;\">\u201cEstamos viviendo una situaci\u00f3n in\u00e9dita, sin precedentes, donde en instituciones educativas como la nuestra, pr\u00e1cticamente nos ha tocado reinventar todo el quehacer universitario, ha sido un trabajo exhaustivo, pero muy gratificante,\u201d manifest\u00f3.<\/span><\/p>\n<p>&nbsp;<\/p>\n<p class=\"x_MsoNormal\" style=\"text-align: justify;\"><span style=\"font-size: 14pt; font-family: arial, helvetica, sans-serif;\">\u201cLo estamos haciendo para cumplir con algo muy grande y que es, no solamente formar profesionistas excelentes en su disciplina, sino formar los mejores ciudadanos y los mejores sinaloenses. Esa es nuestra misi\u00f3n principal\u201d, afirm\u00f3.<\/span><\/p>\n<p>&nbsp;<\/p>\n<p class=\"x_MsoNormal\" style=\"text-align: justify;\"><span style=\"font-size: 14pt; font-family: arial, helvetica, sans-serif;\">En tanto el Director General del Colegio de Bachilleres del Estado de Sinaloa, indic\u00f3 que es importante establecer un di\u00e1logo y un lazo de comunicaci\u00f3n permanente, con el fin de dar pasos claros en cada uno de los temas de educaci\u00f3n y transparencia.<\/span><\/p>\n<p>&nbsp;<\/p>\n<p class=\"x_MsoNormal\" style=\"text-align: justify;\"><span style=\"font-size: 14pt; font-family: arial, helvetica, sans-serif;\">Sergio Mario Arredondo resalt\u00f3 que en Cobaes la parte fundamental a lograr es generar la legalidad de los j\u00f3venes.<\/span><\/p>\n<p>&nbsp;<\/p>\n<p class=\"x_MsoNormal\" style=\"text-align: justify;\"><span style=\"font-size: 14pt; font-family: arial, helvetica, sans-serif;\">Por tal raz\u00f3n, dijo que en Cobaes est\u00e1n listos para atender esta convocatoria de Ceaip. &nbsp;<\/span><\/p>\n<p>&nbsp;<\/p>\n<p class=\"x_MsoNormal\" style=\"text-align: justify;\"><span style=\"font-size: 14pt; font-family: arial, helvetica, sans-serif;\">Los titulares del \u00f3rgano constitucional aut\u00f3nomo, de la UAdeO y Cobaes iniciaron los trabajos para suscribir los convenios de colaboraci\u00f3n.<\/span><\/p>\n<p>&nbsp;<\/p>\n<p>REDACCI\u00d3N\/VISI\u00d3N CIUDADANA.<\/p>\n","protected":false},"excerpt":{"rendered":"<p>&nbsp; Ceaip, UAdeO y Cobaes acordaron suscribir convenios de colaboraci\u00f3n en materia de capacitaci\u00f3n, profesionalizaci\u00f3n y difusi\u00f3n. &nbsp; Con este fin, Jos\u00e9 Alfredo Beltr\u00e1n Estrada, Presidente de la Comisi\u00f3n Estatal para el Acceso a la Informaci\u00f3n P\u00fablica, sostuvo encuentros por separado con Sylvia Paz D\u00edaz Camacho, Rectora de la UAdeO y Sergio Mario Arredondo Salas, [&hellip;]<\/p>\n","protected":false},"author":1,"featured_media":5932,"comment_status":"open","ping_status":"closed","sticky":false,"template":"","format":"standard","meta":{"footnotes":""},"categories":[13],"tags":[],"ppma_author":[31],"class_list":["post-14395","post","type-post","status-publish","format-standard","has-post-thumbnail","hentry","category-locales"],"aioseo_notices":[],"authors":[{"term_id":31,"user_id":1,"is_guest":0,"slug":"ivan3vino","display_name":"Iv\u00e1n Trevi\u00f1o","avatar_url":{"url":"https:\/\/visionciudadana.com.mx\/oficial\/wp-content\/uploads\/2025\/09\/columna-ivan-Trevino.png","url2x":"https:\/\/visionciudadana.com.mx\/oficial\/wp-content\/uploads\/2025\/09\/columna-ivan-Trevino.png"},"0":null,"1":"","2":"","3":"","4":"","5":"","6":"","7":"","8":""}],"_links":{"self":[{"href":"https:\/\/visionciudadana.com.mx\/oficial\/wp-json\/wp\/v2\/posts\/14395","targetHints":{"allow":["GET"]}}],"collection":[{"href":"https:\/\/visionciudadana.com.mx\/oficial\/wp-json\/wp\/v2\/posts"}],"about":[{"href":"https:\/\/visionciudadana.com.mx\/oficial\/wp-json\/wp\/v2\/types\/post"}],"author":[{"embeddable":true,"href":"https:\/\/visionciudadana.com.mx\/oficial\/wp-json\/wp\/v2\/users\/1"}],"replies":[{"embeddable":true,"href":"https:\/\/visionciudadana.com.mx\/oficial\/wp-json\/wp\/v2\/comments?post=14395"}],"version-history":[{"count":0,"href":"https:\/\/visionciudadana.com.mx\/oficial\/wp-json\/wp\/v2\/posts\/14395\/revisions"}],"wp:featuredmedia":[{"embeddable":true,"href":"https:\/\/visionciudadana.com.mx\/oficial\/wp-json\/wp\/v2\/posts\/5932"}],"wp:attachment":[{"href":"https:\/\/visionciudadana.com.mx\/oficial\/wp-json\/wp\/v2\/media?parent=14395"}],"wp:term":[{"taxonomy":"category","embeddable":true,"href":"https:\/\/visionciudadana.com.mx\/oficial\/wp-json\/wp\/v2\/categories?post=14395"},{"taxonomy":"post_tag","embeddable":true,"href":"https:\/\/visionciudadana.com.mx\/oficial\/wp-json\/wp\/v2\/tags?post=14395"},{"taxonomy":"author","embeddable":true,"href":"https:\/\/visionciudadana.com.mx\/oficial\/wp-json\/wp\/v2\/ppma_author?post=14395"}],"curies":[{"name":"wp","href":"https:\/\/api.w.org\/{rel}","templated":true}]}}