{"id":14389,"date":"2020-11-12T03:10:34","date_gmt":"2020-11-12T03:10:34","guid":{"rendered":"https:\/\/visionciudadana.com.mx\/prueba\/2020\/11\/12\/promueve-kechu-ramirez-brigadas-de-proteccion-animal-con-elementos-policiales\/"},"modified":"2020-11-12T03:10:34","modified_gmt":"2020-11-12T03:10:34","slug":"promueve-kechu-ramirez-brigadas-de-proteccion-animal-con-elementos-policiales","status":"publish","type":"post","link":"https:\/\/visionciudadana.com.mx\/oficial\/2020\/11\/12\/promueve-kechu-ramirez-brigadas-de-proteccion-animal-con-elementos-policiales\/","title":{"rendered":"Promueve Kechu Ramirez brigadas de protecci\u00f3n animal con elementos policiales"},"content":{"rendered":"<p style=\"text-align: justify;\"><img decoding=\"async\" src=\"images\/2020\/NOV20\/kechu.PNG\" alt=\"kechu\" style=\"display: block; margin-left: auto; margin-right: auto;\" \/><\/p>\n<p><span style=\"font-size: 14pt; font-family: arial, helvetica, sans-serif;\">Con el fin de fortalecer la pr\u00f3xima legislaci\u00f3n en materia de protecci\u00f3n de animales, el diputado, Jes\u00fas Armando \u201cKechu\u201d Ram\u00edrez, present\u00f3 una iniciativa para reforma la Ley de Protecci\u00f3n Animal para Sinaloa, la cual promueve la creaci\u00f3n de una brigada de elementos policiales para el cuidado y rescate de animales en situaci\u00f3n de maltrato o abandono.<\/span><\/p>\n<p style=\"text-align: justify;\"><span style=\"font-size: 14pt; font-family: arial, helvetica, sans-serif;\">Tal iniciativa cuenta con el respaldo de los diputados que conforman el grupo parlamentario del PRI y los ciudadanos, Nataly Avenda\u00f1o L\u00f3pez, Eduardo de Jes\u00fas Ch\u00e1vez, Jes\u00fas Joaqu\u00edn Rodr\u00edguez, Ruby Romero, Jes\u00fas Alfredo Valenzuela y Miguel \u00c1ngel Vicente y pretende establecer un marco jur\u00eddico que garantice la protecci\u00f3n de los animales a trav\u00e9s de dar atribuciones a la Secretar\u00eda de Seguridad y los Ayuntamientos.<\/span><\/p>\n<p style=\"text-align: justify;\"><span style=\"font-size: 14pt; font-family: arial, helvetica, sans-serif;\">Al presentar la ley a la oficial\u00eda de partes del Congreso del Estado, el diputado Kechu Ramirez, manifest\u00f3 que, con ello, &nbsp;da cumplimiento a la agenda com\u00fan legislativa del Congreso del Estado y se sigue impulsando el cuidado y protecci\u00f3n de las especies y el medio ambiente.<\/span><\/p>\n<p style=\"text-align: justify;\"><span style=\"font-size: 14pt; font-family: arial, helvetica, sans-serif;\">La iniciativa promovida consiste en la creaci\u00f3n de la brigada de protecci\u00f3n animal con elementos de la Secretar\u00eda de Seguridad P\u00fablica, la cual, tendr\u00e1 la responsabilidad de rescatar animales, brindar protecci\u00f3n a los animales que se encuentren en abandono, responder a situaciones de peligro por agresi\u00f3n animal, retirar animales que participen en plantones o manifestaciones, impedir y remitir ante la autoridad competente a los infractores que celebren y promuevan peleas de perros, realizar operativos en los mercados y establecimientos que se dediquen a la venta de animales y rescatar animales al interior de un domicilio si se est\u00e1 cometiendo el delito de maltrato.<\/span><\/p>\n<p style=\"text-align: justify;\"><span style=\"font-size: 14pt; font-family: arial, helvetica, sans-serif;\">Adem\u00e1s de crear la figura de tutor o propietario de animales, la reforma tambi\u00e9n les da sus obligaciones como procurar la higiene en sus casas y en la v\u00eda p\u00fablica, proporcionar la compa\u00f1\u00eda y el paseo necesario para ejercitarse y contribuir voluntaria y directamente con el cuidado de los animales mediante acciones que promuevan un ejemplo social de cuidado y trato digno.<\/span><\/p>\n<p style=\"text-align: justify;\"><span style=\"font-size: 14pt; font-family: arial, helvetica, sans-serif;\">La reforma tambi\u00e9n promueve que los Ayuntamientos intervengan en los casos de crueldad, mutilaci\u00f3n est\u00e9tica, modificaci\u00f3n corporal, abandono, explotaci\u00f3n o maltrato en contra de animales, aplicando las medidas de seguridad y\/o sanciones que correspondan. El abandonar a los animales en la v\u00eda p\u00fablica o en un lugar lejano de su h\u00e1bitat natural, es considerada una infracci\u00f3n.<\/span><\/p>\n<p style=\"text-align: justify;\">&nbsp;<\/p>\n<p style=\"text-align: justify;\">&nbsp;<\/p>\n<p style=\"text-align: justify;\"><span style=\"font-size: 14pt; font-family: arial, helvetica, sans-serif;\">REDACCI\u00d3N\/VISI\u00d3N CIUDADANA.<\/span><\/p>\n","protected":false},"excerpt":{"rendered":"<p>Con el fin de fortalecer la pr\u00f3xima legislaci\u00f3n en materia de protecci\u00f3n de animales, el diputado, Jes\u00fas Armando \u201cKechu\u201d Ram\u00edrez, present\u00f3 una iniciativa para reforma la Ley de Protecci\u00f3n Animal para Sinaloa, la cual promueve la creaci\u00f3n de una brigada de elementos policiales para el cuidado y rescate de animales en situaci\u00f3n de maltrato o [&hellip;]<\/p>\n","protected":false},"author":1,"featured_media":5924,"comment_status":"open","ping_status":"closed","sticky":false,"template":"","format":"standard","meta":{"footnotes":""},"categories":[24],"tags":[],"ppma_author":[31],"class_list":["post-14389","post","type-post","status-publish","format-standard","has-post-thumbnail","hentry","category-relevantes"],"aioseo_notices":[],"authors":[{"term_id":31,"user_id":1,"is_guest":0,"slug":"ivan3vino","display_name":"Iv\u00e1n Trevi\u00f1o","avatar_url":{"url":"https:\/\/visionciudadana.com.mx\/oficial\/wp-content\/uploads\/2025\/09\/columna-ivan-Trevino.png","url2x":"https:\/\/visionciudadana.com.mx\/oficial\/wp-content\/uploads\/2025\/09\/columna-ivan-Trevino.png"},"0":null,"1":"","2":"","3":"","4":"","5":"","6":"","7":"","8":""}],"_links":{"self":[{"href":"https:\/\/visionciudadana.com.mx\/oficial\/wp-json\/wp\/v2\/posts\/14389","targetHints":{"allow":["GET"]}}],"collection":[{"href":"https:\/\/visionciudadana.com.mx\/oficial\/wp-json\/wp\/v2\/posts"}],"about":[{"href":"https:\/\/visionciudadana.com.mx\/oficial\/wp-json\/wp\/v2\/types\/post"}],"author":[{"embeddable":true,"href":"https:\/\/visionciudadana.com.mx\/oficial\/wp-json\/wp\/v2\/users\/1"}],"replies":[{"embeddable":true,"href":"https:\/\/visionciudadana.com.mx\/oficial\/wp-json\/wp\/v2\/comments?post=14389"}],"version-history":[{"count":0,"href":"https:\/\/visionciudadana.com.mx\/oficial\/wp-json\/wp\/v2\/posts\/14389\/revisions"}],"wp:featuredmedia":[{"embeddable":true,"href":"https:\/\/visionciudadana.com.mx\/oficial\/wp-json\/wp\/v2\/media\/5924"}],"wp:attachment":[{"href":"https:\/\/visionciudadana.com.mx\/oficial\/wp-json\/wp\/v2\/media?parent=14389"}],"wp:term":[{"taxonomy":"category","embeddable":true,"href":"https:\/\/visionciudadana.com.mx\/oficial\/wp-json\/wp\/v2\/categories?post=14389"},{"taxonomy":"post_tag","embeddable":true,"href":"https:\/\/visionciudadana.com.mx\/oficial\/wp-json\/wp\/v2\/tags?post=14389"},{"taxonomy":"author","embeddable":true,"href":"https:\/\/visionciudadana.com.mx\/oficial\/wp-json\/wp\/v2\/ppma_author?post=14389"}],"curies":[{"name":"wp","href":"https:\/\/api.w.org\/{rel}","templated":true}]}}