{"id":14388,"date":"2020-11-12T02:48:53","date_gmt":"2020-11-12T02:48:53","guid":{"rendered":"https:\/\/visionciudadana.com.mx\/prueba\/2020\/11\/12\/trata-de-personas-desde-el-enfoque-de-derechos-humanos\/"},"modified":"2020-11-12T02:48:53","modified_gmt":"2020-11-12T02:48:53","slug":"trata-de-personas-desde-el-enfoque-de-derechos-humanos","status":"publish","type":"post","link":"https:\/\/visionciudadana.com.mx\/oficial\/2020\/11\/12\/trata-de-personas-desde-el-enfoque-de-derechos-humanos\/","title":{"rendered":"Trata de personas desde el enfoque de derechos humanos"},"content":{"rendered":"<p>&nbsp;<\/p>\n<p><img decoding=\"async\" src=\"images\/2020\/NOV20\/comisions.PNG\" alt=\"comisions\" style=\"display: block; margin-left: auto; margin-right: auto;\" \/><\/p>\n<p class=\"x_MsoNormal\" style=\"text-align: justify;\" align=\"center\"><span style=\"font-size: 14pt; font-family: arial, helvetica, sans-serif;\">A fin de fortalecer y sensibilizar a los servidores p\u00fablicos estatales y municipales, el Sistema Estatal de Seguridad P\u00fablica, SESESP, a trav\u00e9s del Centro Estatal de Prevenci\u00f3n Social de la Violencia y la Delincuencia&nbsp; con Participaci\u00f3n Ciudadana, CEPREVSIN, realizaron de manera virtual la capacitaci\u00f3n Trata de Personas desde el enfoque de los Derechos Humanos, la cual fue impartida por el M.C. Oscar Cort\u00e9s, Director de dicho programa en la CNDH.<\/span><\/p>\n<p style=\"text-align: justify;\">&nbsp;<\/p>\n<p class=\"x_MsoNormal\" style=\"text-align: justify;\"><span style=\"font-size: 14pt; font-family: arial, helvetica, sans-serif;\">V\u00eda FBLIVE, directora del CEPREVSIN, Paola G\u00e1rate Valenzuela, dio su mensaje de bienvenida se\u00f1alando que debe hacerse mucho m\u00e1s para prevenir que las personas sean presas f\u00e1ciles de estos predadores humanos \u00abLa trata de personas es una forma moderna de esclavitud y todos los derechos habidos y por haber de las personas que sufren trata se violan\u201d. G\u00e1rate Valenzuela coment\u00f3 tambi\u00e9n que todos debemos dejar de pensar que nunca nos va a pasar algo as\u00ed para comenzar a ayudar.<\/span><\/p>\n<p style=\"text-align: justify;\">&nbsp;<\/p>\n<p class=\"x_MsoNormal\" style=\"text-align: justify;\"><span style=\"font-size: 14pt; font-family: arial, helvetica, sans-serif;\">La capacitaci\u00f3n virtual estuvo a cargo director del Programa Trata de Persona en la Comisi\u00f3n Nacional de Derechos Humanos, CNDH, M.C. Oscar Salom\u00f3n Cort\u00e9s Flores, durante su exposici\u00f3n dijo que el delito de Trata de Personas que se ha convertido en el tercer negocio il\u00edcito m\u00e1s lucrativo del mundo. Coment\u00f3 tambi\u00e9n que la trata de personas es un delito de car\u00e1cter global. Sus finalidades abarcan la explotaci\u00f3n sexual, la servidumbre o el matrimonio servil, la mendicidad ajena, el trabajo forzoso y el tr\u00e1fico de \u00f3rganos. Sin embargo, las m\u00e1s comunes son el abuso sexual y laboral, situaciones lamentables que re\u00fanen aproximadamente 21 millones de v\u00edctimas, seg\u00fan cifras mundiales de la Organizaci\u00f3n Internacional del Trabajo en 2019\u201d.<\/span><\/p>\n<p style=\"text-align: justify;\">&nbsp;<\/p>\n<p class=\"x_MsoNormal\" style=\"text-align: justify;\"><span style=\"font-size: 14pt; font-family: arial, helvetica, sans-serif;\">Durante la capacitaci\u00f3n estuvieron presentes en participaci\u00f3n activa m\u00e1s 20 dependencias estatales y municipales; as\u00ed p\u00fablico en general quienes&nbsp; &nbsp;recibieron informaci\u00f3n, fundamental para detectar el delito, comprometi\u00e9ndose a promover esta iniciativa, a decir #AQUIESTOY contra la trata de personas, y a difundir su llamado a la acci\u00f3n.<\/span><\/p>\n<p>&nbsp;<\/p>\n<p style=\"text-align: justify;\">&nbsp;<\/p>\n<p style=\"text-align: justify;\"><span style=\"font-size: 14pt; font-family: arial, helvetica, sans-serif;\">REDACCI\u00d3N\/VISI\u00d3N CIUDADANA.<\/span><\/p>\n","protected":false},"excerpt":{"rendered":"<p>&nbsp; A fin de fortalecer y sensibilizar a los servidores p\u00fablicos estatales y municipales, el Sistema Estatal de Seguridad P\u00fablica, SESESP, a trav\u00e9s del Centro Estatal de Prevenci\u00f3n Social de la Violencia y la Delincuencia&nbsp; con Participaci\u00f3n Ciudadana, CEPREVSIN, realizaron de manera virtual la capacitaci\u00f3n Trata de Personas desde el enfoque de los Derechos Humanos, [&hellip;]<\/p>\n","protected":false},"author":1,"featured_media":5922,"comment_status":"open","ping_status":"closed","sticky":false,"template":"","format":"standard","meta":{"footnotes":""},"categories":[24],"tags":[],"ppma_author":[31],"class_list":["post-14388","post","type-post","status-publish","format-standard","has-post-thumbnail","hentry","category-relevantes"],"aioseo_notices":[],"authors":[{"term_id":31,"user_id":1,"is_guest":0,"slug":"ivan3vino","display_name":"Iv\u00e1n Trevi\u00f1o","avatar_url":{"url":"https:\/\/visionciudadana.com.mx\/oficial\/wp-content\/uploads\/2025\/09\/columna-ivan-Trevino.png","url2x":"https:\/\/visionciudadana.com.mx\/oficial\/wp-content\/uploads\/2025\/09\/columna-ivan-Trevino.png"},"0":null,"1":"","2":"","3":"","4":"","5":"","6":"","7":"","8":""}],"_links":{"self":[{"href":"https:\/\/visionciudadana.com.mx\/oficial\/wp-json\/wp\/v2\/posts\/14388","targetHints":{"allow":["GET"]}}],"collection":[{"href":"https:\/\/visionciudadana.com.mx\/oficial\/wp-json\/wp\/v2\/posts"}],"about":[{"href":"https:\/\/visionciudadana.com.mx\/oficial\/wp-json\/wp\/v2\/types\/post"}],"author":[{"embeddable":true,"href":"https:\/\/visionciudadana.com.mx\/oficial\/wp-json\/wp\/v2\/users\/1"}],"replies":[{"embeddable":true,"href":"https:\/\/visionciudadana.com.mx\/oficial\/wp-json\/wp\/v2\/comments?post=14388"}],"version-history":[{"count":0,"href":"https:\/\/visionciudadana.com.mx\/oficial\/wp-json\/wp\/v2\/posts\/14388\/revisions"}],"wp:featuredmedia":[{"embeddable":true,"href":"https:\/\/visionciudadana.com.mx\/oficial\/wp-json\/wp\/v2\/media\/5922"}],"wp:attachment":[{"href":"https:\/\/visionciudadana.com.mx\/oficial\/wp-json\/wp\/v2\/media?parent=14388"}],"wp:term":[{"taxonomy":"category","embeddable":true,"href":"https:\/\/visionciudadana.com.mx\/oficial\/wp-json\/wp\/v2\/categories?post=14388"},{"taxonomy":"post_tag","embeddable":true,"href":"https:\/\/visionciudadana.com.mx\/oficial\/wp-json\/wp\/v2\/tags?post=14388"},{"taxonomy":"author","embeddable":true,"href":"https:\/\/visionciudadana.com.mx\/oficial\/wp-json\/wp\/v2\/ppma_author?post=14388"}],"curies":[{"name":"wp","href":"https:\/\/api.w.org\/{rel}","templated":true}]}}