{"id":14387,"date":"2020-11-12T02:32:39","date_gmt":"2020-11-12T02:32:39","guid":{"rendered":"https:\/\/visionciudadana.com.mx\/prueba\/2020\/11\/12\/acuerdan-comisiones-unidas-realizar-foro-ganadero-el-23-de-noviembre\/"},"modified":"2020-11-12T02:32:39","modified_gmt":"2020-11-12T02:32:39","slug":"acuerdan-comisiones-unidas-realizar-foro-ganadero-el-23-de-noviembre","status":"publish","type":"post","link":"https:\/\/visionciudadana.com.mx\/oficial\/2020\/11\/12\/acuerdan-comisiones-unidas-realizar-foro-ganadero-el-23-de-noviembre\/","title":{"rendered":"Acuerdan comisiones unidas realizar Foro Ganadero el 23 de noviembre"},"content":{"rendered":"<p style=\"text-align: justify;\"><img decoding=\"async\" src=\"images\/2020\/NOV20\/ganadero_congreso.PNG\" alt=\"ganadero congreso\" style=\"display: block; margin-left: auto; margin-right: auto;\" \/><\/p>\n<p style=\"text-align: justify;\"><span style=\"font-size: 14pt; font-family: arial, helvetica, sans-serif;\">Con el objeto de ampliar la participaci\u00f3n social a trav\u00e9s del mecanismo de Parlamento Abierto, el Congreso del Estado acord\u00f3 realizar un Foro Ganadero el pr\u00f3ximo 23 de noviembre. <\/span><\/p>\n<p style=\"text-align: justify;\">&nbsp;<\/p>\n<p style=\"text-align: justify;\"><span style=\"font-size: 14pt; font-family: arial, helvetica, sans-serif;\">Ello fue acordado por los integrantes de las comisiones unidas de Puntos Constitucionales y Gobernaci\u00f3n y de Asuntos Agropecuarios, en reuni\u00f3n virtual sostenida este mi\u00e9rcoles. Los respectivos presidentes de estas comisiones, Horario Lora Oliva y Jes\u00fas Ram\u00f3n Monreal C\u00e1zarez, explicaron que el objetivo del foro es nutrir las dos iniciativas que al efecto se tienen en esta Legislatura para efecto de elaborar el dictamen correspondiente de una nueva Ley Ganadera. <\/span><\/p>\n<p style=\"text-align: justify;\">&nbsp;<\/p>\n<p style=\"text-align: justify;\"><span style=\"font-size: 14pt; font-family: arial, helvetica, sans-serif;\">De la Comisi\u00f3n de Puntos Constitucionales y Gobernaci\u00f3n tambi\u00e9n participaron las diputadas Ana Cecilia Moreno Romero y Flora Isela Miranda Leal y el diputado \u00c9dgar Augusto Gonz\u00e1lez Zatarain. <\/span><\/p>\n<p style=\"text-align: justify;\">&nbsp;<\/p>\n<p style=\"text-align: justify;\"><span style=\"font-size: 14pt; font-family: arial, helvetica, sans-serif;\">De la Comisi\u00f3n de Asuntos Agropecuarios tambi\u00e9n participaron la diputada Ana Cecilia Moreno Romero, y la diputada Francisca Abell\u00f3 Jord\u00e1 y el diputado Gildardo Leyva Ortega. <\/span><\/p>\n<p style=\"text-align: justify;\">&nbsp;<\/p>\n<p style=\"text-align: justify;\"><span style=\"font-size: 14pt; font-family: arial, helvetica, sans-serif;\">El diputado Horacio Lora consider\u00f3 que inicialmente el foro estaba programado para el 13 de noviembre, pero se consider\u00f3 muy pertinente cambiarlo para el d\u00eda 23 para que quienes vayan a participar con ponencias tengan tiempo suficiente para poder presentarlas. Inform\u00f3 que durante el foro se presentar\u00e1n tres conferencias, una de las cuales ser\u00e1 sobre inocuidad alimentaria, otra sobre desarrollo rural y ganader\u00eda y la \u00faltima sobre la comercializaci\u00f3n de los productos agropecuarios. <\/span><\/p>\n<p style=\"text-align: justify;\">&nbsp;<\/p>\n<p style=\"text-align: justify;\"><span style=\"font-size: 14pt; font-family: arial, helvetica, sans-serif;\">El diputado \u00c9dgar Augusto Gonz\u00e1lez consider\u00f3 que es de suma importancia este foro porque se da la oportunidad de que participen con opiniones y propuestas a los principales interesados en el tema. <\/span><\/p>\n<p style=\"text-align: justify;\">&nbsp;<\/p>\n<p style=\"text-align: justify;\"><span style=\"font-size: 14pt; font-family: arial, helvetica, sans-serif;\">\u201cServir\u00eda ampliar lo m\u00e1s que se pueda la convocatoria porque el sector ganadero est\u00e1 por todo el estado, de extremo a extremo\u201d, dijo. Jes\u00fas Ram\u00f3n Monreal C\u00e1zarez, presidente de la Comisi\u00f3n de Asuntos Agropecuarios, expuso que los interesados pueden revisar las dos iniciativas que hay sobre el tema, y adelant\u00f3 que en la p\u00e1gina oficial del Congreso del Estado www.congresosinaloa.gob.mx se abrir\u00e1 un micro sitio donde se podr\u00e1 encontrar un cuadro comparativo sobre ambas propuestas.<\/span><\/p>\n<p style=\"text-align: justify;\">&nbsp;<\/p>\n<p style=\"text-align: justify;\"><span style=\"font-size: 14pt; font-family: arial, helvetica, sans-serif;\">REDACCI\u00d3N\/VISI\u00d3N CIUDADANA.<\/span><\/p>\n","protected":false},"excerpt":{"rendered":"<p>Con el objeto de ampliar la participaci\u00f3n social a trav\u00e9s del mecanismo de Parlamento Abierto, el Congreso del Estado acord\u00f3 realizar un Foro Ganadero el pr\u00f3ximo 23 de noviembre. &nbsp; Ello fue acordado por los integrantes de las comisiones unidas de Puntos Constitucionales y Gobernaci\u00f3n y de Asuntos Agropecuarios, en reuni\u00f3n virtual sostenida este mi\u00e9rcoles. [&hellip;]<\/p>\n","protected":false},"author":1,"featured_media":5920,"comment_status":"open","ping_status":"closed","sticky":false,"template":"","format":"standard","meta":{"footnotes":""},"categories":[24],"tags":[],"ppma_author":[31],"class_list":["post-14387","post","type-post","status-publish","format-standard","has-post-thumbnail","hentry","category-relevantes"],"aioseo_notices":[],"authors":[{"term_id":31,"user_id":1,"is_guest":0,"slug":"ivan3vino","display_name":"Iv\u00e1n Trevi\u00f1o","avatar_url":{"url":"https:\/\/visionciudadana.com.mx\/oficial\/wp-content\/uploads\/2025\/09\/columna-ivan-Trevino.png","url2x":"https:\/\/visionciudadana.com.mx\/oficial\/wp-content\/uploads\/2025\/09\/columna-ivan-Trevino.png"},"0":null,"1":"","2":"","3":"","4":"","5":"","6":"","7":"","8":""}],"_links":{"self":[{"href":"https:\/\/visionciudadana.com.mx\/oficial\/wp-json\/wp\/v2\/posts\/14387","targetHints":{"allow":["GET"]}}],"collection":[{"href":"https:\/\/visionciudadana.com.mx\/oficial\/wp-json\/wp\/v2\/posts"}],"about":[{"href":"https:\/\/visionciudadana.com.mx\/oficial\/wp-json\/wp\/v2\/types\/post"}],"author":[{"embeddable":true,"href":"https:\/\/visionciudadana.com.mx\/oficial\/wp-json\/wp\/v2\/users\/1"}],"replies":[{"embeddable":true,"href":"https:\/\/visionciudadana.com.mx\/oficial\/wp-json\/wp\/v2\/comments?post=14387"}],"version-history":[{"count":0,"href":"https:\/\/visionciudadana.com.mx\/oficial\/wp-json\/wp\/v2\/posts\/14387\/revisions"}],"wp:featuredmedia":[{"embeddable":true,"href":"https:\/\/visionciudadana.com.mx\/oficial\/wp-json\/wp\/v2\/media\/5920"}],"wp:attachment":[{"href":"https:\/\/visionciudadana.com.mx\/oficial\/wp-json\/wp\/v2\/media?parent=14387"}],"wp:term":[{"taxonomy":"category","embeddable":true,"href":"https:\/\/visionciudadana.com.mx\/oficial\/wp-json\/wp\/v2\/categories?post=14387"},{"taxonomy":"post_tag","embeddable":true,"href":"https:\/\/visionciudadana.com.mx\/oficial\/wp-json\/wp\/v2\/tags?post=14387"},{"taxonomy":"author","embeddable":true,"href":"https:\/\/visionciudadana.com.mx\/oficial\/wp-json\/wp\/v2\/ppma_author?post=14387"}],"curies":[{"name":"wp","href":"https:\/\/api.w.org\/{rel}","templated":true}]}}