{"id":14386,"date":"2020-11-12T02:21:11","date_gmt":"2020-11-12T02:21:11","guid":{"rendered":"https:\/\/visionciudadana.com.mx\/prueba\/2020\/11\/12\/recoge-congreso-propuestas-para-fortalecer-a-cuerpos-de-bomberos\/"},"modified":"2020-11-12T02:21:11","modified_gmt":"2020-11-12T02:21:11","slug":"recoge-congreso-propuestas-para-fortalecer-a-cuerpos-de-bomberos","status":"publish","type":"post","link":"https:\/\/visionciudadana.com.mx\/oficial\/2020\/11\/12\/recoge-congreso-propuestas-para-fortalecer-a-cuerpos-de-bomberos\/","title":{"rendered":"Recoge Congreso propuestas para fortalecer a cuerpos de bomberos"},"content":{"rendered":"<p style=\"text-align: justify;\"><img decoding=\"async\" src=\"images\/2020\/NOV20\/foro_reformas.PNG\" alt=\"foro reformas\" style=\"display: block; margin-left: auto; margin-right: auto;\" \/><\/p>\n<p style=\"text-align: justify;\"><span style=\"font-size: 14pt; font-family: arial, helvetica, sans-serif;\">El Congreso del Estado, enalteciendo su funci\u00f3n de ser un espacio de dialogo a las demandas ciudadanas, conf\u00eda en que a trav\u00e9s de foros se generen las propuestas pertinentes que permitan avanzar en planteamientos jur\u00eddicos y acciones que fortalezcan los cuerpos de bomberos de la entidad. <\/span><\/p>\n<p style=\"text-align: justify;\">&nbsp;<\/p>\n<p style=\"text-align: justify;\"><span style=\"font-size: 14pt; font-family: arial, helvetica, sans-serif;\">Ello lo expres\u00f3 la presidenta de la Mesa Directiva del Congreso, Roxana Rubio Valdez, al inaugurar el Foro Reformas Legislativas, Por los Bomberos de Sinaloa. <\/span><\/p>\n<p style=\"text-align: justify;\">&nbsp;<\/p>\n<p style=\"text-align: justify;\"><span style=\"font-size: 14pt; font-family: arial, helvetica, sans-serif;\">Protegiendo a nuestros h\u00e9roes El evento fue promovido por la diputada Karla de Lourdes Montero Alatorre, presidenta de la Comisi\u00f3n de Planeaci\u00f3n y Desarrollo, quien consider\u00f3 que es inadmisible que los bomberos no tengan un salario o que si lo tienen sea raqu\u00edtico y no cuenten con garant\u00edas sociales. <\/span><\/p>\n<p style=\"text-align: justify;\">&nbsp;<\/p>\n<p style=\"text-align: justify;\"><span style=\"font-size: 14pt; font-family: arial, helvetica, sans-serif;\">La diputada Roxana Rubio, dio la bienvenida a comandantes y representantes de los cuerpos de bomberos que hay en Sinaloa y que se dieron cita en el Sal\u00f3n Constituyentes de 1917. <\/span><\/p>\n<p style=\"text-align: justify;\">&nbsp;<\/p>\n<p style=\"text-align: justify;\"><span style=\"font-size: 14pt; font-family: arial, helvetica, sans-serif;\">Sin duda, les dijo, los cuerpos de bomberos son de vital importancia en nuestra sociedad, porque su actividad no solo se circunscribe a combatir incendios. Tambi\u00e9n, agreg\u00f3, se encargan de ofrecer todo tipo de ayuda a emergencias tales como inundaciones, rescates, control de animales, incendios forestales, accidentes viales y otras. <\/span><\/p>\n<p style=\"text-align: justify;\">&nbsp;<\/p>\n<p style=\"text-align: justify;\"><span style=\"font-size: 14pt; font-family: arial, helvetica, sans-serif;\">Reconoci\u00f3 que las estaciones de bomberos hist\u00f3ricamente han tenido muchos problemas para subsistir financieramente, por lo que se pronunci\u00f3 por dise\u00f1ar mecanismos que les permitan mejorar sus ingresos.<\/span><\/p>\n<p style=\"text-align: justify;\">&nbsp;<\/p>\n<p style=\"text-align: justify;\"><span style=\"font-size: 14pt; font-family: arial, helvetica, sans-serif;\"> No s\u00f3lo para la subsistencia de las personas que ponen en riesgo sus vidas, en cuanto a sus prestaciones labores, sino tambi\u00e9n en cuanto al equipamiento adecuado e indispensable para sus actividades, dijo. <\/span><\/p>\n<p style=\"text-align: justify;\">&nbsp;<\/p>\n<p style=\"text-align: justify;\"><span style=\"font-size: 14pt; font-family: arial, helvetica, sans-serif;\">La diputada Karla de Lourdes Montero, consider\u00f3 que ya es momento de hacer justicia a los cuerpos de bomberos de Sinaloa, e invit\u00f3 a sus compa\u00f1eras y compa\u00f1eros diputados a legislar para ellos. <\/span><\/p>\n<p style=\"text-align: justify;\">&nbsp;<\/p>\n<p style=\"text-align: justify;\"><span style=\"font-size: 14pt; font-family: arial, helvetica, sans-serif;\">\u201cEs tiempo de que se apruebe un instrumento jur\u00eddico que beneficie a todos los que se dedican a tan importante labor social y se fortalezca el trabajo que con tanto profesionalismo realizan\u201d.<\/span><\/p>\n<p style=\"text-align: justify;\">&nbsp;<\/p>\n<p style=\"text-align: justify;\"><span style=\"font-size: 14pt; font-family: arial, helvetica, sans-serif;\"> De igual manera se pronunci\u00f3 por avanzar en la capacitaci\u00f3n y en la entrega de herramientas, veh\u00edculos, seguridad social y seguros de vida. El comandante de los bomberos de Navolato, Pedro Garc\u00eda, present\u00f3 un panorama general de la situaci\u00f3n que vive cada uno de los cuerpos de bomberos, y afirm\u00f3 que su situaci\u00f3n es lamentable en cuanto a equipamiento y a salarios, los cuales en promedio oscilan entre los 2,500 y 2,700 pesos quincenales. <\/span><\/p>\n<p style=\"text-align: justify;\">&nbsp;<\/p>\n<p style=\"text-align: justify;\"><span style=\"font-size: 14pt; font-family: arial, helvetica, sans-serif;\">El exjefe de Bomberos de Culiac\u00e1n, Ad\u00e1n Shinagawa, expuso que hay ejemplos a seguir para mejorar la situaci\u00f3n de estos organismos, y cit\u00f3 el caso del municipio de Zapopan, del estado de Jalisco, el cual fue presentado por su respectivo titular, Sergio Ram\u00edrez.&nbsp;<\/span><\/p>\n<p style=\"text-align: justify;\">&nbsp;<\/p>\n<p style=\"text-align: justify;\"><span style=\"font-size: 14pt; font-family: arial, helvetica, sans-serif;\">REDACCI\u00d3N\/VISI\u00d3N CIUDADANA.<\/span><\/p>\n","protected":false},"excerpt":{"rendered":"<p>El Congreso del Estado, enalteciendo su funci\u00f3n de ser un espacio de dialogo a las demandas ciudadanas, conf\u00eda en que a trav\u00e9s de foros se generen las propuestas pertinentes que permitan avanzar en planteamientos jur\u00eddicos y acciones que fortalezcan los cuerpos de bomberos de la entidad. &nbsp; Ello lo expres\u00f3 la presidenta de la Mesa [&hellip;]<\/p>\n","protected":false},"author":1,"featured_media":5918,"comment_status":"open","ping_status":"closed","sticky":false,"template":"","format":"standard","meta":{"footnotes":""},"categories":[24],"tags":[],"ppma_author":[31],"class_list":["post-14386","post","type-post","status-publish","format-standard","has-post-thumbnail","hentry","category-relevantes"],"aioseo_notices":[],"authors":[{"term_id":31,"user_id":1,"is_guest":0,"slug":"ivan3vino","display_name":"Iv\u00e1n Trevi\u00f1o","avatar_url":{"url":"https:\/\/visionciudadana.com.mx\/oficial\/wp-content\/uploads\/2025\/09\/columna-ivan-Trevino.png","url2x":"https:\/\/visionciudadana.com.mx\/oficial\/wp-content\/uploads\/2025\/09\/columna-ivan-Trevino.png"},"0":null,"1":"","2":"","3":"","4":"","5":"","6":"","7":"","8":""}],"_links":{"self":[{"href":"https:\/\/visionciudadana.com.mx\/oficial\/wp-json\/wp\/v2\/posts\/14386","targetHints":{"allow":["GET"]}}],"collection":[{"href":"https:\/\/visionciudadana.com.mx\/oficial\/wp-json\/wp\/v2\/posts"}],"about":[{"href":"https:\/\/visionciudadana.com.mx\/oficial\/wp-json\/wp\/v2\/types\/post"}],"author":[{"embeddable":true,"href":"https:\/\/visionciudadana.com.mx\/oficial\/wp-json\/wp\/v2\/users\/1"}],"replies":[{"embeddable":true,"href":"https:\/\/visionciudadana.com.mx\/oficial\/wp-json\/wp\/v2\/comments?post=14386"}],"version-history":[{"count":0,"href":"https:\/\/visionciudadana.com.mx\/oficial\/wp-json\/wp\/v2\/posts\/14386\/revisions"}],"wp:featuredmedia":[{"embeddable":true,"href":"https:\/\/visionciudadana.com.mx\/oficial\/wp-json\/wp\/v2\/media\/5918"}],"wp:attachment":[{"href":"https:\/\/visionciudadana.com.mx\/oficial\/wp-json\/wp\/v2\/media?parent=14386"}],"wp:term":[{"taxonomy":"category","embeddable":true,"href":"https:\/\/visionciudadana.com.mx\/oficial\/wp-json\/wp\/v2\/categories?post=14386"},{"taxonomy":"post_tag","embeddable":true,"href":"https:\/\/visionciudadana.com.mx\/oficial\/wp-json\/wp\/v2\/tags?post=14386"},{"taxonomy":"author","embeddable":true,"href":"https:\/\/visionciudadana.com.mx\/oficial\/wp-json\/wp\/v2\/ppma_author?post=14386"}],"curies":[{"name":"wp","href":"https:\/\/api.w.org\/{rel}","templated":true}]}}