{"id":14385,"date":"2020-11-12T02:10:50","date_gmt":"2020-11-12T02:10:50","guid":{"rendered":"https:\/\/visionciudadana.com.mx\/prueba\/2020\/11\/12\/recibe-quirino-donacion-de-camion-de-bomberos-por-parte-de-transcanada\/"},"modified":"2020-11-12T02:10:50","modified_gmt":"2020-11-12T02:10:50","slug":"recibe-quirino-donacion-de-camion-de-bomberos-por-parte-de-transcanada","status":"publish","type":"post","link":"https:\/\/visionciudadana.com.mx\/oficial\/2020\/11\/12\/recibe-quirino-donacion-de-camion-de-bomberos-por-parte-de-transcanada\/","title":{"rendered":"Recibe Quirino donaci\u00f3n de cami\u00f3n de bomberos por parte de TransCanada"},"content":{"rendered":"<p>&nbsp;<\/p>\n<p><img decoding=\"async\" src=\"images\/2020\/NOV20\/camion_bombero.PNG\" alt=\"camion bombero\" style=\"display: block; margin-left: auto; margin-right: auto;\" \/><\/p>\n<p class=\"x_MsoNormal\" style=\"text-align: justify;\"><span style=\"font-size: 14pt; font-family: arial, helvetica, sans-serif;\"><span lang=\"ES-TRAD\">Al recibir la donaci\u00f3n de un cami\u00f3n de bomberos de reacci\u00f3n r\u00e1pida, valuado en tres millones de pesos, de parte de TC Energ\u00eda, filial en M\u00e9xico de la empresa TransCanada, el gobernador Quirino Ordaz Coppel agradeci\u00f3 esta aportaci\u00f3n que viene a sumarse al parque vehicular del Instituto Estatal de Protecci\u00f3n Civil, para atender siniestros y casos de emergencias.<\/span><\/span><\/p>\n<p class=\"x_MsoNormal\" style=\"text-align: justify;\"><span lang=\"ES-TRAD\" style=\"font-size: 14pt; font-family: arial, helvetica, sans-serif;\"><\/span><\/p>\n<p class=\"x_MsoNormal\" style=\"text-align: justify;\"><span lang=\"ES-TRAD\" style=\"font-size: 14pt; font-family: arial, helvetica, sans-serif;\">El mandatario estatal agradeci\u00f3 personalmente esta donaci\u00f3n a Edna Garc\u00eda Malpica, directora de Relaciones con Gobiernos de TC Energ\u00eda, empresa canadiense &nbsp; que se encuentra invirtiendo en el gasoducto de Sinaloa, obra estrat\u00e9gica para el desarrollo econ\u00f3mico del estado, en la colocaci\u00f3n de m\u00e1s de 600 kil\u00f3metros de tuber\u00edas de conducci\u00f3n para el gas natural.<\/span><\/p>\n<p class=\"x_MsoNormal\" style=\"text-align: justify;\"><span lang=\"ES-TRAD\" style=\"font-size: 14pt; font-family: arial, helvetica, sans-serif;\"><\/span><\/p>\n<p class=\"x_MsoNormal\" style=\"text-align: justify;\"><span lang=\"ES-TRAD\" style=\"font-size: 14pt; font-family: arial, helvetica, sans-serif;\">Ordaz Coppel reconoci\u00f3 que los Cuerpos de Bomberos y las \u00e1reas de Protecci\u00f3n Civil necesitan permanentemente de ayuda, porque hab\u00edan estado muy abandonadas, y por ello, el a\u00f1o pasado se concret\u00f3 una inversi\u00f3n de su gobierno para dotar a los bomberos de Culiac\u00e1n, Guasave, Mazatl\u00e1n, Ahome y Protecci\u00f3n Civil estatal, de m\u00e1s veh\u00edculos y camiones para que pudieran tener mayor capacidad de atenci\u00f3n, siendo un total de 13 Cuerpos de Bomberos y 23 estaciones de servicio.<\/span><\/p>\n<p class=\"x_MsoNormal\" style=\"text-align: justify;\"><span lang=\"ES-TRAD\" style=\"font-size: 14pt; font-family: arial, helvetica, sans-serif;\"><\/span><\/p>\n<p class=\"x_MsoNormal\" style=\"text-align: justify;\"><span lang=\"ES-TRAD\" style=\"font-size: 14pt; font-family: arial, helvetica, sans-serif;\">\u201cEsto viene a ayudar, el gobierno no lo puede hacer todo solo, ayuda mucho el que se complementen con recursos de empresas como TC Energ\u00eda\u201d, agradeci\u00f3.<\/span><\/p>\n<p class=\"x_MsoNormal\" style=\"text-align: justify;\"><span lang=\"ES-TRAD\" style=\"font-size: 14pt; font-family: arial, helvetica, sans-serif;\"><\/span><\/p>\n<p class=\"x_MsoNormal\" style=\"text-align: justify;\"><span lang=\"ES-TRAD\" style=\"font-size: 14pt; font-family: arial, helvetica, sans-serif;\">Por su parte, el director del Instituto Estatal de Protecci\u00f3n Civil, Juan Francisco Vega Meza, destac\u00f3 que esta donaci\u00f3n se enmarca en la jornada de capacitaci\u00f3n que la Asociaci\u00f3n Internacional de Jefes de Bomberos lleva a cabo desde ayer martes y que concluye este mi\u00e9rcoles, con el curso \u201cManejo de Emergencias y Respuesta en Gasoductos\u201d, dirigido a bomberos y personal de Protecci\u00f3n Civil del estado, por parte de los instructores John Woulfe, Joe Kratochvil y Daniel Banda.<\/span><\/p>\n<p class=\"x_MsoNormal\" style=\"text-align: justify;\"><span lang=\"ES-TRAD\" style=\"font-size: 14pt; font-family: arial, helvetica, sans-serif;\"><\/span><\/p>\n<p class=\"x_MsoNormal\" style=\"text-align: justify;\"><span lang=\"ES-TRAD\" style=\"font-size: 14pt; font-family: arial, helvetica, sans-serif;\">\u201cGobernador, para nosotros, recibir este cami\u00f3n de bomberos, es sumarse a la gran inversi\u00f3n hist\u00f3rica que hizo usted hace dos a\u00f1os a los Cuerpos Voluntarios de Bomberos, de poco m\u00e1s de 25 millones de pesos, y destacar tambi\u00e9n que no es la primera vez que TC Energ\u00eda nos hace una donaci\u00f3n, a principios de la administraci\u00f3n ya nos hab\u00edan hecho una entrega de equipos de protecci\u00f3n personal para los Cuerpos de Bomberos, con un monto de poco m\u00e1s de dos millones 500 mil pesos\u201d, explic\u00f3.<\/span><\/p>\n<p class=\"x_MsoNormal\" style=\"text-align: justify;\"><span lang=\"ES-TRAD\" style=\"font-size: 14pt; font-family: arial, helvetica, sans-serif;\"><\/span><\/p>\n<p class=\"x_MsoNormal\" style=\"text-align: justify;\"><span style=\"font-size: 14pt; font-family: arial, helvetica, sans-serif;\"><span lang=\"ES-TRAD\">A su vez,&nbsp;<\/span><span lang=\"ES-TRAD\">Edna Garc\u00eda Malpica, directora de Relaciones con Gobiernos de TC Energ\u00eda, agradeci\u00f3 tambi\u00e9n el apoyo que han tenido de parte del Gobierno de Sinaloa, y dijo que como empresa se sienten orgullosos de poder contribuir al desarrollo econ\u00f3mico y social del estado, mediante la operaci\u00f3n de los dos gasoductos que tiene la empresa en el estado, uno que va desde El Encino, Chihuahua y conecta con Topolobampo, Ahome, y el otro enteramente en tierra sinaloense, desde la planta El Oro, en El Fuerte, hasta Mazatl\u00e1n.<\/span><\/span><\/p>\n<p class=\"x_MsoNormal\" style=\"text-align: justify;\"><span lang=\"ES-TRAD\" style=\"font-size: 14pt; font-family: arial, helvetica, sans-serif;\"><\/span><\/p>\n<p class=\"x_MsoNormal\" style=\"text-align: justify;\"><span lang=\"ES-TRAD\" style=\"font-size: 14pt; font-family: arial, helvetica, sans-serif;\">\u201cNuestras inversiones en Sinaloa representan 30 mil millones de pesos de inversi\u00f3n directa para el estado, y reiterarle que tambi\u00e9n estamos muy competidos con la inversi\u00f3n social en la entidad, pues desde el 2018 hemos invertido 64 millones de pesos\u201d, concluy\u00f3.<\/span><\/p>\n<p class=\"x_MsoNormal\" style=\"text-align: justify;\"><span lang=\"ES-TRAD\" style=\"font-size: 14pt; font-family: arial, helvetica, sans-serif;\"><\/span><\/p>\n<p class=\"x_MsoNormal\" style=\"text-align: justify;\"><span lang=\"ES-TRAD\" style=\"font-size: 14pt; font-family: arial, helvetica, sans-serif;\">Tambi\u00e9n estuvieron presentes en el evento, el secretario general de Gobierno, Gonzalo G\u00f3mez Flores; el subsecretario de Gobierno, Joel Bouci\u00e9guez Liz\u00e1rraga; y los instructores de la Asociaci\u00f3n Internacional de Jefes de Bomberos, John Woulfe, Joe Kratochvil y Daniel Banda.<\/span><\/p>\n<p style=\"text-align: justify;\">&nbsp;<\/p>\n<p style=\"text-align: justify;\"><span style=\"font-size: 14pt; font-family: arial, helvetica, sans-serif;\">REDACCI\u00d3N\/VISI\u00d3N CIUDADANA.<\/span><\/p>\n","protected":false},"excerpt":{"rendered":"<p>&nbsp; Al recibir la donaci\u00f3n de un cami\u00f3n de bomberos de reacci\u00f3n r\u00e1pida, valuado en tres millones de pesos, de parte de TC Energ\u00eda, filial en M\u00e9xico de la empresa TransCanada, el gobernador Quirino Ordaz Coppel agradeci\u00f3 esta aportaci\u00f3n que viene a sumarse al parque vehicular del Instituto Estatal de Protecci\u00f3n Civil, para atender siniestros [&hellip;]<\/p>\n","protected":false},"author":1,"featured_media":5916,"comment_status":"open","ping_status":"closed","sticky":false,"template":"","format":"standard","meta":{"footnotes":""},"categories":[24],"tags":[],"ppma_author":[31],"class_list":["post-14385","post","type-post","status-publish","format-standard","has-post-thumbnail","hentry","category-relevantes"],"aioseo_notices":[],"authors":[{"term_id":31,"user_id":1,"is_guest":0,"slug":"ivan3vino","display_name":"Iv\u00e1n Trevi\u00f1o","avatar_url":{"url":"https:\/\/visionciudadana.com.mx\/oficial\/wp-content\/uploads\/2025\/09\/columna-ivan-Trevino.png","url2x":"https:\/\/visionciudadana.com.mx\/oficial\/wp-content\/uploads\/2025\/09\/columna-ivan-Trevino.png"},"0":null,"1":"","2":"","3":"","4":"","5":"","6":"","7":"","8":""}],"_links":{"self":[{"href":"https:\/\/visionciudadana.com.mx\/oficial\/wp-json\/wp\/v2\/posts\/14385","targetHints":{"allow":["GET"]}}],"collection":[{"href":"https:\/\/visionciudadana.com.mx\/oficial\/wp-json\/wp\/v2\/posts"}],"about":[{"href":"https:\/\/visionciudadana.com.mx\/oficial\/wp-json\/wp\/v2\/types\/post"}],"author":[{"embeddable":true,"href":"https:\/\/visionciudadana.com.mx\/oficial\/wp-json\/wp\/v2\/users\/1"}],"replies":[{"embeddable":true,"href":"https:\/\/visionciudadana.com.mx\/oficial\/wp-json\/wp\/v2\/comments?post=14385"}],"version-history":[{"count":0,"href":"https:\/\/visionciudadana.com.mx\/oficial\/wp-json\/wp\/v2\/posts\/14385\/revisions"}],"wp:featuredmedia":[{"embeddable":true,"href":"https:\/\/visionciudadana.com.mx\/oficial\/wp-json\/wp\/v2\/media\/5916"}],"wp:attachment":[{"href":"https:\/\/visionciudadana.com.mx\/oficial\/wp-json\/wp\/v2\/media?parent=14385"}],"wp:term":[{"taxonomy":"category","embeddable":true,"href":"https:\/\/visionciudadana.com.mx\/oficial\/wp-json\/wp\/v2\/categories?post=14385"},{"taxonomy":"post_tag","embeddable":true,"href":"https:\/\/visionciudadana.com.mx\/oficial\/wp-json\/wp\/v2\/tags?post=14385"},{"taxonomy":"author","embeddable":true,"href":"https:\/\/visionciudadana.com.mx\/oficial\/wp-json\/wp\/v2\/ppma_author?post=14385"}],"curies":[{"name":"wp","href":"https:\/\/api.w.org\/{rel}","templated":true}]}}