{"id":14384,"date":"2020-11-12T01:57:15","date_gmt":"2020-11-12T01:57:15","guid":{"rendered":"https:\/\/visionciudadana.com.mx\/prueba\/2020\/11\/12\/quirino-reconoce-trabajo-y-lucha-de-mujer-al-inaugurar-la-plaza-de-la-mujer-en-los-mochis\/"},"modified":"2020-11-12T01:57:15","modified_gmt":"2020-11-12T01:57:15","slug":"quirino-reconoce-trabajo-y-lucha-de-mujer-al-inaugurar-la-plaza-de-la-mujer-en-los-mochis","status":"publish","type":"post","link":"https:\/\/visionciudadana.com.mx\/oficial\/2020\/11\/12\/quirino-reconoce-trabajo-y-lucha-de-mujer-al-inaugurar-la-plaza-de-la-mujer-en-los-mochis\/","title":{"rendered":"Quirino reconoce trabajo y lucha de mujer, al inaugurar la plaza de la mujer en Los Mochis"},"content":{"rendered":"<p style=\"text-align: justify;\"><img decoding=\"async\" src=\"images\/2020\/NOV20\/inaugura_moch.PNG\" alt=\"inaugura moch\" style=\"display: block; margin-left: auto; margin-right: auto;\" \/><br \/><span style=\"font-size: 14pt; font-family: arial, helvetica, sans-serif;\"><\/span><\/p>\n<p class=\"x_MsoNormal\" style=\"text-align: justify;\"><span style=\"font-size: 14pt; font-family: arial, helvetica, sans-serif;\">Al sostener una gira de trabajo por el municipio de Ahome, el gobernador Quirino Ordaz Coppel, inaugur\u00f3 la remodelaci\u00f3n de la Plaza de la Mujer en la Ciudad de Los Mochis, obra en la que se invirtieron tres millones de pesos y que ser\u00e1 ic\u00f3nica en el estado, por homenajear a todas las mujeres sinaloenses.<\/span><\/p>\n<p>&nbsp;<\/p>\n<p class=\"x_MsoNormal\" style=\"text-align: justify;\"><span style=\"font-size: 14pt; font-family: arial, helvetica, sans-serif;\">Al arribar a la ciudad de Los Mochis, el gobernador del estado fue recibido por el alcalde Manuel Chapman Moreno, para entregar, en un segundo momento, la Plaza de la Mujer, espacio que hace apenas unos meses era utilizado como estacionamiento y que ahora ser\u00e1 un lugar para la cultura y la convivencia familiar.<\/span><\/p>\n<p>&nbsp;<\/p>\n<p class=\"x_MsoNormal\" style=\"text-align: justify;\"><span style=\"font-size: 14pt; font-family: arial, helvetica, sans-serif;\">En su mensaje el gobernador del estado record\u00f3 que era un lugar abandonado, pese a estar en unos de los puntos m\u00e1s estrat\u00e9gicos y urbanizados de Los Mochis, el cual ya merec\u00eda ser rescatado por el estado y el municipio.<\/span><\/p>\n<p>&nbsp;<\/p>\n<p class=\"x_MsoNormal\" style=\"text-align: justify;\"><span style=\"font-size: 14pt; font-family: arial, helvetica, sans-serif;\">\u201cPorque estas obras transforman, esto es pensar en las familias, en la gente, en venir a pasar un rato, a leer, a convivir, a jugar, a pasearte, que bueno que se le haya hecho honor a la mujer,\u201d, expres\u00f3.<\/span><\/p>\n<p>&nbsp;<\/p>\n<p class=\"x_MsoNormal\" style=\"text-align: justify;\"><span style=\"font-size: 14pt; font-family: arial, helvetica, sans-serif;\">Resalt\u00f3 que en su gobierno ha reconocido e involucrado a un gran n\u00famero de mujeres, ya que abonan honestidad, transparencia, son trabajadoras y luchadores.<\/span><\/p>\n<p>&nbsp;<\/p>\n<p class=\"x_MsoNormal\" style=\"text-align: justify;\"><span style=\"font-size: 14pt; font-family: arial, helvetica, sans-serif;\">En su intervenci\u00f3n el alcalde Manuel Guillermo Chapman Moreno, mencion\u00f3 que este lugar estar\u00e1 m\u00e1s completo, cuando se entregue al colectivo las Rastreadoras, un espacio para honrar a sus seres queridos que se encuentran desparecidos.<\/span><\/p>\n<p>&nbsp;<\/p>\n<p class=\"x_MsoNormal\" style=\"text-align: justify;\"><span style=\"font-size: 14pt; font-family: arial, helvetica, sans-serif;\">\u201cEn este lugar se va a construir un monumento en honor a las mujeres \u2018Rastreadoras\u2019, aqu\u00ed va a construir en alg\u00fan punto un memorial para los desaparecidos\u201d, explic\u00f3.<\/span><\/p>\n<p>&nbsp;<\/p>\n<p class=\"x_MsoNormal\" style=\"text-align: justify;\"><span style=\"font-size: 14pt; font-family: arial, helvetica, sans-serif;\">El gobernador Quirino Ordaz Coppel y el presidente Guillermo Chapman Moreno colocaron una ofrenda floral en el monumento a la Madre y entregaron reconocimientos a mujeres ahomenses que han trabajado a favor de la sociedad y el municipio.<\/span><\/p>\n<p>&nbsp;<\/p>\n<p class=\"x_MsoNormal\" style=\"text-align: justify;\"><span style=\"font-size: 14pt; font-family: arial, helvetica, sans-serif;\">Previo a este importante evento, el gobernador acompa\u00f1\u00f3 al alcalde Manuel Guillermo Chapman, a la inauguraci\u00f3n de la remodelaci\u00f3n de las oficinas de la Direcci\u00f3n de Ingresos del Ayuntamiento de Ahome.<\/span><\/p>\n<p>&nbsp;<\/p>\n<p class=\"x_MsoNormal\" style=\"text-align: justify;\"><span style=\"font-size: 14pt; font-family: arial, helvetica, sans-serif;\">En su participaci\u00f3n el mandatario estatal manifest\u00f3 que estas obras son importantes porque se piensan en los trabajadores y en la gente, quienes merecen un servicio de calidad y mayor eficiencia al momento de realizar los tr\u00e1mites.<\/span><\/p>\n<p>&nbsp;<\/p>\n<p class=\"x_MsoNormal\" style=\"text-align: justify;\"><span style=\"font-size: 14pt; font-family: arial, helvetica, sans-serif;\">\u201cSe transform\u00f3 totalmente, y que era un espacio que daba verdaderamente verg\u00fcenza, por el deterioro, el abandono, son cosas que no pueden ser, esto es pensar hacia adelante, pensar en transparencia, pensar en digitalizar en el futuro, tenernos que apostarle a ello,\u201d dijo.<\/span><\/p>\n<p>&nbsp;<\/p>\n<p class=\"x_MsoNormal\" style=\"text-align: justify;\"><span style=\"font-size: 14pt; font-family: arial, helvetica, sans-serif;\">A su vez, Manuel Chapman Moreno agradeci\u00f3 al gobernador por ser testigo de los cambios que se hacen en Ahome y por poner el ejemplo en su administraci\u00f3n, sobre \u00e9l c\u00f3mo aplicar de manera eficiente&nbsp; los recursos p\u00fablicos, pese a la crisis econ\u00f3mica que se vive en la actualidad.<\/span><\/p>\n<p>&nbsp;<\/p>\n<p class=\"x_MsoNormal\" style=\"text-align: justify;\"><span style=\"font-size: 14pt; font-family: arial, helvetica, sans-serif;\">En los eventos tambi\u00e9n estuvieron presentes el secretario de Desarrollo Social, Ricardo Madrid P\u00e9rez; V\u00edctor Manuel Carrasco Garc\u00eda, director del Instituto Municipal de Cultura; la tesorera Ana Ayala Leyva y la directora de Ingresos Onisa Ju\u00e1rez Carmona.<\/span><\/p>\n<p class=\"x_MsoNormal\" style=\"text-align: justify;\"><span style=\"font-size: 14pt; font-family: arial, helvetica, sans-serif;\">Obra Plaza de la Mujer:<\/span><\/p>\n<p class=\"x_MsoNormal\" style=\"text-align: justify;\"><span style=\"font-size: 14pt; font-family: arial, helvetica, sans-serif;\">\u2022Inversi\u00f3n total: 3 millones 63 mil 436 pesos.<\/span><\/p>\n<p class=\"x_MsoNormal\" style=\"text-align: justify;\"><span style=\"font-size: 14pt; font-family: arial, helvetica, sans-serif;\">\u2022Aportaci\u00f3n Municipio: 1 mill\u00f3n 563,436 pesos.<\/span><\/p>\n<p class=\"x_MsoNormal\" style=\"text-align: justify;\"><span style=\"font-size: 14pt; font-family: arial, helvetica, sans-serif;\">\u2022 Aportaci\u00f3n estado: 1 mill\u00f3n 500 mil pesos.<\/span><\/p>\n<p class=\"x_MsoNormal\" style=\"text-align: justify;\"><span style=\"font-size: 14pt; font-family: arial, helvetica, sans-serif;\">\u2022Se rehabilit\u00f3 el espacio en que se encuentra el monumento a la Madre.<\/span><\/p>\n<p class=\"x_MsoNormal\" style=\"text-align: justify;\"><span style=\"font-size: 14pt; font-family: arial, helvetica, sans-serif;\">\u2022 Banqueta perimetral y andadores interiores.<\/span><\/p>\n<p class=\"x_MsoNormal\" style=\"text-align: justify;\"><span style=\"font-size: 14pt; font-family: arial, helvetica, sans-serif;\">\u2022 Luminarias, bancas y cestos para basura.<\/span><\/p>\n<p class=\"x_MsoNormal\" style=\"text-align: justify;\"><span style=\"font-size: 14pt; font-family: arial, helvetica, sans-serif;\">\u2022 Cisterna y sistema de riego en \u00e1reas verdes.<\/span><\/p>\n<p class=\"x_MsoNormal\" style=\"text-align: justify;\"><span style=\"font-size: 14pt; font-family: arial, helvetica, sans-serif;\">\u2022 Pasto, arborizaci\u00f3n y vegetaci\u00f3n adicional.<\/span><\/p>\n<p class=\"x_MsoNormal\" style=\"text-align: justify;\"><span style=\"font-size: 14pt; font-family: arial, helvetica, sans-serif;\">\u2022 Andador adoquinado.<\/span><\/p>\n<p style=\"text-align: justify;\">&nbsp;<\/p>\n<p style=\"text-align: justify;\"><span style=\"font-size: 14pt; font-family: arial, helvetica, sans-serif;\">REDACCI\u00d3N\/VISI\u00d3N CIUDADANA.<\/span><\/p>\n","protected":false},"excerpt":{"rendered":"<p>Al sostener una gira de trabajo por el municipio de Ahome, el gobernador Quirino Ordaz Coppel, inaugur\u00f3 la remodelaci\u00f3n de la Plaza de la Mujer en la Ciudad de Los Mochis, obra en la que se invirtieron tres millones de pesos y que ser\u00e1 ic\u00f3nica en el estado, por homenajear a todas las mujeres sinaloenses. [&hellip;]<\/p>\n","protected":false},"author":1,"featured_media":5914,"comment_status":"open","ping_status":"closed","sticky":false,"template":"","format":"standard","meta":{"footnotes":""},"categories":[24],"tags":[],"ppma_author":[31],"class_list":["post-14384","post","type-post","status-publish","format-standard","has-post-thumbnail","hentry","category-relevantes"],"aioseo_notices":[],"authors":[{"term_id":31,"user_id":1,"is_guest":0,"slug":"ivan3vino","display_name":"Iv\u00e1n Trevi\u00f1o","avatar_url":{"url":"https:\/\/visionciudadana.com.mx\/oficial\/wp-content\/uploads\/2025\/09\/columna-ivan-Trevino.png","url2x":"https:\/\/visionciudadana.com.mx\/oficial\/wp-content\/uploads\/2025\/09\/columna-ivan-Trevino.png"},"0":null,"1":"","2":"","3":"","4":"","5":"","6":"","7":"","8":""}],"_links":{"self":[{"href":"https:\/\/visionciudadana.com.mx\/oficial\/wp-json\/wp\/v2\/posts\/14384","targetHints":{"allow":["GET"]}}],"collection":[{"href":"https:\/\/visionciudadana.com.mx\/oficial\/wp-json\/wp\/v2\/posts"}],"about":[{"href":"https:\/\/visionciudadana.com.mx\/oficial\/wp-json\/wp\/v2\/types\/post"}],"author":[{"embeddable":true,"href":"https:\/\/visionciudadana.com.mx\/oficial\/wp-json\/wp\/v2\/users\/1"}],"replies":[{"embeddable":true,"href":"https:\/\/visionciudadana.com.mx\/oficial\/wp-json\/wp\/v2\/comments?post=14384"}],"version-history":[{"count":0,"href":"https:\/\/visionciudadana.com.mx\/oficial\/wp-json\/wp\/v2\/posts\/14384\/revisions"}],"wp:featuredmedia":[{"embeddable":true,"href":"https:\/\/visionciudadana.com.mx\/oficial\/wp-json\/wp\/v2\/media\/5914"}],"wp:attachment":[{"href":"https:\/\/visionciudadana.com.mx\/oficial\/wp-json\/wp\/v2\/media?parent=14384"}],"wp:term":[{"taxonomy":"category","embeddable":true,"href":"https:\/\/visionciudadana.com.mx\/oficial\/wp-json\/wp\/v2\/categories?post=14384"},{"taxonomy":"post_tag","embeddable":true,"href":"https:\/\/visionciudadana.com.mx\/oficial\/wp-json\/wp\/v2\/tags?post=14384"},{"taxonomy":"author","embeddable":true,"href":"https:\/\/visionciudadana.com.mx\/oficial\/wp-json\/wp\/v2\/ppma_author?post=14384"}],"curies":[{"name":"wp","href":"https:\/\/api.w.org\/{rel}","templated":true}]}}