{"id":14383,"date":"2020-11-12T01:46:49","date_gmt":"2020-11-12T01:46:49","guid":{"rendered":"https:\/\/visionciudadana.com.mx\/prueba\/2020\/11\/12\/estudiantes-de-la-uas-seleccionados-para-representar-a-sinaloa-en-olimpiada-de-quimica\/"},"modified":"2020-11-12T01:46:49","modified_gmt":"2020-11-12T01:46:49","slug":"estudiantes-de-la-uas-seleccionados-para-representar-a-sinaloa-en-olimpiada-de-quimica","status":"publish","type":"post","link":"https:\/\/visionciudadana.com.mx\/oficial\/2020\/11\/12\/estudiantes-de-la-uas-seleccionados-para-representar-a-sinaloa-en-olimpiada-de-quimica\/","title":{"rendered":"Estudiantes de la UAS seleccionados para representar a Sinaloa en Olimpiada de Qu\u00edmica"},"content":{"rendered":"<p><img decoding=\"async\" src=\"images\/2020\/NOV20\/olimpiada_qu\u00edmica.PNG\" alt=\"olimpiada qu\u00edmica\" style=\"display: block; margin-left: auto; margin-right: auto;\" \/><\/p>\n<p class=\"x_MsoNormal\"><span style=\"font-size: 14pt; font-family: arial, helvetica, sans-serif;\">De nuevo destaca la formaci\u00f3n de calidad en el bachillerato de la Universidad Aut\u00f3noma de Sinaloa (UAS) al posicionarse 5 j\u00f3venes universitarios dentro de los 6 que conforman la selecci\u00f3n que representar\u00e1 a nuestro Estado en la XXX Olimpiada Nacional de Qu\u00edmica, la cual se desarrollar\u00e1 en la modalidad virtual del 23 al 25 de noviembre de 2020, inform\u00f3 Florina Ram\u00edrez Bernal.<\/span><\/p>\n<p>&nbsp;<\/p>\n<p class=\"x_MsoNormal\"><span style=\"font-size: 14pt; font-family: arial, helvetica, sans-serif;\">La responsable de la organizaci\u00f3n de concursos acad\u00e9micos de la Direcci\u00f3n General de Escuelas Preparatorias (DGEP) de la UAS dio a conocer que los j\u00f3venes universitarios que fueron elegidos el pasado 8 de noviembre, d\u00eda que culmin\u00f3 el proceso de selecci\u00f3n para dicha justa acad\u00e9mica nacional, son: Ana Carmen Garnica N\u00fa\u00f1ez, de la Preparatoria Emiliano Zapata, as\u00ed como los estudiantes de la Preparatoria Guam\u00fachil Jes\u00fas Ram\u00f3n Boj\u00f3rquez Inzunza, Ivana Sof\u00eda Espinoza Boj\u00f3rquez, Esmeralda Inzunza Lugo y Hemiliano Montoya S\u00e1nchez.<\/span><\/p>\n<p>&nbsp;<\/p>\n<p class=\"x_MsoNormal\"><span style=\"font-size: 14pt; font-family: arial, helvetica, sans-serif;\">\u201cEn esta contienda se trabaja desde mucho antes, se hace un selectivo interno, pero antes tenemos maestros que est\u00e1n dedicados a trabajar con los j\u00f3venes. Ellos seleccionan en cuanto ingresan a nuestras escuelas y empiezan a trabajar con temas que son espec\u00edficos de la Olimpiada, porque en estas contiendas no solamente son contenidos de los programas de estudio, sino que son temas muy amplios a veces del nivel de posgrado\u201d, detall\u00f3.<\/span><\/p>\n<p>&nbsp;<\/p>\n<p class=\"x_MsoNormal\"><span style=\"font-size: 14pt; font-family: arial, helvetica, sans-serif;\">Ram\u00edrez Bernal manifest\u00f3 que es de gran orgullo para la Universidad que de nuevo j\u00f3venes de su bachillerato se posicionen en estas selecciones que representan a Sinaloa, hechos que demuestran la calidad con la que se forman a los miles de estudiantes de este nivel educativo.<\/span><\/p>\n<p>&nbsp;<\/p>\n<p class=\"x_MsoNormal\"><span style=\"font-size: 14pt; font-family: arial, helvetica, sans-serif;\">Sobre lo que en los muchachos beneficia el participar en este tipo de olimpiadas del conocimiento, la acad\u00e9mica indic\u00f3 que es una gran ayuda y determinaci\u00f3n en lo que es el futuro profesional de los j\u00f3venes.&nbsp;<\/span><\/p>\n<p>&nbsp;<\/p>\n<p class=\"x_MsoNormal\"><span style=\"font-size: 14pt; font-family: arial, helvetica, sans-serif;\">\u201cNosotros lo que hemos observado es el desarrollo de habilidades que tienen los j\u00f3venes y tambi\u00e9n de decisi\u00f3n para su vocaci\u00f3n. Cuando participan en cualquiera de las olimpiadas del conocimiento ellos definen, porque muchos est\u00e1n en una Olimpiada de Qu\u00edmica, de F\u00edsica, de Biolog\u00eda y cuando ellos ya obtienen, como en este nivel de representaci\u00f3n nacional, ellos definen y dicen \u2018yo aqu\u00ed me quedo en esta ciencia\u2019, esto a nosotros nos ayuda para la formaci\u00f3n de carrera de estos j\u00f3venes\u201d, expres\u00f3.&nbsp;<\/span><\/p>\n<p>&nbsp;<\/p>\n<p>&nbsp;<\/p>\n<p><span style=\"font-size: 14pt; font-family: arial, helvetica, sans-serif;\">REDACCI\u00d3N\/VISI\u00d3N CIUDADANA.<\/span><\/p>\n","protected":false},"excerpt":{"rendered":"<p>De nuevo destaca la formaci\u00f3n de calidad en el bachillerato de la Universidad Aut\u00f3noma de Sinaloa (UAS) al posicionarse 5 j\u00f3venes universitarios dentro de los 6 que conforman la selecci\u00f3n que representar\u00e1 a nuestro Estado en la XXX Olimpiada Nacional de Qu\u00edmica, la cual se desarrollar\u00e1 en la modalidad virtual del 23 al 25 de [&hellip;]<\/p>\n","protected":false},"author":1,"featured_media":5912,"comment_status":"open","ping_status":"closed","sticky":false,"template":"","format":"standard","meta":{"footnotes":""},"categories":[13],"tags":[],"ppma_author":[31],"class_list":["post-14383","post","type-post","status-publish","format-standard","has-post-thumbnail","hentry","category-locales"],"aioseo_notices":[],"authors":[{"term_id":31,"user_id":1,"is_guest":0,"slug":"ivan3vino","display_name":"Iv\u00e1n Trevi\u00f1o","avatar_url":{"url":"https:\/\/visionciudadana.com.mx\/oficial\/wp-content\/uploads\/2025\/09\/columna-ivan-Trevino.png","url2x":"https:\/\/visionciudadana.com.mx\/oficial\/wp-content\/uploads\/2025\/09\/columna-ivan-Trevino.png"},"0":null,"1":"","2":"","3":"","4":"","5":"","6":"","7":"","8":""}],"_links":{"self":[{"href":"https:\/\/visionciudadana.com.mx\/oficial\/wp-json\/wp\/v2\/posts\/14383","targetHints":{"allow":["GET"]}}],"collection":[{"href":"https:\/\/visionciudadana.com.mx\/oficial\/wp-json\/wp\/v2\/posts"}],"about":[{"href":"https:\/\/visionciudadana.com.mx\/oficial\/wp-json\/wp\/v2\/types\/post"}],"author":[{"embeddable":true,"href":"https:\/\/visionciudadana.com.mx\/oficial\/wp-json\/wp\/v2\/users\/1"}],"replies":[{"embeddable":true,"href":"https:\/\/visionciudadana.com.mx\/oficial\/wp-json\/wp\/v2\/comments?post=14383"}],"version-history":[{"count":0,"href":"https:\/\/visionciudadana.com.mx\/oficial\/wp-json\/wp\/v2\/posts\/14383\/revisions"}],"wp:featuredmedia":[{"embeddable":true,"href":"https:\/\/visionciudadana.com.mx\/oficial\/wp-json\/wp\/v2\/posts\/5912"}],"wp:attachment":[{"href":"https:\/\/visionciudadana.com.mx\/oficial\/wp-json\/wp\/v2\/media?parent=14383"}],"wp:term":[{"taxonomy":"category","embeddable":true,"href":"https:\/\/visionciudadana.com.mx\/oficial\/wp-json\/wp\/v2\/categories?post=14383"},{"taxonomy":"post_tag","embeddable":true,"href":"https:\/\/visionciudadana.com.mx\/oficial\/wp-json\/wp\/v2\/tags?post=14383"},{"taxonomy":"author","embeddable":true,"href":"https:\/\/visionciudadana.com.mx\/oficial\/wp-json\/wp\/v2\/ppma_author?post=14383"}],"curies":[{"name":"wp","href":"https:\/\/api.w.org\/{rel}","templated":true}]}}