{"id":14382,"date":"2020-11-12T01:35:43","date_gmt":"2020-11-12T01:35:43","guid":{"rendered":"https:\/\/visionciudadana.com.mx\/prueba\/2020\/11\/12\/abren-inscripciones-a-cursoss-regulares-intensivos-y-sabatinos-en-el-cei\/"},"modified":"2020-11-12T01:35:43","modified_gmt":"2020-11-12T01:35:43","slug":"abren-inscripciones-a-cursoss-regulares-intensivos-y-sabatinos-en-el-cei","status":"publish","type":"post","link":"https:\/\/visionciudadana.com.mx\/oficial\/2020\/11\/12\/abren-inscripciones-a-cursoss-regulares-intensivos-y-sabatinos-en-el-cei\/","title":{"rendered":"Abren inscripciones a cursoss regulares, intensivos y sabatinos en el CEI"},"content":{"rendered":"<p style=\"text-align: justify;\"><span style=\"font-size: 14pt; font-family: arial, helvetica, sans-serif;\"><b><span lang=\"ES\"><\/span><\/b><\/span><\/p>\n<p class=\"x_MsoNormal\" style=\"text-align: justify;\" align=\"center\"><span style=\"font-size: 14pt; font-family: arial, helvetica, sans-serif;\"><b><span lang=\"ES\">&nbsp;<img decoding=\"async\" src=\"images\/2020\/NOV20\/uasita.PNG\" alt=\"uasita\" style=\"display: block; margin-left: auto; margin-right: auto;\" \/><\/span><\/b><\/span><\/p>\n<p class=\"x_MsoNormal\" style=\"text-align: justify;\"><span lang=\"ES\" style=\"font-size: 14pt; font-family: arial, helvetica, sans-serif;\">El Centro de Estudio de Idiomas (CEI) de la Universidad Aut\u00f3noma de Sinaloa (UAS) abre periodo de inscripciones a sus cursos regulares, intensivos y sabatinos en todos sus idiomas, a partir del lunes 9 y hasta el viernes 13 de noviembre de 2020.<\/span><\/p>\n<p class=\"x_MsoNormal\" style=\"text-align: justify;\"><span lang=\"ES\" style=\"font-size: 14pt; font-family: arial, helvetica, sans-serif;\"><\/span><\/p>\n<p class=\"x_MsoNormal\" style=\"text-align: justify;\"><span lang=\"ES\" style=\"font-size: 14pt; font-family: arial, helvetica, sans-serif;\">\u201cEl pr\u00f3ximo trimestre ser\u00eda en enero. Nosotros queremos terminar el 15 de diciembre con todas las clases de los actuales cursos y arrancar en enero de 2021 con las nuevas clases, por lo tanto, a estos j\u00f3venes los inscribir\u00edamos del 9 al 13 de noviembre y se les dar\u00eda un periodo para que hagan el pago correspondiente y concluyan su tr\u00e1mite para que ya est\u00e9n completamente inscritos y familiarizados con la plataforma para enero\u201d, inform\u00f3 el director del CEI Culiac\u00e1n, el doctor Rigoberto Rodr\u00edguez Garc\u00eda.<\/span><\/p>\n<p class=\"x_MsoNormal\" style=\"text-align: justify;\"><span lang=\"ES\" style=\"font-size: 14pt; font-family: arial, helvetica, sans-serif;\"><\/span><\/p>\n<p class=\"x_MsoNormal\" style=\"text-align: justify;\"><span lang=\"ES\" style=\"font-size: 14pt; font-family: arial, helvetica, sans-serif;\">Los cursos ofertados son ingl\u00e9s y franc\u00e9s regulares, intensivos y sabatinos; espa\u00f1ol regular e intensivo; japon\u00e9s regular y sabatino; y alem\u00e1n, italiano y portugu\u00e9s en la modalidad regular o de una hora diaria.<\/span><\/p>\n<p class=\"x_MsoNormal\" style=\"text-align: justify;\"><span lang=\"ES\" style=\"font-size: 14pt; font-family: arial, helvetica, sans-serif;\"><\/span><\/p>\n<p class=\"x_MsoNormal\" style=\"text-align: justify;\"><span lang=\"ES\" style=\"font-size: 14pt; font-family: arial, helvetica, sans-serif;\">\u201cPara esta semana vamos a ofrecer el ingl\u00e9s en todas sus modalidades para el personal adulto que es de los 14 a\u00f1os en adelante en los programas intersemanales, pero, adem\u00e1s, vamos a tener la academia de espa\u00f1ol, de alem\u00e1n, de franc\u00e9s, italiano, japon\u00e9s y portugu\u00e9s, es decir, todas nuestras academias, las ocho, van a estar trabajando en la ense\u00f1anza de esos idiomas para el nuevo ingreso. En el caso de los cursos sabatinos de adultos son a partir de los 18 a\u00f1os y estamos ofertando ingl\u00e9s, franc\u00e9s y japon\u00e9s\u201d, explic\u00f3.<\/span><\/p>\n<p class=\"x_MsoNormal\" style=\"text-align: justify;\"><span lang=\"ES\" style=\"font-size: 14pt; font-family: arial, helvetica, sans-serif;\"><\/span><\/p>\n<p class=\"x_MsoNormal\" style=\"text-align: justify;\"><span lang=\"ES\" style=\"font-size: 14pt; font-family: arial, helvetica, sans-serif;\">El dirigente universitario detall\u00f3 que debido a la contingencia sanitaria y por acuerdo del Honorable Consejo Universitario, las clases en el Centro de Estudio de Idiomas Culiac\u00e1n, se impartir\u00e1n en l\u00ednea a trav\u00e9s de las plataformas educativas dispuestas por las editoriales con las que trabajan, adem\u00e1s de Google Classroom, Meet y Zoom.<\/span><\/p>\n<p class=\"x_MsoNormal\" style=\"text-align: justify;\"><span lang=\"ES\" style=\"font-size: 14pt; font-family: arial, helvetica, sans-serif;\"><\/span><\/p>\n<p class=\"x_MsoNormal\" style=\"text-align: justify;\"><span lang=\"ES\" style=\"font-size: 14pt; font-family: arial, helvetica, sans-serif;\">\u201cEn el caso, por ejemplo, del idioma ingl\u00e9s, las editoriales nos est\u00e1n facilitando que tengamos abierta la plataforma del libro digital, lo mismo con la academia de franc\u00e9s y con japon\u00e9s y alem\u00e1n trabajamos muy parecido, en la idea de que todo sea a trav\u00e9s de la distancia; esto es una plataforma educativa para que el estudiante interact\u00fae con su profesor de manera sincr\u00f3nica y asincr\u00f3nica manteniendo todos los protocolos de seguridad y sana distancia que nos ha indicado nuestro Rector, el doctor Juan Eulogio Guerra\u201d, cont\u00f3.<\/span><\/p>\n<p class=\"x_MsoNormal\" style=\"text-align: justify;\"><span lang=\"ES\" style=\"font-size: 14pt; font-family: arial, helvetica, sans-serif;\"><\/span><\/p>\n<p class=\"x_MsoNormal\" style=\"text-align: justify;\"><span style=\"font-size: 14pt; font-family: arial, helvetica, sans-serif;\"><span lang=\"ES\">Asimismo, comparti\u00f3 que el proceso de inscripci\u00f3n es en l\u00ednea a trav\u00e9s del correo electr\u00f3nico&nbsp;<\/span><span lang=\"EN-US\"><a href=\"mailto:controlescolar.ceicln@uas.edu.mx\" target=\"_blank\" rel=\"noopener noreferrer\" data-auth=\"NotApplicable\"><\/a><a href=\"mailto:controlescolar.ceicln@uas.edu.mx\">controlescolar.ceicln@uas.edu.mx<\/a><\/span><span lang=\"ES\">&nbsp;en donde los interesados deben indicar el idioma y horario a cursar adjunto con su CURP y su acta de nacimiento en formato PDF.<\/span><\/span><\/p>\n<p class=\"x_MsoNormal\" style=\"text-align: justify;\"><span lang=\"ES\" style=\"font-size: 14pt; font-family: arial, helvetica, sans-serif;\"><\/span><\/p>\n<p class=\"x_MsoNormal\" style=\"text-align: justify;\"><span lang=\"ES\" style=\"font-size: 14pt; font-family: arial, helvetica, sans-serif;\">\u201cA trav\u00e9s de este correo t\u00fa mandas todos los requisitos y se te hace llegar la ficha de inscripci\u00f3n [\u2026]. En el caso de quienes son hijos de trabajadores universitarios, es necesario anexar el tal\u00f3n de cheque para que se genere la exoneraci\u00f3n contemplada en el Contrato Colectivo de Trabajo\u201d, dijo.<\/span><\/p>\n<p class=\"x_MsoNormal\" style=\"text-align: justify;\"><span lang=\"ES\" style=\"font-size: 14pt; font-family: arial, helvetica, sans-serif;\"><\/span><\/p>\n<p class=\"x_MsoNormal\" style=\"text-align: justify;\"><span lang=\"ES\" style=\"font-size: 14pt; font-family: arial, helvetica, sans-serif;\">Por \u00faltimo, se\u00f1al\u00f3 que, a propuesta del H. Consejo Universitario, los costos de los cursos regulares, intensivos y sabatinos en todos los idiomas se mantienen igual a los del ciclo escolar pasado.<\/span><\/p>\n<p class=\"x_MsoNormal\" style=\"text-align: justify;\"><span lang=\"ES\" style=\"font-size: 14pt; font-family: arial, helvetica, sans-serif;\"><\/span><\/p>\n<p class=\"x_MsoNormal\" style=\"text-align: justify;\"><span lang=\"ES\" style=\"font-size: 14pt; font-family: arial, helvetica, sans-serif;\">\u201cVan desde el orden de los 685 pesos para el caso de alem\u00e1n, italiano, japon\u00e9s, portugu\u00e9s o espa\u00f1ol regular, de 885 para ingl\u00e9s y franc\u00e9s regular de una hora; y de ah\u00ed nos vamos al sabatino que cuesta 1500 pesos y los intensivos que cuestan 1610, pero son las mismas cuotas que se tuvieron el ciclo escolar pasado y que el Consejo Universitario tuvo a bien autorizar toda vez que la propuesta fue ayudar a los estudiantes manteniendo las mismas cuotas\u201d, termin\u00f3. &nbsp;&nbsp;&nbsp;&nbsp;&nbsp;&nbsp;<\/span><\/p>\n<p style=\"text-align: justify;\">&nbsp;<\/p>\n<p style=\"text-align: justify;\">&nbsp;<\/p>\n<p style=\"text-align: justify;\"><span style=\"font-size: 14pt; font-family: arial, helvetica, sans-serif;\">REDACCI\u00d3N\/VISI\u00d3N CIUDADANA.<\/span><\/p>\n<p class=\"x_MsoNormal\"><span lang=\"ES\"><\/span><\/p>\n","protected":false},"excerpt":{"rendered":"<p>&nbsp; El Centro de Estudio de Idiomas (CEI) de la Universidad Aut\u00f3noma de Sinaloa (UAS) abre periodo de inscripciones a sus cursos regulares, intensivos y sabatinos en todos sus idiomas, a partir del lunes 9 y hasta el viernes 13 de noviembre de 2020. \u201cEl pr\u00f3ximo trimestre ser\u00eda en enero. Nosotros queremos terminar el 15 [&hellip;]<\/p>\n","protected":false},"author":1,"featured_media":5910,"comment_status":"open","ping_status":"closed","sticky":false,"template":"","format":"standard","meta":{"footnotes":""},"categories":[13],"tags":[],"ppma_author":[31],"class_list":["post-14382","post","type-post","status-publish","format-standard","has-post-thumbnail","hentry","category-locales"],"aioseo_notices":[],"authors":[{"term_id":31,"user_id":1,"is_guest":0,"slug":"ivan3vino","display_name":"Iv\u00e1n Trevi\u00f1o","avatar_url":{"url":"https:\/\/visionciudadana.com.mx\/oficial\/wp-content\/uploads\/2025\/09\/columna-ivan-Trevino.png","url2x":"https:\/\/visionciudadana.com.mx\/oficial\/wp-content\/uploads\/2025\/09\/columna-ivan-Trevino.png"},"0":null,"1":"","2":"","3":"","4":"","5":"","6":"","7":"","8":""}],"_links":{"self":[{"href":"https:\/\/visionciudadana.com.mx\/oficial\/wp-json\/wp\/v2\/posts\/14382","targetHints":{"allow":["GET"]}}],"collection":[{"href":"https:\/\/visionciudadana.com.mx\/oficial\/wp-json\/wp\/v2\/posts"}],"about":[{"href":"https:\/\/visionciudadana.com.mx\/oficial\/wp-json\/wp\/v2\/types\/post"}],"author":[{"embeddable":true,"href":"https:\/\/visionciudadana.com.mx\/oficial\/wp-json\/wp\/v2\/users\/1"}],"replies":[{"embeddable":true,"href":"https:\/\/visionciudadana.com.mx\/oficial\/wp-json\/wp\/v2\/comments?post=14382"}],"version-history":[{"count":0,"href":"https:\/\/visionciudadana.com.mx\/oficial\/wp-json\/wp\/v2\/posts\/14382\/revisions"}],"wp:featuredmedia":[{"embeddable":true,"href":"https:\/\/visionciudadana.com.mx\/oficial\/wp-json\/wp\/v2\/posts\/5910"}],"wp:attachment":[{"href":"https:\/\/visionciudadana.com.mx\/oficial\/wp-json\/wp\/v2\/media?parent=14382"}],"wp:term":[{"taxonomy":"category","embeddable":true,"href":"https:\/\/visionciudadana.com.mx\/oficial\/wp-json\/wp\/v2\/categories?post=14382"},{"taxonomy":"post_tag","embeddable":true,"href":"https:\/\/visionciudadana.com.mx\/oficial\/wp-json\/wp\/v2\/tags?post=14382"},{"taxonomy":"author","embeddable":true,"href":"https:\/\/visionciudadana.com.mx\/oficial\/wp-json\/wp\/v2\/ppma_author?post=14382"}],"curies":[{"name":"wp","href":"https:\/\/api.w.org\/{rel}","templated":true}]}}