{"id":14381,"date":"2020-11-12T01:28:52","date_gmt":"2020-11-12T01:28:52","guid":{"rendered":"https:\/\/visionciudadana.com.mx\/prueba\/2020\/11\/12\/continua-la-uas-con-obtencion-de-logros-y-reconocimientos-de-estudiantes-y-deportistas\/"},"modified":"2020-11-12T01:28:52","modified_gmt":"2020-11-12T01:28:52","slug":"continua-la-uas-con-obtencion-de-logros-y-reconocimientos-de-estudiantes-y-deportistas","status":"publish","type":"post","link":"https:\/\/visionciudadana.com.mx\/oficial\/2020\/11\/12\/continua-la-uas-con-obtencion-de-logros-y-reconocimientos-de-estudiantes-y-deportistas\/","title":{"rendered":"Contin\u00faa la UAS con obtenci\u00f3n de logros y reconocimientos de estudiantes y deportistas"},"content":{"rendered":"<p class=\"x_MsoNormal\" style=\"text-align: justify;\"><span lang=\"ES\" style=\"font-size: 14pt; font-family: arial, helvetica, sans-serif;\">&nbsp;<img decoding=\"async\" src=\"images\/2020\/NOV20\/siguen_uas.PNG\" alt=\"siguen uas\" style=\"display: block; margin-left: auto; margin-right: auto;\" \/><\/span><\/p>\n<p class=\"x_MsoNormal\" style=\"text-align: justify;\"><span lang=\"ES\" style=\"font-size: 14pt; font-family: arial, helvetica, sans-serif;\">La Universidad Aut\u00f3noma de Sinaloa (UAS) a trav\u00e9s de sus deportistas y estudiantes de nivel medio superior y superior sigue registrando logros y reconocimientos, as\u00ed queda demostrado con la pr\u00f3xima entrega del Premio Estatal del Deporte 2020 a seis j\u00f3venes universitarios y la participaci\u00f3n de 13 alumnos de preparatoria en las olimpiadas nacionales de Matem\u00e1ticas, F\u00edsica, Qu\u00edmica y Biolog\u00eda.<\/span><\/p>\n<p class=\"x_MsoNormal\" style=\"text-align: justify;\"><span lang=\"ES\" style=\"font-size: 14pt; font-family: arial, helvetica, sans-serif;\"><\/span><\/p>\n<p class=\"x_MsoNormal\" style=\"text-align: justify;\"><span lang=\"ES\" style=\"font-size: 14pt; font-family: arial, helvetica, sans-serif;\">Lo anterior lo dio a conocer el Rector de la Casa Rosalina, doctor Juan Eulogio Guerra Liera, al detallar que Rosy Anah\u00ed Liz\u00e1rraga, estudiante de la Facultad de Arquitectura de esta m\u00e1xima casa de estudios y jugadora de softbol, recibir\u00e1 el Premio Estatal del Deporte 2020 el pr\u00f3ximo 20 de noviembre, uno de sus m\u00e9ritos es haber logrado su clasificaci\u00f3n a los Juegos de Tokio 2020.<\/span><\/p>\n<p class=\"x_MsoNormal\" style=\"text-align: justify;\"><span lang=\"ES\" style=\"font-size: 14pt; font-family: arial, helvetica, sans-serif;\"><\/span><\/p>\n<p class=\"x_MsoNormal\" style=\"text-align: justify;\"><span style=\"font-size: 14pt; font-family: arial, helvetica, sans-serif;\">\u201cEn el Premio Estatal del Deporte tambi\u00e9n tenemos a Jos\u00e9 Luis Rubio Camargo de la Facultad de Educaci\u00f3n F\u00edsica y Deporte que va en voleibol de playa; Luz Daniela Gaxiola Gonz\u00e1lez del Centro de Idiomas que va en ciclismo; a Jorge Benjam\u00edn Gonz\u00e1lez Sauceda de la Facultad de Educaci\u00f3n F\u00edsica que va en atletismo paral\u00edmpico y a los entrenadores Ana Mar\u00eda Quintero Esparragoza en gimnasia aer\u00f3bica y Joaqu\u00edn Rojo Estrada en Taekwondo, esto nos habla de que s\u00ed hay reconocimiento universitario\u201d, expres\u00f3 el Rector.<\/span><\/p>\n<p style=\"text-align: justify;\">&nbsp;<\/p>\n<p class=\"x_MsoNormal\" style=\"text-align: justify;\"><span style=\"font-size: 14pt; font-family: arial, helvetica, sans-serif;\">Indic\u00f3 que en el aspecto acad\u00e9mico se tiene a la alumna de la Preparatoria CU Mochis, Marcela Aguirre Valdez, que est\u00e1 integrada para participar en la Olimpiada Nacional de Matem\u00e1ticas, a realizarse este 11 y 12 del presente mes.<\/span><\/p>\n<p style=\"text-align: justify;\">&nbsp;<\/p>\n<p class=\"x_MsoNormal\" style=\"text-align: justify;\"><span style=\"font-size: 14pt; font-family: arial, helvetica, sans-serif;\">\u201cY para la Olimpiada Nacional de F\u00edsica, a realizarse el 16 noviembre est\u00e1 ya incluido Leonardo Tadeo Zamudio de la Preparatoria Concordia, \u00c9dgar de Jes\u00fas Le\u00f3n Mart\u00ednez de la Preparatoria Emiliano Zapata, y Samantha L\u00f3pez Vizcarra de la Preparatoria Dr. Salvador Allende, esto nos permite seguir vigentes en donde siguen participando y reconoci\u00e9ndose a nuestros estudiantes\u201d, manifest\u00f3 Guerra Liera.<\/span><\/p>\n<p style=\"text-align: justify;\">&nbsp;<\/p>\n<p class=\"x_MsoNormal\" style=\"text-align: justify;\"><span style=\"font-size: 14pt; font-family: arial, helvetica, sans-serif;\">El dirigente universitario detall\u00f3 que de los seis j\u00f3venes que conforman la selecci\u00f3n que representar\u00e1 a Sinaloa del 23 al 25 de este mes en la Olimpiada Nacional de Qu\u00edmica, cinco son de la UAS: la estudiante de la&nbsp;Preparatoria Emiliano Zapata, Ana Carmen Garnica N\u00fa\u00f1ez, as\u00ed como los alumnos de la Preparatoria Guam\u00fachil Jes\u00fas Ram\u00f3n Boj\u00f3rquez Inzunza, Ivana Sof\u00eda Espinoza Boj\u00f3rquez, Esmeralda Inzunza Lugo y Hemiliano Montoya S\u00e1nchez.<\/span><\/p>\n<p style=\"text-align: justify;\">&nbsp;<\/p>\n<p class=\"x_MsoNormal\" style=\"text-align: justify;\"><span style=\"font-size: 14pt; font-family: arial, helvetica, sans-serif;\">Agreg\u00f3 que tambi\u00e9n para el 23 de noviembre cuatro estudiantes de las preparatorias Heraclio Bernal de Cosal\u00e1, Emiliano Zapata, Guam\u00fachil y Guasave Diurna representar\u00e1n a Sinaloa y a esta instituci\u00f3n en la Olimpiada Nacional de Biolog\u00eda.<\/span><\/p>\n<p style=\"text-align: justify;\">&nbsp;<\/p>\n<p style=\"text-align: justify;\">&nbsp;<\/p>\n<p style=\"text-align: justify;\"><span style=\"font-size: 14pt; font-family: arial, helvetica, sans-serif;\">REDACCI\u00d3N\/VISI\u00d3N CIUDADANA.<\/span><\/p>\n<div>&nbsp;<\/div>\n","protected":false},"excerpt":{"rendered":"<p>&nbsp; La Universidad Aut\u00f3noma de Sinaloa (UAS) a trav\u00e9s de sus deportistas y estudiantes de nivel medio superior y superior sigue registrando logros y reconocimientos, as\u00ed queda demostrado con la pr\u00f3xima entrega del Premio Estatal del Deporte 2020 a seis j\u00f3venes universitarios y la participaci\u00f3n de 13 alumnos de preparatoria en las olimpiadas nacionales de [&hellip;]<\/p>\n","protected":false},"author":1,"featured_media":5908,"comment_status":"open","ping_status":"closed","sticky":false,"template":"","format":"standard","meta":{"footnotes":""},"categories":[24],"tags":[],"ppma_author":[31],"class_list":["post-14381","post","type-post","status-publish","format-standard","has-post-thumbnail","hentry","category-relevantes"],"aioseo_notices":[],"authors":[{"term_id":31,"user_id":1,"is_guest":0,"slug":"ivan3vino","display_name":"Iv\u00e1n Trevi\u00f1o","avatar_url":{"url":"https:\/\/visionciudadana.com.mx\/oficial\/wp-content\/uploads\/2025\/09\/columna-ivan-Trevino.png","url2x":"https:\/\/visionciudadana.com.mx\/oficial\/wp-content\/uploads\/2025\/09\/columna-ivan-Trevino.png"},"0":null,"1":"","2":"","3":"","4":"","5":"","6":"","7":"","8":""}],"_links":{"self":[{"href":"https:\/\/visionciudadana.com.mx\/oficial\/wp-json\/wp\/v2\/posts\/14381","targetHints":{"allow":["GET"]}}],"collection":[{"href":"https:\/\/visionciudadana.com.mx\/oficial\/wp-json\/wp\/v2\/posts"}],"about":[{"href":"https:\/\/visionciudadana.com.mx\/oficial\/wp-json\/wp\/v2\/types\/post"}],"author":[{"embeddable":true,"href":"https:\/\/visionciudadana.com.mx\/oficial\/wp-json\/wp\/v2\/users\/1"}],"replies":[{"embeddable":true,"href":"https:\/\/visionciudadana.com.mx\/oficial\/wp-json\/wp\/v2\/comments?post=14381"}],"version-history":[{"count":0,"href":"https:\/\/visionciudadana.com.mx\/oficial\/wp-json\/wp\/v2\/posts\/14381\/revisions"}],"wp:featuredmedia":[{"embeddable":true,"href":"https:\/\/visionciudadana.com.mx\/oficial\/wp-json\/wp\/v2\/media\/5908"}],"wp:attachment":[{"href":"https:\/\/visionciudadana.com.mx\/oficial\/wp-json\/wp\/v2\/media?parent=14381"}],"wp:term":[{"taxonomy":"category","embeddable":true,"href":"https:\/\/visionciudadana.com.mx\/oficial\/wp-json\/wp\/v2\/categories?post=14381"},{"taxonomy":"post_tag","embeddable":true,"href":"https:\/\/visionciudadana.com.mx\/oficial\/wp-json\/wp\/v2\/tags?post=14381"},{"taxonomy":"author","embeddable":true,"href":"https:\/\/visionciudadana.com.mx\/oficial\/wp-json\/wp\/v2\/ppma_author?post=14381"}],"curies":[{"name":"wp","href":"https:\/\/api.w.org\/{rel}","templated":true}]}}