{"id":14380,"date":"2020-11-12T01:23:08","date_gmt":"2020-11-12T01:23:08","guid":{"rendered":"https:\/\/visionciudadana.com.mx\/prueba\/2020\/11\/12\/morena-aprueba-presupuesto-raquitico-para-sinaloa-jesus-valdes\/"},"modified":"2020-11-12T01:23:08","modified_gmt":"2020-11-12T01:23:08","slug":"morena-aprueba-presupuesto-raquitico-para-sinaloa-jesus-valdes","status":"publish","type":"post","link":"https:\/\/visionciudadana.com.mx\/oficial\/2020\/11\/12\/morena-aprueba-presupuesto-raquitico-para-sinaloa-jesus-valdes\/","title":{"rendered":"Morena aprueba presupuesto raqu\u00edtico para Sinaloa: Jes\u00fas Vald\u00e9s"},"content":{"rendered":"<p style=\"text-align: justify;\"><img decoding=\"async\" src=\"images\/2020\/NOV20\/raquitico_morena.PNG\" alt=\"raquitico morena\" style=\"display: block; margin-left: auto; margin-right: auto;\" \/><\/p>\n<p class=\"x_MsoNormal\" style=\"text-align: justify;\"><span style=\"font-size: 14pt;\">El presupuesto federal contempla raqu\u00edticos apoyos para Sinaloa y mantiene importantes recortes para la agricultura, ganader\u00eda, pesca, comercio y servicios, lo que ahondar\u00e1 la crisis que vive el pa\u00eds y generar\u00e1 m\u00e1s desempleo, se\u00f1al\u00f3 el presidente estatal del PRI, Jes\u00fas Vald\u00e9s Palazuelos.<\/span><\/p>\n<p style=\"text-align: justify;\">&nbsp;<\/p>\n<p class=\"x_MsoNormal\" style=\"text-align: justify;\"><span style=\"font-size: 14pt;\">Desde la CDMX, Jes\u00fas Vald\u00e9s lament\u00f3 que en esta definici\u00f3n del presupuesto, los diputados federales de Sinaloa, emanados de Morena, no se est\u00e9n fajando, no est\u00e1n luchando por traer m\u00e1s recursos, sino que simplemente no les mortifica nada.<\/span><\/p>\n<p style=\"text-align: justify;\">&nbsp;<\/p>\n<p class=\"x_MsoNormal\" style=\"text-align: justify;\"><span style=\"font-size: 14pt;\">La C\u00e1mara Federal de Diputados, dirigida por la mayor\u00eda de legisladores de Morena, se\u00f1al\u00f3, renuncia a su facultad exclusiva de revisar y modificar el presupuesto.<\/span><\/p>\n<p class=\"x_MsoNormal\" style=\"text-align: justify;\"><span style=\"font-size: 14pt;\">Critic\u00f3 que se haya aprobado debilitar financieramente a los organismos aut\u00f3nomos constitucionales, como el Instituto Nacional Electoral, Tribunal de Justicia Administrativa, y de paso a los poderes Judicial y Legislativo.<\/span><\/p>\n<p style=\"text-align: justify;\">&nbsp;<\/p>\n<p class=\"x_MsoNormal\" style=\"text-align: justify;\"><span style=\"font-size: 14pt;\">Ante ello, Jes\u00fas Vald\u00e9s reiter\u00f3 su propuesta de establecer una gran alianza con todos los sectores sociales, incluyendo los partidos pol\u00edticos, para impulsar un cambio en las pol\u00edticas p\u00fablicas a trav\u00e9s de una nueva mayor\u00eda en la C\u00e1mara Federal de Diputados.<\/span><\/p>\n<p style=\"text-align: justify;\">&nbsp;<\/p>\n<p class=\"x_MsoNormal\" style=\"text-align: justify;\"><span style=\"font-size: 14pt;\">Jes\u00fas Vald\u00e9s indic\u00f3 que el presupuesto federal no apoya a la gente que s\u00ed est\u00e1 siendo productiva y que diariamente se levanta temprano a trabajar.<\/span><\/p>\n<p style=\"text-align: justify;\">&nbsp;<\/p>\n<p class=\"x_MsoNormal\" style=\"text-align: justify;\"><span style=\"font-size: 14pt;\">Incluso, dijo, este presupuesto no est\u00e1 a la altura de la emergencia sanitaria que se vive a causa de la pandemia del COVID-19, pues para el 2021 se pretende ejercer el mismo presupuesto del presente a\u00f1o, como si no hubiera impactos por la pandemia.<\/span><\/p>\n<p style=\"text-align: justify;\">&nbsp;<\/p>\n<p class=\"x_MsoNormal\" style=\"text-align: justify;\"><span style=\"font-size: 14pt;\">Pero tambi\u00e9n, destac\u00f3, se deja de usar el presupuesto como un instrumento de pol\u00edtica p\u00fablica para incrementar el desarrollo del pa\u00eds.<\/span><\/p>\n<p style=\"text-align: justify;\">&nbsp;<\/p>\n<p class=\"x_MsoNormal\" style=\"text-align: justify;\"><span style=\"font-size: 14pt;\">Adem\u00e1s, expres\u00f3, y totalmente en contra del discurso de austeridad que maneja el gobierno de Andr\u00e9s Manuel L\u00f3pez Obrador, s\u00ed se aumenta un dos por ciento los gastos en servicios personales y el gasto del gobierno crece en el mismo porcentaje.<\/span><\/p>\n<p style=\"text-align: justify;\">&nbsp;<\/p>\n<p class=\"x_MsoNormal\" style=\"text-align: justify;\"><span style=\"font-size: 14pt;\">\u201cSe confunde austeridad con eludir responsabilidades\u201d, observ\u00f3.<\/span><\/p>\n<p style=\"text-align: justify;\">&nbsp;<\/p>\n<p class=\"x_MsoNormal\" style=\"text-align: justify;\"><span style=\"font-size: 14pt;\">En t\u00e9rminos generales, Jes\u00fas Vald\u00e9s advirti\u00f3 que hay fuertes recortes en las partidas destinadas al campo, a construcci\u00f3n de carreteras, a los programas de la Secretar\u00eda de Econom\u00eda, a la ciencia y la tecnolog\u00eda y en otros rubros.<\/span><\/p>\n<p style=\"text-align: justify;\">&nbsp;<\/p>\n<p class=\"x_MsoNormal\" style=\"text-align: justify;\"><span style=\"font-size: 14pt;\">De igual manera advirti\u00f3 que se recorta el financiamiento a salud materna, sexual y reproductiva, a programas de mujeres rurales y a estancias infantiles.<\/span><\/p>\n<p style=\"text-align: justify;\">&nbsp;<\/p>\n<p class=\"x_MsoNormal\" style=\"text-align: justify;\"><span style=\"font-size: 14pt;\">En cambio, observ\u00f3, el presupuesto s\u00ed registra un aumento para la Secretar\u00eda de la Defensa Nacional, pero no para mantener la seguridad del pa\u00eds, sino para construir sucursales del Banco del Bienestar y el nuevo aeropuerto de la Ciudad de M\u00e9xico.<\/span><\/p>\n<p style=\"text-align: justify;\">&nbsp;<\/p>\n<p class=\"x_MsoNormal\" style=\"text-align: justify;\"><span style=\"font-size: 14pt;\">Lament\u00f3 el presidente estatal del PRI que el discurso del gobierno federal sea de que s\u00ed hay m\u00e1s recursos para los estados, cuando la realidad es que todos los programas que permit\u00edan tener inversi\u00f3n est\u00e1n en cero, no hay recursos para el fondo regional, destinado para atender a los 10 estados m\u00e1s pobres, ni para el programa de Concurrencia, que es para el campo.<\/span><\/p>\n<p style=\"text-align: justify;\">&nbsp;<\/p>\n<p style=\"text-align: justify;\"><span style=\"font-size: 14pt;\">REDACCI\u00d3N\/VISI\u00d3N CIUDADANA.<\/span><\/p>\n<p>&nbsp;<\/p>\n<div><span style=\"font-size: 14pt;\"><\/span><\/div>\n","protected":false},"excerpt":{"rendered":"<p>El presupuesto federal contempla raqu\u00edticos apoyos para Sinaloa y mantiene importantes recortes para la agricultura, ganader\u00eda, pesca, comercio y servicios, lo que ahondar\u00e1 la crisis que vive el pa\u00eds y generar\u00e1 m\u00e1s desempleo, se\u00f1al\u00f3 el presidente estatal del PRI, Jes\u00fas Vald\u00e9s Palazuelos. &nbsp; Desde la CDMX, Jes\u00fas Vald\u00e9s lament\u00f3 que en esta definici\u00f3n del presupuesto, [&hellip;]<\/p>\n","protected":false},"author":1,"featured_media":5906,"comment_status":"open","ping_status":"closed","sticky":false,"template":"","format":"standard","meta":{"footnotes":""},"categories":[24],"tags":[],"ppma_author":[31],"class_list":["post-14380","post","type-post","status-publish","format-standard","has-post-thumbnail","hentry","category-relevantes"],"aioseo_notices":[],"authors":[{"term_id":31,"user_id":1,"is_guest":0,"slug":"ivan3vino","display_name":"Iv\u00e1n Trevi\u00f1o","avatar_url":{"url":"https:\/\/visionciudadana.com.mx\/oficial\/wp-content\/uploads\/2025\/09\/columna-ivan-Trevino.png","url2x":"https:\/\/visionciudadana.com.mx\/oficial\/wp-content\/uploads\/2025\/09\/columna-ivan-Trevino.png"},"0":null,"1":"","2":"","3":"","4":"","5":"","6":"","7":"","8":""}],"_links":{"self":[{"href":"https:\/\/visionciudadana.com.mx\/oficial\/wp-json\/wp\/v2\/posts\/14380","targetHints":{"allow":["GET"]}}],"collection":[{"href":"https:\/\/visionciudadana.com.mx\/oficial\/wp-json\/wp\/v2\/posts"}],"about":[{"href":"https:\/\/visionciudadana.com.mx\/oficial\/wp-json\/wp\/v2\/types\/post"}],"author":[{"embeddable":true,"href":"https:\/\/visionciudadana.com.mx\/oficial\/wp-json\/wp\/v2\/users\/1"}],"replies":[{"embeddable":true,"href":"https:\/\/visionciudadana.com.mx\/oficial\/wp-json\/wp\/v2\/comments?post=14380"}],"version-history":[{"count":0,"href":"https:\/\/visionciudadana.com.mx\/oficial\/wp-json\/wp\/v2\/posts\/14380\/revisions"}],"wp:featuredmedia":[{"embeddable":true,"href":"https:\/\/visionciudadana.com.mx\/oficial\/wp-json\/wp\/v2\/media\/5906"}],"wp:attachment":[{"href":"https:\/\/visionciudadana.com.mx\/oficial\/wp-json\/wp\/v2\/media?parent=14380"}],"wp:term":[{"taxonomy":"category","embeddable":true,"href":"https:\/\/visionciudadana.com.mx\/oficial\/wp-json\/wp\/v2\/categories?post=14380"},{"taxonomy":"post_tag","embeddable":true,"href":"https:\/\/visionciudadana.com.mx\/oficial\/wp-json\/wp\/v2\/tags?post=14380"},{"taxonomy":"author","embeddable":true,"href":"https:\/\/visionciudadana.com.mx\/oficial\/wp-json\/wp\/v2\/ppma_author?post=14380"}],"curies":[{"name":"wp","href":"https:\/\/api.w.org\/{rel}","templated":true}]}}