{"id":14362,"date":"2020-10-20T02:54:31","date_gmt":"2020-10-20T02:54:31","guid":{"rendered":"https:\/\/visionciudadana.com.mx\/prueba\/2020\/10\/20\/rector-presencia-homenaje-virtual-realizado-por-la-unam-al-dr-guillermo-soberon-acevedo\/"},"modified":"2020-10-20T02:54:31","modified_gmt":"2020-10-20T02:54:31","slug":"rector-presencia-homenaje-virtual-realizado-por-la-unam-al-dr-guillermo-soberon-acevedo","status":"publish","type":"post","link":"https:\/\/visionciudadana.com.mx\/oficial\/2020\/10\/20\/rector-presencia-homenaje-virtual-realizado-por-la-unam-al-dr-guillermo-soberon-acevedo\/","title":{"rendered":"Rector presencia homenaje virtual realizado por la UNAM al Dr. Guillermo Sober\u00f3n Acevedo"},"content":{"rendered":"<p class=\"x_MsoNormal\" style=\"text-align: justify;\"><span lang=\"ES\" style=\"font-size: 14pt; font-family: arial, helvetica, sans-serif;\">&nbsp;<img decoding=\"async\" src=\"images\/2020\/octubre_20\/presencia_rector.PNG\" alt=\"presencia rector\" style=\"display: block; margin-left: auto; margin-right: auto;\" \/><\/span><\/p>\n<p class=\"x_MsoNormal\" style=\"text-align: justify;\"><span lang=\"ES\" style=\"font-size: 14pt; font-family: arial, helvetica, sans-serif;\">La Universidad Nacional Aut\u00f3noma de M\u00e9xico (UNAM) realiz\u00f3 un sentido homenaje a su ilustre universitario y exrector, el doctor Guillermo Sober\u00f3n Acevedo, fallecido el pasado 12 de octubre, evento virtual que fue presenciado por el Rector de la Universidad Aut\u00f3noma de Sinaloa (UAS), doctor Juan Eulogio Guerra Liera.<\/span><\/p>\n<p class=\"x_MsoNormal\" style=\"text-align: justify;\"><span lang=\"ES\" style=\"font-size: 14pt; font-family: arial, helvetica, sans-serif;\"><\/span><\/p>\n<p class=\"x_MsoNormal\" style=\"text-align: justify;\"><span lang=\"ES\" style=\"font-size: 14pt; font-family: arial, helvetica, sans-serif;\">V\u00eda Zoom y transmitido por TV UNAM y por el canal de YouTube de la m\u00e1xima casa de estudios del pa\u00eds, este homenaje cont\u00f3 con una lista de personajes reconocidos de la vida universitaria que en cada intervenci\u00f3n destacaron la vida y obra de Sober\u00f3n Acevedo y su enorme impulso a la investigaci\u00f3n y educaci\u00f3n, se esbozaron tambi\u00e9n algunas de sus m\u00faltiples facetas donde dej\u00f3 huella profunda y donde dio ejemplo de entereza, rectitud y pasi\u00f3n.<\/span><\/p>\n<p class=\"x_MsoNormal\" style=\"text-align: justify;\"><span lang=\"ES\" style=\"font-size: 14pt; font-family: arial, helvetica, sans-serif;\"><\/span><\/p>\n<p class=\"x_MsoNormal\" style=\"text-align: justify;\"><span lang=\"ES\" style=\"font-size: 14pt; font-family: arial, helvetica, sans-serif;\">El evento inici\u00f3 con la petici\u00f3n de un minuto de silencio por parte del Secretario General de la UNAM, doctor Leonardo Lomel\u00ed Venegas, quien condujo el homenaje, para proseguir con un video donde se presentaron los pasajes m\u00e1s destacados de la vida y trabajo de Sober\u00f3n.<\/span><\/p>\n<p class=\"x_MsoNormal\" style=\"text-align: justify;\"><span lang=\"ES\" style=\"font-size: 14pt; font-family: arial, helvetica, sans-serif;\"><\/span><\/p>\n<p class=\"x_MsoNormal\" style=\"text-align: justify;\"><span lang=\"ES\" style=\"font-size: 14pt; font-family: arial, helvetica, sans-serif;\">En su intervenci\u00f3n el Rector de la UNAM, doctor Enrique Graue Wiechers, se\u00f1al\u00f3 que los convocaba el respeto, la admiraci\u00f3n y cari\u00f1o por el doctor Sober\u00f3n, quien hizo muchas cosas y que todo lo que impuls\u00f3 trascendi\u00f3, y se refiri\u00f3 al homenajeado como un \u00edcono de la ciencia, un rector excepcional y uno de los grandes valores de la UNAM. &nbsp;&nbsp;<\/span><\/p>\n<p class=\"x_MsoNormal\" style=\"text-align: justify;\"><span lang=\"ES\" style=\"font-size: 14pt; font-family: arial, helvetica, sans-serif;\"><\/span><\/p>\n<p class=\"x_MsoNormal\" style=\"text-align: justify;\"><span lang=\"ES\" style=\"font-size: 14pt; font-family: arial, helvetica, sans-serif;\">\u201cFue un personaje que marc\u00f3 vidas, super\u00f3 con severidad problemas, busc\u00f3 nuevos derroteros y supo concebir y concretar acciones con visi\u00f3n de largo aliento, su huella est\u00e1 en todo lo que emprendi\u00f3: en la bioqu\u00edmica, en la biotecnolog\u00eda y en la gen\u00e9tica (\u2026) hizo \u00e9poca en la universidad, en la salud y en la ciencia, su persona personifica la acci\u00f3n constante de un hombre honesto, \u00edntegro y como nadie encarn\u00f3 los valores esenciales de la Universidad y se empe\u00f1\u00f3 por sus causas y engrandecimiento\u201d, expres\u00f3 Graue Wiechers.<\/span><\/p>\n<p class=\"x_MsoNormal\" style=\"text-align: justify;\"><span lang=\"ES\" style=\"font-size: 14pt; font-family: arial, helvetica, sans-serif;\"><\/span><\/p>\n<p class=\"x_MsoNormal\" style=\"text-align: justify;\"><span lang=\"ES\" style=\"font-size: 14pt; font-family: arial, helvetica, sans-serif;\">Destac\u00f3 que durante su rectorado encar\u00f3 la creciente demanda de ingreso, fortaleci\u00f3 y continu\u00f3 el proyecto del Colegio de Ciencias de Humanidades y desconcentr\u00f3 las actividades docentes en cinco escuelas nacionales de estudios profesionales hoy ya facultades, que albergan a m\u00e1s de la tercera parte de la matr\u00edcula estudiantil, entre otros logros, a \u00e9l se debe el Centro Cultural Universitario y la imagen de modernidad que tiene el Campus Universitario actual.<\/span><\/p>\n<p class=\"x_MsoNormal\" style=\"text-align: justify;\"><span lang=\"ES\" style=\"font-size: 14pt; font-family: arial, helvetica, sans-serif;\"><\/span><\/p>\n<p class=\"x_MsoNormal\" style=\"text-align: justify;\"><span lang=\"ES\" style=\"font-size: 14pt; font-family: arial, helvetica, sans-serif;\">El Rector lo record\u00f3 tambi\u00e9n como un aficionado de los Pumas de la UNAM y se\u00f1al\u00f3 que nunca se perdi\u00f3 uno de sus juegos, incluso unos d\u00edas antes de su partida se puso la camiseta de este equipo para presenciar uno de sus partidos.<\/span><\/p>\n<p class=\"x_MsoNormal\" style=\"text-align: justify;\"><span lang=\"ES\" style=\"font-size: 14pt; font-family: arial, helvetica, sans-serif;\"><\/span><\/p>\n<p class=\"x_MsoNormal\" style=\"text-align: justify;\"><span lang=\"ES\" style=\"font-size: 14pt; font-family: arial, helvetica, sans-serif;\">\u201cCreo que la universidad tiene un antes y un despu\u00e9s del doctor Sober\u00f3n, es un personaje imprescindible para entender a la Universidad Nacional actual y al M\u00e9xico del Siglo XX (\u2026) Guillermo Sober\u00f3n nunca dejar\u00e1 la universidad, fue su deseo expreso que sus cenizas se esparcieran en la morada de lava que acoge a Ciudad Universitaria, aqu\u00ed ya descansa \u00e9l y su esp\u00edritu gravita en la universidad, en lo personal me quedo con m\u00faltiples y gratos recuerdos (\u2026) Guillermo te fuiste con la lucidez, la entereza y con el amor que te caracterizaron siempre, te fuiste, s\u00ed, pero te quedas entre nosotros\u201d, manifest\u00f3 el doctor Enrique Graue.<\/span><\/p>\n<p class=\"x_MsoNormal\" style=\"text-align: justify;\"><span lang=\"ES\" style=\"font-size: 14pt; font-family: arial, helvetica, sans-serif;\"><\/span><\/p>\n<p class=\"x_MsoNormal\" style=\"text-align: justify;\"><span lang=\"ES\" style=\"font-size: 14pt; font-family: arial, helvetica, sans-serif;\">Destacaron en este homenaje las emotivas palabras de los doctores y exrectores de la UNAM, Jos\u00e9 Narro Robles y Juan Ram\u00f3n de la Fuente, as\u00ed como de los investigadores em\u00e9ritos Diego Valad\u00e9s R\u00edos y Jaime Martuscelli Quintana y en representaci\u00f3n de la familia habl\u00f3 Gloria Sober\u00f3n Ch\u00e1vez, hija de Guillermo Sober\u00f3n.<\/span><\/p>\n<p class=\"x_MsoNormal\" style=\"text-align: justify;\"><span lang=\"ES\" style=\"font-size: 14pt; font-family: arial, helvetica, sans-serif;\"><\/span><\/p>\n<p class=\"x_MsoNormal\" style=\"text-align: justify;\"><span lang=\"ES\" style=\"font-size: 14pt; font-family: arial, helvetica, sans-serif;\">Tambi\u00e9n participaron Imelda L\u00f3pez Villase\u00f1or, H\u00e9ctor Fern\u00e1ndez Varela, Jorge Volpi, y Teresita Corona V\u00e1zquez.&nbsp;<\/span><\/p>\n<p style=\"text-align: justify;\">&nbsp;<\/p>\n<p style=\"text-align: justify;\"><span style=\"font-size: 14pt; font-family: arial, helvetica, sans-serif;\">REDACCI\u00d3N\/VISI\u00d3N CIUDADANA.<\/span><\/p>\n<p class=\"x_MsoNormal\"><span lang=\"ES\"><\/span>&nbsp;<\/p>\n","protected":false},"excerpt":{"rendered":"<p>&nbsp; La Universidad Nacional Aut\u00f3noma de M\u00e9xico (UNAM) realiz\u00f3 un sentido homenaje a su ilustre universitario y exrector, el doctor Guillermo Sober\u00f3n Acevedo, fallecido el pasado 12 de octubre, evento virtual que fue presenciado por el Rector de la Universidad Aut\u00f3noma de Sinaloa (UAS), doctor Juan Eulogio Guerra Liera. V\u00eda Zoom y transmitido por TV [&hellip;]<\/p>\n","protected":false},"author":1,"featured_media":5886,"comment_status":"open","ping_status":"closed","sticky":false,"template":"","format":"standard","meta":{"footnotes":""},"categories":[24],"tags":[],"ppma_author":[31],"class_list":["post-14362","post","type-post","status-publish","format-standard","has-post-thumbnail","hentry","category-relevantes"],"aioseo_notices":[],"authors":[{"term_id":31,"user_id":1,"is_guest":0,"slug":"ivan3vino","display_name":"Iv\u00e1n Trevi\u00f1o","avatar_url":{"url":"https:\/\/visionciudadana.com.mx\/oficial\/wp-content\/uploads\/2025\/09\/columna-ivan-Trevino.png","url2x":"https:\/\/visionciudadana.com.mx\/oficial\/wp-content\/uploads\/2025\/09\/columna-ivan-Trevino.png"},"0":null,"1":"","2":"","3":"","4":"","5":"","6":"","7":"","8":""}],"_links":{"self":[{"href":"https:\/\/visionciudadana.com.mx\/oficial\/wp-json\/wp\/v2\/posts\/14362","targetHints":{"allow":["GET"]}}],"collection":[{"href":"https:\/\/visionciudadana.com.mx\/oficial\/wp-json\/wp\/v2\/posts"}],"about":[{"href":"https:\/\/visionciudadana.com.mx\/oficial\/wp-json\/wp\/v2\/types\/post"}],"author":[{"embeddable":true,"href":"https:\/\/visionciudadana.com.mx\/oficial\/wp-json\/wp\/v2\/users\/1"}],"replies":[{"embeddable":true,"href":"https:\/\/visionciudadana.com.mx\/oficial\/wp-json\/wp\/v2\/comments?post=14362"}],"version-history":[{"count":0,"href":"https:\/\/visionciudadana.com.mx\/oficial\/wp-json\/wp\/v2\/posts\/14362\/revisions"}],"wp:featuredmedia":[{"embeddable":true,"href":"https:\/\/visionciudadana.com.mx\/oficial\/wp-json\/wp\/v2\/posts\/5886"}],"wp:attachment":[{"href":"https:\/\/visionciudadana.com.mx\/oficial\/wp-json\/wp\/v2\/media?parent=14362"}],"wp:term":[{"taxonomy":"category","embeddable":true,"href":"https:\/\/visionciudadana.com.mx\/oficial\/wp-json\/wp\/v2\/categories?post=14362"},{"taxonomy":"post_tag","embeddable":true,"href":"https:\/\/visionciudadana.com.mx\/oficial\/wp-json\/wp\/v2\/tags?post=14362"},{"taxonomy":"author","embeddable":true,"href":"https:\/\/visionciudadana.com.mx\/oficial\/wp-json\/wp\/v2\/ppma_author?post=14362"}],"curies":[{"name":"wp","href":"https:\/\/api.w.org\/{rel}","templated":true}]}}