{"id":14361,"date":"2020-10-20T02:51:07","date_gmt":"2020-10-20T02:51:07","guid":{"rendered":"https:\/\/visionciudadana.com.mx\/prueba\/2020\/10\/20\/diagnostico-oportuno-de-cancer-de-mama-salva-muchas-vidas-cidocs\/"},"modified":"2020-10-20T02:51:07","modified_gmt":"2020-10-20T02:51:07","slug":"diagnostico-oportuno-de-cancer-de-mama-salva-muchas-vidas-cidocs","status":"publish","type":"post","link":"https:\/\/visionciudadana.com.mx\/oficial\/2020\/10\/20\/diagnostico-oportuno-de-cancer-de-mama-salva-muchas-vidas-cidocs\/","title":{"rendered":"Diagn\u00f3stico oportuno de c\u00e1ncer de mama salva muchas vidas: CIDOCS"},"content":{"rendered":"<p><img decoding=\"async\" src=\"images\/2020\/octubre_20\/mama_hospital_civil.PNG\" alt=\"mama hospital civil\" style=\"display: block; margin-left: auto; margin-right: auto;\" \/><\/p>\n<p class=\"x_MsoNormal\" style=\"text-align: justify;\"><span style=\"font-size: 14pt; font-family: arial, helvetica, sans-serif;\">El c\u00e1ncer de mama es el m\u00e1s frecuente en las mujeres, por lo que la detecci\u00f3n oportuna sigue siendo la piedra angular en la lucha contra esta enfermedad, cuando se detecta a tiempo, se establecen diagn\u00f3sticos adecuados, se puede disponer de tratamientos, lo que se traduce en elevadas probabilidades de curaci\u00f3n, destac\u00f3 el m\u00e9dico Diego Armando Camacho Ram\u00edrez<\/span><\/p>\n<p style=\"text-align: justify;\">&nbsp;<\/p>\n<p class=\"x_MsoNormal\" style=\"text-align: justify;\"><span style=\"font-size: 14pt; font-family: arial, helvetica, sans-serif;\">El especialista en Ginecolog\u00eda y Mastolog\u00eda del Centro de Investigaci\u00f3n y Docencia en Ciencias de la Salud (CIDOCS) de la Universidad Aut\u00f3noma de Sinaloa (UAS) indic\u00f3 que hoy 19 de octubre que se conmemora el D\u00eda Internacional del C\u00e1ncer de Mama, son fechas importantes lo cual sirve de mucho para alertar a las mujeres sobre este grave padecimiento.<\/span><\/p>\n<p style=\"text-align: justify;\">&nbsp;<\/p>\n<p class=\"x_MsoNormal\" style=\"text-align: justify;\"><span style=\"font-size: 14pt; font-family: arial, helvetica, sans-serif;\">\u201cHoy en d\u00eda existe una alta incidencia de diagn\u00f3sticos por patolog\u00eda maligna en mama, y por lo tanto es importante hacer un diagn\u00f3stico oportuno ya que as\u00ed se salvan muchas vidas, como ya es muy socializado y existen herramientas que pueden ayudar a que las pacientes tengan ese diagn\u00f3stico oportuno. En M\u00e9xico todas las pacientes que tengan m\u00e1s de 40 a\u00f1os deben acudir a realizarse su primera mastograf\u00eda, si existen antecedentes directos, es decir, primarios ya sea mam\u00e1, hermanas o pap\u00e1 con c\u00e1ncer de mama, debe iniciar un poco antes\u201d, puntualiz\u00f3.<\/span><\/p>\n<p style=\"text-align: justify;\">&nbsp;<\/p>\n<p class=\"x_MsoNormal\" style=\"text-align: justify;\"><span style=\"font-size: 14pt; font-family: arial, helvetica, sans-serif;\">Camacho Ram\u00edrez mencion\u00f3 que los conocimientos actuales sobre las causas del c\u00e1ncer de mama a\u00fan son insuficientes, por lo que la detecci\u00f3n temprana es trascendental en la lucha contra esta enfermedad, dado que cuando se diagnostica tard\u00edamente es raro que se pueda ofrecer un tratamiento curativo.<\/span><\/p>\n<p style=\"text-align: justify;\">&nbsp;<\/p>\n<p class=\"x_MsoNormal\" style=\"text-align: justify;\"><span style=\"font-size: 14pt; font-family: arial, helvetica, sans-serif;\">\u201cEn realidad el llamado es a que se realicen los estudios de evaluaci\u00f3n, estudio de tamizaje, en un lugar que sea acreditado, que se realicen una mastograf\u00eda, y despu\u00e9s de que se realicen su mastograf\u00eda acudan a una valoraci\u00f3n por su m\u00e9dico especialista en mama. En lo particular nosotros hemos notado que cuando le decimos a la paciente que se autoexplore, la experiencia la autoexploraci\u00f3n es un poco compleja, y la paciente puede percibir poco o nada cuando una enfermedad va comenzando, entonces de preferencia le comentamos que acuda a sus revisiones de manera anual para que podamos hacer una mastograf\u00eda, una revisi\u00f3n f\u00edsica, un ultrasonido y con eso hacer un diagn\u00f3stico temprano\u201d, asegur\u00f3.<\/span><\/p>\n<p style=\"text-align: justify;\">&nbsp;<\/p>\n<p class=\"x_MsoNormal\" style=\"text-align: justify;\"><span style=\"font-size: 14pt; font-family: arial, helvetica, sans-serif;\">El galeno universitario fue enf\u00e1tico en reconocer que sin lugar a dudas el c\u00e1ncer de mama, si se detecta a tiempo, es curable, indicando que cualquier paciente que tiene una enfermedad temprana pueden tener una vida sin ninguna complicaci\u00f3n, siempre y cuando reciban un tratamiento oportuno.<\/span><\/p>\n<p style=\"text-align: justify;\">&nbsp;<\/p>\n<div>\n<p class=\"x_MsoNormal\" style=\"text-align: justify;\"><span style=\"font-size: 14pt; font-family: arial, helvetica, sans-serif;\">Cabe destacar que en esta lucha contra el c\u00e1ncer de mama la Universidad Aut\u00f3noma de Sinaloa, a trav\u00e9s de su Unidad de Bienestar Universitario, dirigida por la se\u00f1ora Patricia Corrales de Guerra, durante siete a\u00f1os ininterrumpidos ha realizado la Jornada Universitaria para la Salud de la Mujer, en donde se ha apoyado a m\u00e1s de 15 mil 675 pacientes en el Estado con estudios especializados gratuitos como mastograf\u00eda, ultrasonido y densitometr\u00eda \u00f3sea, que se realizan en la unidad m\u00f3vil, y aunque este a\u00f1o por la contingencia que se vive no se pudieron efectuar, a trav\u00e9s de las redes sociales se han desarrollado actividades como es el caso de la conferencia virtual que se llevar\u00e1 a cabo este martes 20 de octubre, en punto de las 11:00 horas, con el tema \u201cC\u00e1ncer de mama: Diagn\u00f3stico oportuno y pron\u00f3stico\u201d, a cargo de la doctora Ivette Margarita Palma Valle.<\/span><\/p>\n<p style=\"text-align: justify;\">&nbsp;<\/p>\n<p style=\"text-align: justify;\">&nbsp;<\/p>\n<p style=\"text-align: justify;\"><span style=\"font-size: 14pt; font-family: arial, helvetica, sans-serif;\">REDACCI\u00d3N\/VISI\u00d3N CIUDADANA.<\/span><\/p>\n<\/div>\n","protected":false},"excerpt":{"rendered":"<p>El c\u00e1ncer de mama es el m\u00e1s frecuente en las mujeres, por lo que la detecci\u00f3n oportuna sigue siendo la piedra angular en la lucha contra esta enfermedad, cuando se detecta a tiempo, se establecen diagn\u00f3sticos adecuados, se puede disponer de tratamientos, lo que se traduce en elevadas probabilidades de curaci\u00f3n, destac\u00f3 el m\u00e9dico Diego [&hellip;]<\/p>\n","protected":false},"author":1,"featured_media":5884,"comment_status":"open","ping_status":"closed","sticky":false,"template":"","format":"standard","meta":{"footnotes":""},"categories":[24],"tags":[],"ppma_author":[31],"class_list":["post-14361","post","type-post","status-publish","format-standard","has-post-thumbnail","hentry","category-relevantes"],"aioseo_notices":[],"authors":[{"term_id":31,"user_id":1,"is_guest":0,"slug":"ivan3vino","display_name":"Iv\u00e1n Trevi\u00f1o","avatar_url":{"url":"https:\/\/visionciudadana.com.mx\/oficial\/wp-content\/uploads\/2025\/09\/columna-ivan-Trevino.png","url2x":"https:\/\/visionciudadana.com.mx\/oficial\/wp-content\/uploads\/2025\/09\/columna-ivan-Trevino.png"},"0":null,"1":"","2":"","3":"","4":"","5":"","6":"","7":"","8":""}],"_links":{"self":[{"href":"https:\/\/visionciudadana.com.mx\/oficial\/wp-json\/wp\/v2\/posts\/14361","targetHints":{"allow":["GET"]}}],"collection":[{"href":"https:\/\/visionciudadana.com.mx\/oficial\/wp-json\/wp\/v2\/posts"}],"about":[{"href":"https:\/\/visionciudadana.com.mx\/oficial\/wp-json\/wp\/v2\/types\/post"}],"author":[{"embeddable":true,"href":"https:\/\/visionciudadana.com.mx\/oficial\/wp-json\/wp\/v2\/users\/1"}],"replies":[{"embeddable":true,"href":"https:\/\/visionciudadana.com.mx\/oficial\/wp-json\/wp\/v2\/comments?post=14361"}],"version-history":[{"count":0,"href":"https:\/\/visionciudadana.com.mx\/oficial\/wp-json\/wp\/v2\/posts\/14361\/revisions"}],"wp:featuredmedia":[{"embeddable":true,"href":"https:\/\/visionciudadana.com.mx\/oficial\/wp-json\/wp\/v2\/posts\/5884"}],"wp:attachment":[{"href":"https:\/\/visionciudadana.com.mx\/oficial\/wp-json\/wp\/v2\/media?parent=14361"}],"wp:term":[{"taxonomy":"category","embeddable":true,"href":"https:\/\/visionciudadana.com.mx\/oficial\/wp-json\/wp\/v2\/categories?post=14361"},{"taxonomy":"post_tag","embeddable":true,"href":"https:\/\/visionciudadana.com.mx\/oficial\/wp-json\/wp\/v2\/tags?post=14361"},{"taxonomy":"author","embeddable":true,"href":"https:\/\/visionciudadana.com.mx\/oficial\/wp-json\/wp\/v2\/ppma_author?post=14361"}],"curies":[{"name":"wp","href":"https:\/\/api.w.org\/{rel}","templated":true}]}}