{"id":14360,"date":"2020-10-20T02:46:56","date_gmt":"2020-10-20T02:46:56","guid":{"rendered":"https:\/\/visionciudadana.com.mx\/prueba\/2020\/10\/20\/convoca-psicologia-mazatlan-participar-en-la-jornada-sinaloense-del-conocimiento-2020\/"},"modified":"2020-10-20T02:46:56","modified_gmt":"2020-10-20T02:46:56","slug":"convoca-psicologia-mazatlan-participar-en-la-jornada-sinaloense-del-conocimiento-2020","status":"publish","type":"post","link":"https:\/\/visionciudadana.com.mx\/oficial\/2020\/10\/20\/convoca-psicologia-mazatlan-participar-en-la-jornada-sinaloense-del-conocimiento-2020\/","title":{"rendered":"Convoca Psicolog\u00eda Mazatl\u00e1n participar en la jornada Sinaloense del conocimiento 2020"},"content":{"rendered":"<p><img decoding=\"async\" src=\"images\/2020\/octubre_20\/psicologia_maza.PNG\" alt=\"psicologia maza\" style=\"display: block; margin-left: auto; margin-right: auto;\" \/><\/p>\n<p class=\"x_MsoNormal\" style=\"text-align: justify;\"><span style=\"font-size: 14pt; font-family: arial, helvetica, sans-serif;\">La Unidad Acad\u00e9mica Facultad de Psicolog\u00eda Mazatl\u00e1n de la Universidad Aut\u00f3noma de Sinaloa (UAS) concluy\u00f3 con \u00e9xito la primera Feria de Pr\u00e1cticas y Estancias Profesionales 2020 y este lunes 19 de octubre iniciar\u00e1 con las actividades correspondientes a la Jornada Sinaloense del Conocimiento, que este a\u00f1o lleva como slogan \u201cH\u00e1bitos sanos para una sociedad saludable\u201d.<\/span><\/p>\n<p style=\"text-align: justify;\">&nbsp;<\/p>\n<p class=\"x_MsoNormal\" style=\"text-align: justify;\"><span style=\"font-size: 14pt; font-family: arial, helvetica, sans-serif;\">V\u00edctor Santos Higuera Castro, director de la Unidad Acad\u00e9mica de Psicolog\u00eda Mazatl\u00e1n expres\u00f3 que se est\u00e1 convocando a estudiantes, maestros y personal administrativo a consultar las diferentes actividades que se realizan ya que son muy importantes para su formaci\u00f3n y vida personal.<\/span><\/p>\n<p style=\"text-align: justify;\">&nbsp;<\/p>\n<p class=\"x_MsoNormal\" style=\"text-align: justify;\"><span style=\"font-size: 14pt; font-family: arial, helvetica, sans-serif;\">Destac\u00f3 que en el marco de la Jornada Sinaloense del Conocimiento se invit\u00f3 a distintos intelectuales, as\u00ed como estudiantes a nivel local y nacional para que presenten alternativas de frente a las condiciones propias al confinamiento al que nos hemos visto sujetos por el COVID-19.<\/span><\/p>\n<p style=\"text-align: justify;\">&nbsp;<\/p>\n<p class=\"x_MsoNormal\" style=\"text-align: justify;\"><span style=\"font-size: 14pt; font-family: arial, helvetica, sans-serif;\">\u00abEstamos invitando a la poblaci\u00f3n en general a que nos acompa\u00f1e en esta jornada en la que se estar\u00e1n presentando 12 conferencias magistrales del 19 al 30 de octubre, agradeceremos su participaci\u00f3n en esta Jornada Sinaloense del Conocimiento 2020\u201d, manifest\u00f3 Higuera Castro.<\/span><\/p>\n<p style=\"text-align: justify;\">&nbsp;<\/p>\n<p class=\"x_MsoNormal\" style=\"text-align: justify;\"><span style=\"font-size: 14pt; font-family: arial, helvetica, sans-serif;\">Entre las conferencias que se tendr\u00e1n despu\u00e9s de la inauguraci\u00f3n de dicha jornada est\u00e1 la que dictar\u00e1 el martes 20 de octubre a las 10:30 horas el Post-Dr. Joaqu\u00edn Alberto Padilla Bautista con el tema \u201c\u00bfA los hombres en verdad nos les debe doler nada?\u201d, as\u00ed como el \u201cAbordaje socio-construccionista de las problem\u00e1ticas sexuales\u00bb a cargo de la maestra Ana Lilia Trejo Arteaga a partir de las 16:00 horas del mismo martes.<\/span><\/p>\n<p style=\"text-align: justify;\">&nbsp;<\/p>\n<p class=\"x_MsoNormal\" style=\"text-align: justify;\"><span style=\"font-size: 14pt; font-family: arial, helvetica, sans-serif;\">Adem\u00e1s de estas exposiciones est\u00e1n las conferencias \u201cDiscapacidad e Inclusi\u00f3n\u201d a cargo de la maestra Georgina Barrera Atilano; \u201cAfrontamiento de las Familias Mexicanas ante la Pandemia COVID-19\u201d bajo la responsabilidad de la doctora Xolyanetzin Montero Pardo; \u201cEl Lado Oscuro de los Retos Virtuales: Definici\u00f3n, Motivos, Ejemplos, Consecuencias y Prevenci\u00f3n\u201d que presentar\u00e1 el Lic. Daniel Enrique Hern\u00e1ndez Pacheco y \u201cH\u00e1bitos Emocionales en Tiempos de Pandemia\u201d en la cual participar\u00e1n la Lic. Sandra Paulina Ruelas y los estudiantes \u00c1ngel Ricardo Anguiano Villarreal y Perla Lorena Osuna Canseco.<\/span><\/p>\n<p style=\"text-align: justify;\">&nbsp;<\/p>\n<p class=\"x_MsoNormal\" style=\"text-align: justify;\"><span style=\"font-size: 14pt; font-family: arial, helvetica, sans-serif;\">La inauguraci\u00f3n y clausura de la Jornada Sinaloense del Conocimiento 2020 estar\u00e1 a cargo del director de la unidad acad\u00e9mica, V\u00edctor Santos Higuera Castro.<\/span><\/p>\n<p style=\"text-align: justify;\">&nbsp;<\/p>\n<p style=\"text-align: justify;\">&nbsp;<\/p>\n<p style=\"text-align: justify;\"><span style=\"font-size: 14pt; font-family: arial, helvetica, sans-serif;\">REDACCI\u00d3N\/VISI\u00d3N CIUDAD<\/span>ANA.<\/p>\n","protected":false},"excerpt":{"rendered":"<p>La Unidad Acad\u00e9mica Facultad de Psicolog\u00eda Mazatl\u00e1n de la Universidad Aut\u00f3noma de Sinaloa (UAS) concluy\u00f3 con \u00e9xito la primera Feria de Pr\u00e1cticas y Estancias Profesionales 2020 y este lunes 19 de octubre iniciar\u00e1 con las actividades correspondientes a la Jornada Sinaloense del Conocimiento, que este a\u00f1o lleva como slogan \u201cH\u00e1bitos sanos para una sociedad saludable\u201d. [&hellip;]<\/p>\n","protected":false},"author":1,"featured_media":5882,"comment_status":"open","ping_status":"closed","sticky":false,"template":"","format":"standard","meta":{"footnotes":""},"categories":[13],"tags":[],"ppma_author":[31],"class_list":["post-14360","post","type-post","status-publish","format-standard","has-post-thumbnail","hentry","category-locales"],"aioseo_notices":[],"authors":[{"term_id":31,"user_id":1,"is_guest":0,"slug":"ivan3vino","display_name":"Iv\u00e1n Trevi\u00f1o","avatar_url":{"url":"https:\/\/visionciudadana.com.mx\/oficial\/wp-content\/uploads\/2025\/09\/columna-ivan-Trevino.png","url2x":"https:\/\/visionciudadana.com.mx\/oficial\/wp-content\/uploads\/2025\/09\/columna-ivan-Trevino.png"},"0":null,"1":"","2":"","3":"","4":"","5":"","6":"","7":"","8":""}],"_links":{"self":[{"href":"https:\/\/visionciudadana.com.mx\/oficial\/wp-json\/wp\/v2\/posts\/14360","targetHints":{"allow":["GET"]}}],"collection":[{"href":"https:\/\/visionciudadana.com.mx\/oficial\/wp-json\/wp\/v2\/posts"}],"about":[{"href":"https:\/\/visionciudadana.com.mx\/oficial\/wp-json\/wp\/v2\/types\/post"}],"author":[{"embeddable":true,"href":"https:\/\/visionciudadana.com.mx\/oficial\/wp-json\/wp\/v2\/users\/1"}],"replies":[{"embeddable":true,"href":"https:\/\/visionciudadana.com.mx\/oficial\/wp-json\/wp\/v2\/comments?post=14360"}],"version-history":[{"count":0,"href":"https:\/\/visionciudadana.com.mx\/oficial\/wp-json\/wp\/v2\/posts\/14360\/revisions"}],"wp:featuredmedia":[{"embeddable":true,"href":"https:\/\/visionciudadana.com.mx\/oficial\/wp-json\/wp\/v2\/media\/5882"}],"wp:attachment":[{"href":"https:\/\/visionciudadana.com.mx\/oficial\/wp-json\/wp\/v2\/media?parent=14360"}],"wp:term":[{"taxonomy":"category","embeddable":true,"href":"https:\/\/visionciudadana.com.mx\/oficial\/wp-json\/wp\/v2\/categories?post=14360"},{"taxonomy":"post_tag","embeddable":true,"href":"https:\/\/visionciudadana.com.mx\/oficial\/wp-json\/wp\/v2\/tags?post=14360"},{"taxonomy":"author","embeddable":true,"href":"https:\/\/visionciudadana.com.mx\/oficial\/wp-json\/wp\/v2\/ppma_author?post=14360"}],"curies":[{"name":"wp","href":"https:\/\/api.w.org\/{rel}","templated":true}]}}