{"id":14353,"date":"2020-10-12T17:17:47","date_gmt":"2020-10-12T17:17:47","guid":{"rendered":"https:\/\/visionciudadana.com.mx\/prueba\/2020\/10\/12\/inicia-reapertura-gradual-de-tianguis-los-huizaches\/"},"modified":"2020-10-12T17:17:47","modified_gmt":"2020-10-12T17:17:47","slug":"inicia-reapertura-gradual-de-tianguis-los-huizaches","status":"publish","type":"post","link":"https:\/\/visionciudadana.com.mx\/oficial\/2020\/10\/12\/inicia-reapertura-gradual-de-tianguis-los-huizaches\/","title":{"rendered":"Inicia reapertura gradual de tianguis Los Huizaches"},"content":{"rendered":"<p><img decoding=\"async\" src=\"images\/2020\/octubre_20\/reapertura_tianguis.PNG\" alt=\"reapertura tianguis\" style=\"display: block; margin-left: auto; margin-right: auto;\" \/><\/p>\n<p style=\"text-align: justify;\"><span style=\"font-size: 14pt; font-family: arial, helvetica, sans-serif;\">En la b\u00fasqueda de contribuir a mejorar la econom\u00eda de las familias que dependen de la actividad comercial, el Gobierno de Culiac\u00e1n autoriz\u00f3 la reapertura gradual del Tianguis Los Huizaches, misma que inici\u00f3 con la supervisi\u00f3n de las medidas acordadas para protecci\u00f3n de vendedores y ciudadanos que acuden a este lugar.<\/span><\/p>\n<p style=\"text-align: justify;\">&nbsp;<\/p>\n<p style=\"text-align: justify;\"><span style=\"font-size: 14pt; font-family: arial, helvetica, sans-serif;\">El presidente municipal Lic. Jes\u00fas Estrada Ferreiro, resalt\u00f3 durante los encuentros sostenidos con los comerciantes de este tianguis, su completa disposici\u00f3n de apoyarles pero tambi\u00e9n de priorizar la salud de la poblaci\u00f3n, por ello se acord\u00f3 que la reactivaci\u00f3n ser\u00eda con los protocolos indicados por el Sector Salud para evitar contagios de COVID-19.<\/span><\/p>\n<p style=\"text-align: justify;\">&nbsp;<\/p>\n<p style=\"text-align: justify;\"><span style=\"font-size: 14pt; font-family: arial, helvetica, sans-serif;\">Desde temprana hora acudieron los comerciantes a reinstalarse para ofrecer sus productos y servicios, as\u00ed como las brigadas de Guardianes de Prevenci\u00f3n de la Salud colocadas en tres filtros, para que los asistentes as\u00ed como los locatarios, acataran debidamente la sana distancia, toma de temperatura, el uso de cubrebocas y la aplicaci\u00f3n de gel antibacterial; todo ello para evitar contagios de COVID-19.<\/span><\/p>\n<p style=\"text-align: justify;\">&nbsp;<\/p>\n<p style=\"text-align: justify;\"><span style=\"font-size: 14pt; font-family: arial, helvetica, sans-serif;\">La reapertura gradual de este emblem\u00e1tico tianguis abarca desde la avenida Patria, hasta la 21 de marzo y contin\u00faa hasta Luis Echeverr\u00eda, dio inicio a las cuatro de la ma\u00f1ana para concluir a la una de la tarde y los pasillos para circular fueron ampliados para evitar lo mayor posible el contacto entre los ciudadanos.<\/span><\/p>\n<p style=\"text-align: justify;\">&nbsp;<\/p>\n<p style=\"text-align: justify;\"><span style=\"font-size: 14pt; font-family: arial, helvetica, sans-serif;\">Los 700 vendedores que se instalaron cumplieron con las medidas preventivas, sin embargo, el jefe del Departamento de Mercados y Comercio en la V\u00eda P\u00fablica, Jes\u00fas Adri\u00e1n Cerda Orozco, hace un exhorto a la ciudadan\u00eda para que al acudir al lugar respeten los protocolos de sanidad, destacando con ello no llevar a menores de edad, y que no acudan mujeres embarazadas, ni adultos mayores.<\/span><\/p>\n<p style=\"text-align: justify;\">&nbsp;<\/p>\n<p style=\"text-align: justify;\"><span style=\"font-size: 14pt; font-family: arial, helvetica, sans-serif;\">Se\u00f1al\u00f3 adem\u00e1s que otras de las medidas que se acordaron seguir son el uso de vasos y cubiertos desechables en los locales de comida, as\u00ed como limpiar con papel desechable las mesas y sanitizar cada uno de los comerciantes su mercanc\u00eda y \u00e1rea de trabajo, as\u00ed como mantenerla limpia para mayor seguridad.<\/span><\/p>\n<p style=\"text-align: justify;\">&nbsp;<\/p>\n<p style=\"text-align: justify;\"><span style=\"font-size: 14pt; font-family: arial, helvetica, sans-serif;\">Conforme a la respuesta favorable que se tenga en esta primera etapa, se valorar\u00e1 ampliar la reactivaci\u00f3n de m\u00e1s comercios, dijo.<\/span><\/p>\n<p style=\"text-align: justify;\">&nbsp;<\/p>\n<p style=\"text-align: justify;\"><span style=\"font-size: 14pt; font-family: arial, helvetica, sans-serif;\">Finalmente, las personas que acudieron a esta reapertura indicaron que esto es algo positivo ya que aseguran que pueden realizar sus compras a bajo costo por lo que se ve reflejado en su econom\u00eda.<\/span><\/p>\n<p style=\"text-align: justify;\">&nbsp;<\/p>\n<p style=\"text-align: justify;\"><span style=\"font-size: 14pt; font-family: arial, helvetica, sans-serif;\">Asimismo, los locatarios agradecieron el apoyo para poder reactivar sus puestos, y reiteraron que cumplir\u00e1n con los acuerdos establecidos para cuidar la salud de todos.<\/span><\/p>\n<p style=\"text-align: justify;\">&nbsp;<\/p>\n<p style=\"text-align: justify;\"><span style=\"font-size: 14pt; font-family: arial, helvetica, sans-serif;\">REDACCI\u00d3N\/VISI\u00d3N CIUDADANA.<\/span><\/p>\n","protected":false},"excerpt":{"rendered":"<p>En la b\u00fasqueda de contribuir a mejorar la econom\u00eda de las familias que dependen de la actividad comercial, el Gobierno de Culiac\u00e1n autoriz\u00f3 la reapertura gradual del Tianguis Los Huizaches, misma que inici\u00f3 con la supervisi\u00f3n de las medidas acordadas para protecci\u00f3n de vendedores y ciudadanos que acuden a este lugar. &nbsp; El presidente municipal [&hellip;]<\/p>\n","protected":false},"author":1,"featured_media":5873,"comment_status":"open","ping_status":"closed","sticky":false,"template":"","format":"standard","meta":{"footnotes":""},"categories":[24],"tags":[],"ppma_author":[31],"class_list":["post-14353","post","type-post","status-publish","format-standard","has-post-thumbnail","hentry","category-relevantes"],"aioseo_notices":[],"authors":[{"term_id":31,"user_id":1,"is_guest":0,"slug":"ivan3vino","display_name":"Iv\u00e1n Trevi\u00f1o","avatar_url":{"url":"https:\/\/visionciudadana.com.mx\/oficial\/wp-content\/uploads\/2025\/09\/columna-ivan-Trevino.png","url2x":"https:\/\/visionciudadana.com.mx\/oficial\/wp-content\/uploads\/2025\/09\/columna-ivan-Trevino.png"},"0":null,"1":"","2":"","3":"","4":"","5":"","6":"","7":"","8":""}],"_links":{"self":[{"href":"https:\/\/visionciudadana.com.mx\/oficial\/wp-json\/wp\/v2\/posts\/14353","targetHints":{"allow":["GET"]}}],"collection":[{"href":"https:\/\/visionciudadana.com.mx\/oficial\/wp-json\/wp\/v2\/posts"}],"about":[{"href":"https:\/\/visionciudadana.com.mx\/oficial\/wp-json\/wp\/v2\/types\/post"}],"author":[{"embeddable":true,"href":"https:\/\/visionciudadana.com.mx\/oficial\/wp-json\/wp\/v2\/users\/1"}],"replies":[{"embeddable":true,"href":"https:\/\/visionciudadana.com.mx\/oficial\/wp-json\/wp\/v2\/comments?post=14353"}],"version-history":[{"count":0,"href":"https:\/\/visionciudadana.com.mx\/oficial\/wp-json\/wp\/v2\/posts\/14353\/revisions"}],"wp:featuredmedia":[{"embeddable":true,"href":"https:\/\/visionciudadana.com.mx\/oficial\/wp-json\/wp\/v2\/posts\/5873"}],"wp:attachment":[{"href":"https:\/\/visionciudadana.com.mx\/oficial\/wp-json\/wp\/v2\/media?parent=14353"}],"wp:term":[{"taxonomy":"category","embeddable":true,"href":"https:\/\/visionciudadana.com.mx\/oficial\/wp-json\/wp\/v2\/categories?post=14353"},{"taxonomy":"post_tag","embeddable":true,"href":"https:\/\/visionciudadana.com.mx\/oficial\/wp-json\/wp\/v2\/tags?post=14353"},{"taxonomy":"author","embeddable":true,"href":"https:\/\/visionciudadana.com.mx\/oficial\/wp-json\/wp\/v2\/ppma_author?post=14353"}],"curies":[{"name":"wp","href":"https:\/\/api.w.org\/{rel}","templated":true}]}}