{"id":14350,"date":"2020-10-12T17:11:05","date_gmt":"2020-10-12T17:11:05","guid":{"rendered":"https:\/\/visionciudadana.com.mx\/prueba\/2020\/10\/12\/anuncia-gobernador-ajustes-y-desaparicion-de-dependencias-de-gobierno\/"},"modified":"2020-10-12T17:11:05","modified_gmt":"2020-10-12T17:11:05","slug":"anuncia-gobernador-ajustes-y-desaparicion-de-dependencias-de-gobierno","status":"publish","type":"post","link":"https:\/\/visionciudadana.com.mx\/oficial\/2020\/10\/12\/anuncia-gobernador-ajustes-y-desaparicion-de-dependencias-de-gobierno\/","title":{"rendered":"Anuncia gobernador ajustes y desaparici\u00f3n de dependencias de gobierno"},"content":{"rendered":"<p><img decoding=\"async\" src=\"images\/2020\/octubre_20\/anuncia_quiri_desa.PNG\" alt=\"anuncia quiri desa\" style=\"display: block; margin-left: auto; margin-right: auto;\" \/><\/p>\n<div>\n<p class=\"x_MsoNormal\" style=\"text-align: justify;\"><span style=\"font-size: 14pt; font-family: arial, helvetica, sans-serif;\">Al poner en marcha los trabajos de la ampliaci\u00f3n de la carretera a Playa Ceuta, en Elota, el gobernador Quirino Ordaz Coppel anunci\u00f3 que a partir de los recortes presupuestales de la federaci\u00f3n, se revisar\u00e1 a fondo el funcionamiento de dependencias estatales para ajustar, fusionar y hasta eliminar algunas que ya no tienen raz\u00f3n de ser.<\/span><\/p>\n<p style=\"text-align: justify;\">&nbsp;<\/p>\n<p class=\"x_MsoNormal\" style=\"text-align: justify;\"><span style=\"font-size: 14pt; font-family: arial, helvetica, sans-serif;\">En ese sentido, el mandatario estatal adelant\u00f3 que, de entrada, se eliminar\u00e1n el Instituto de Apoyo a la Investigaci\u00f3n e Innovaci\u00f3n (INAPI) y el Instituto de Desarrollo Social (ISDESOL).<\/span><\/p>\n<p style=\"text-align: justify;\">&nbsp;<\/p>\n<p class=\"x_MsoNormal\" style=\"text-align: justify;\"><span style=\"font-size: 14pt; font-family: arial, helvetica, sans-serif;\">Quirino Ordaz indic\u00f3 que existen algunas \u00e1reas y dependencias que ya no tienen raz\u00f3n de ser, por lo cual, se analizar\u00e1 de manera profunda cu\u00e1les tendr\u00e1n que eliminarse y cu\u00e1les se fusionar\u00e1n.<\/span><\/p>\n<p style=\"text-align: justify;\">&nbsp;<\/p>\n<p class=\"x_MsoNormal\" style=\"text-align: justify;\"><span style=\"font-size: 14pt; font-family: arial, helvetica, sans-serif;\">\u201cQuitar dependencias, \u00e1reas que ya no tienen raz\u00f3n de ser, porque precisamente recib\u00edan recursos federales, y lo que tenemos que hacer es obviamente ahorrar todo lo que se pueda. Vamos a revisar las \u00e1reas, dependencias, para desaparecer, eliminar y fusionar \u00e1reas que ya no tiene sentido que sigan operando, adem\u00e1s hay menos recursos ahorita\u201d, explic\u00f3.<\/span><\/p>\n<p style=\"text-align: justify;\">&nbsp;<\/p>\n<p class=\"x_MsoNormal\" style=\"text-align: justify;\"><span style=\"font-size: 14pt; font-family: arial, helvetica, sans-serif;\">Por tercer fin de semana consecutivo, Quirino Ordaz realiz\u00f3 una visita dominical en bicicleta, en esta ocasi\u00f3n al municipio de Elota, donde fue recibido por el alcalde Geovani Escobar Manjarrez, para dar el banderazo de inicio de la ampliaci\u00f3n de la carretera a Playa Ceuta, donde particip\u00f3 tambi\u00e9n el secretario de Obras P\u00fablicas, Osbaldo L\u00f3pez Angulo.<\/span><\/p>\n<p style=\"text-align: justify;\">&nbsp;<\/p>\n<p class=\"x_MsoNormal\" style=\"text-align: justify;\"><span style=\"font-size: 14pt; font-family: arial, helvetica, sans-serif;\">El prop\u00f3sito, explic\u00f3 el gobernador, es impulsar el ciclismo en la localidad, pues esta ampliaci\u00f3n de la carretera ser\u00e1 para crear una ciclov\u00eda, en beneficio de los habitantes de La Cruz, y cuya inversi\u00f3n ser\u00e1 de 7 millones de pesos, con recursos estatales y municipales.<\/span><\/p>\n<p style=\"text-align: justify;\">&nbsp;<\/p>\n<p class=\"x_MsoNormal\" style=\"text-align: justify;\"><span style=\"font-size: 14pt; font-family: arial, helvetica, sans-serif;\">\u201cLo que estamos apoyando nosotros es el uso de la bicicleta, que haya m\u00e1s gente que utilice este medio, porque uno, es salud, dos es ejercicio y tres, la gente cada vez m\u00e1s est\u00e1 entrando en esa cultura (del uso de la bicicleta), para justamente poder disfrutar m\u00e1s de la naturaleza\u201d, expres\u00f3.<\/span><\/p>\n<p style=\"text-align: justify;\">&nbsp;<\/p>\n<p class=\"x_MsoNormal\" style=\"text-align: justify;\"><span style=\"font-size: 14pt; font-family: arial, helvetica, sans-serif;\">El gobernador del estado, adelant\u00f3 que en los pr\u00f3ximos d\u00edas, en Elota, pondr\u00e1 en marcha la pavimentaci\u00f3n con concreto hidr\u00e1ulico de la vialidad que comunica a la comunidad Potrerillos, donde adem\u00e1s se integrar\u00e1 el sistema de agua potable, drenaje y alumbrado p\u00fablico.<\/span><\/p>\n<p style=\"text-align: justify;\">&nbsp;<\/p>\n<p class=\"x_MsoNormal\" style=\"text-align: justify;\"><span style=\"font-size: 14pt; font-family: arial, helvetica, sans-serif;\">A bordo de sus bicicletas, el gobernador Quirino Ordaz y el alcalde Geovani Escobar Manjarrez, recorrieron el malec\u00f3n de Playa Ceuta, para saludar y escuchar las inquietudes de la gente.<\/span><\/p>\n<p style=\"text-align: justify;\">&nbsp;<\/p>\n<p class=\"x_MsoNormal\" style=\"text-align: justify;\"><span style=\"font-size: 14pt; font-family: arial, helvetica, sans-serif;\">Tras este recorrido, el gobernador visit\u00f3 el Santuario de la Tortuga Marina, donde encabez\u00f3 la liberaci\u00f3n de esta especie y en un mensaje previo resalt\u00f3 la importancia de contar con espacios&nbsp; como Playa Ceuta, la cual adem\u00e1s de impulsar el turismo de Sinaloa, tambi\u00e9n cuida el medio ambiente.<\/span><\/p>\n<p style=\"text-align: justify;\">&nbsp;<\/p>\n<p class=\"x_MsoNormal\" style=\"text-align: justify;\"><span style=\"font-size: 14pt; font-family: arial, helvetica, sans-serif;\">\u201cAqu\u00ed se da algo bien importante para el turista, la protecci\u00f3n del medio ambiente, el cuidado de la naturaleza, el hecho de que se haya certificado esta playa hace tres semanas, no es cualquier cosa, este pedazo que son m\u00e1s de 525 metros que le dan una enorme capacidad para promoverse\u201d, dijo.<\/span><\/p>\n<p style=\"text-align: justify;\">&nbsp;<\/p>\n<p class=\"x_MsoNormal\" style=\"text-align: justify;\"><span style=\"font-size: 14pt; font-family: arial, helvetica, sans-serif;\">El compromiso hecho con Playa Ceuta es incluirlo en el programa tur\u00edstico social \u201cViajando Puro Sinaloa\u201d.<\/span><\/p>\n<p style=\"text-align: justify;\">&nbsp;<\/p>\n<p style=\"text-align: justify;\">&nbsp;<\/p>\n<p style=\"text-align: justify;\"><span style=\"font-size: 14pt; font-family: arial, helvetica, sans-serif;\">REDACCI\u00d3N\/VISI\u00d3N CIUDADANA.<\/span><\/p>\n<\/div>\n<div style=\"text-align: justify;\"><span style=\"font-size: 14pt; font-family: arial, helvetica, sans-serif;\"><\/span><\/div>\n","protected":false},"excerpt":{"rendered":"<p>Al poner en marcha los trabajos de la ampliaci\u00f3n de la carretera a Playa Ceuta, en Elota, el gobernador Quirino Ordaz Coppel anunci\u00f3 que a partir de los recortes presupuestales de la federaci\u00f3n, se revisar\u00e1 a fondo el funcionamiento de dependencias estatales para ajustar, fusionar y hasta eliminar algunas que ya no tienen raz\u00f3n de [&hellip;]<\/p>\n","protected":false},"author":1,"featured_media":5869,"comment_status":"open","ping_status":"closed","sticky":false,"template":"","format":"standard","meta":{"footnotes":""},"categories":[24],"tags":[],"ppma_author":[31],"class_list":["post-14350","post","type-post","status-publish","format-standard","has-post-thumbnail","hentry","category-relevantes"],"aioseo_notices":[],"authors":[{"term_id":31,"user_id":1,"is_guest":0,"slug":"ivan3vino","display_name":"Iv\u00e1n Trevi\u00f1o","avatar_url":{"url":"https:\/\/visionciudadana.com.mx\/oficial\/wp-content\/uploads\/2025\/09\/columna-ivan-Trevino.png","url2x":"https:\/\/visionciudadana.com.mx\/oficial\/wp-content\/uploads\/2025\/09\/columna-ivan-Trevino.png"},"0":null,"1":"","2":"","3":"","4":"","5":"","6":"","7":"","8":""}],"_links":{"self":[{"href":"https:\/\/visionciudadana.com.mx\/oficial\/wp-json\/wp\/v2\/posts\/14350","targetHints":{"allow":["GET"]}}],"collection":[{"href":"https:\/\/visionciudadana.com.mx\/oficial\/wp-json\/wp\/v2\/posts"}],"about":[{"href":"https:\/\/visionciudadana.com.mx\/oficial\/wp-json\/wp\/v2\/types\/post"}],"author":[{"embeddable":true,"href":"https:\/\/visionciudadana.com.mx\/oficial\/wp-json\/wp\/v2\/users\/1"}],"replies":[{"embeddable":true,"href":"https:\/\/visionciudadana.com.mx\/oficial\/wp-json\/wp\/v2\/comments?post=14350"}],"version-history":[{"count":0,"href":"https:\/\/visionciudadana.com.mx\/oficial\/wp-json\/wp\/v2\/posts\/14350\/revisions"}],"wp:featuredmedia":[{"embeddable":true,"href":"https:\/\/visionciudadana.com.mx\/oficial\/wp-json\/wp\/v2\/posts\/5869"}],"wp:attachment":[{"href":"https:\/\/visionciudadana.com.mx\/oficial\/wp-json\/wp\/v2\/media?parent=14350"}],"wp:term":[{"taxonomy":"category","embeddable":true,"href":"https:\/\/visionciudadana.com.mx\/oficial\/wp-json\/wp\/v2\/categories?post=14350"},{"taxonomy":"post_tag","embeddable":true,"href":"https:\/\/visionciudadana.com.mx\/oficial\/wp-json\/wp\/v2\/tags?post=14350"},{"taxonomy":"author","embeddable":true,"href":"https:\/\/visionciudadana.com.mx\/oficial\/wp-json\/wp\/v2\/ppma_author?post=14350"}],"curies":[{"name":"wp","href":"https:\/\/api.w.org\/{rel}","templated":true}]}}