{"id":14348,"date":"2020-10-12T17:03:01","date_gmt":"2020-10-12T17:03:01","guid":{"rendered":"https:\/\/visionciudadana.com.mx\/prueba\/2020\/10\/12\/lleva-sergio-torres-capacitacion-sobre-prevencion-de-cancer-de-mama-a-campos-pesqueros\/"},"modified":"2020-10-12T17:03:01","modified_gmt":"2020-10-12T17:03:01","slug":"lleva-sergio-torres-capacitacion-sobre-prevencion-de-cancer-de-mama-a-campos-pesqueros","status":"publish","type":"post","link":"https:\/\/visionciudadana.com.mx\/oficial\/2020\/10\/12\/lleva-sergio-torres-capacitacion-sobre-prevencion-de-cancer-de-mama-a-campos-pesqueros\/","title":{"rendered":"Lleva Sergio Torres capacitaci\u00f3n sobre prevenci\u00f3n de c\u00e1ncer de mama a campos pesqueros"},"content":{"rendered":"<p style=\"text-align: justify;\"><img decoding=\"async\" src=\"images\/2020\/octubre_20\/llega_sergio.PNG\" alt=\"llega sergio\" style=\"display: block; margin-left: auto; margin-right: auto;\" \/><\/p>\n<p class=\"x_MsoNormal\" style=\"text-align: justify;\"><span style=\"font-size: 14pt; font-family: arial, helvetica, sans-serif;\">Mujeres del campo pesquero El Castillo, en Navolato, recibieron una extensa e ilustrativa sesi\u00f3n informativa sobre la detecci\u00f3n y atenci\u00f3n del c\u00e1ncer de mama de parte de la doctora Karina Marisol Kawuano, amplia conocedora del tema.&nbsp;&nbsp;&nbsp;&nbsp;&nbsp;&nbsp;&nbsp;&nbsp;&nbsp;&nbsp;<\/span><\/p>\n<p style=\"text-align: justify;\">&nbsp;<\/p>\n<p class=\"x_MsoNormal\" style=\"text-align: justify;\"><span style=\"font-size: 14pt; font-family: arial, helvetica, sans-serif;\">Sergio Torres, secretario de Pesca y Acuacultura, se\u00f1al\u00f3 que estas acciones de informaci\u00f3n y concientizaci\u00f3n sobre el tema, se enmarca en el programa de atenci\u00f3n integral al sector pesquero de parte del gobierno de Quirino Ordaz, as\u00ed como en las actividades de sensibilizaci\u00f3n que se organizan cada mes de octubre.&nbsp;&nbsp;&nbsp;&nbsp;&nbsp;&nbsp;&nbsp;&nbsp;&nbsp;&nbsp;&nbsp;&nbsp;&nbsp;&nbsp;&nbsp;&nbsp;&nbsp;&nbsp;&nbsp;&nbsp;&nbsp;&nbsp;&nbsp;&nbsp;&nbsp;&nbsp;&nbsp;&nbsp;&nbsp;&nbsp;&nbsp;&nbsp;&nbsp;&nbsp;&nbsp;<\/span><\/p>\n<p style=\"text-align: justify;\">&nbsp;<\/p>\n<p class=\"x_MsoNormal\" style=\"text-align: justify;\"><span style=\"font-size: 14pt; font-family: arial, helvetica, sans-serif;\">Explic\u00f3 el funcionario que la doctora Kawuano orient\u00f3 a detalle la forma adecuada en que cada mujer debe autoexplorarse para detectar cualquier cambio o protuberancia en sus senos, y acudir ante las instituciones y personal m\u00e9dico especializado.&nbsp;&nbsp;&nbsp;&nbsp;&nbsp;&nbsp;&nbsp;&nbsp;&nbsp;&nbsp;&nbsp;&nbsp;&nbsp;&nbsp;&nbsp;&nbsp;<\/span><\/p>\n<p class=\"x_MsoNormal\" style=\"text-align: justify;\"><span style=\"font-size: 14pt; font-family: arial, helvetica, sans-serif;\">&nbsp;&nbsp;&nbsp;&nbsp;<\/span><\/p>\n<p class=\"x_MsoNormal\" style=\"text-align: justify;\"><span style=\"font-size: 14pt; font-family: arial, helvetica, sans-serif;\">De igual forma, recibieron la informaci\u00f3n necesaria para no caer en p\u00e1nico ante la presencia del c\u00e1ncer, pues detectado y atendido a tiempo es totalmente curable.&nbsp;&nbsp;&nbsp;&nbsp;&nbsp;&nbsp;&nbsp;<\/span><\/p>\n<p class=\"x_MsoNormal\" style=\"text-align: justify;\"><span style=\"font-size: 14pt; font-family: arial, helvetica, sans-serif;\">&nbsp;&nbsp;&nbsp;&nbsp;&nbsp;<\/span><\/p>\n<p class=\"x_MsoNormal\" style=\"text-align: justify;\"><span style=\"font-size: 14pt; font-family: arial, helvetica, sans-serif;\">Finalmente el funcionario hizo un llamado a todas las instituciones y personas a trabajar en el tema, pues el c\u00e1ncer de mama est\u00e1 considerada entre las principales causas de muerte de las mujeres.<\/span><\/p>\n<p style=\"text-align: justify;\">&nbsp;<\/p>\n<p style=\"text-align: justify;\"><span style=\"font-size: 14pt; font-family: arial, helvetica, sans-serif;\">REDACCI\u00d3N\/VISI\u00d3N CIUDADANA.<\/span><\/p>\n","protected":false},"excerpt":{"rendered":"<p>Mujeres del campo pesquero El Castillo, en Navolato, recibieron una extensa e ilustrativa sesi\u00f3n informativa sobre la detecci\u00f3n y atenci\u00f3n del c\u00e1ncer de mama de parte de la doctora Karina Marisol Kawuano, amplia conocedora del tema.&nbsp;&nbsp;&nbsp;&nbsp;&nbsp;&nbsp;&nbsp;&nbsp;&nbsp;&nbsp; &nbsp; Sergio Torres, secretario de Pesca y Acuacultura, se\u00f1al\u00f3 que estas acciones de informaci\u00f3n y concientizaci\u00f3n sobre el tema, [&hellip;]<\/p>\n","protected":false},"author":1,"featured_media":5866,"comment_status":"open","ping_status":"closed","sticky":false,"template":"","format":"standard","meta":{"footnotes":""},"categories":[24],"tags":[],"ppma_author":[31],"class_list":["post-14348","post","type-post","status-publish","format-standard","has-post-thumbnail","hentry","category-relevantes"],"aioseo_notices":[],"authors":[{"term_id":31,"user_id":1,"is_guest":0,"slug":"ivan3vino","display_name":"Iv\u00e1n Trevi\u00f1o","avatar_url":{"url":"https:\/\/visionciudadana.com.mx\/oficial\/wp-content\/uploads\/2025\/09\/columna-ivan-Trevino.png","url2x":"https:\/\/visionciudadana.com.mx\/oficial\/wp-content\/uploads\/2025\/09\/columna-ivan-Trevino.png"},"0":null,"1":"","2":"","3":"","4":"","5":"","6":"","7":"","8":""}],"_links":{"self":[{"href":"https:\/\/visionciudadana.com.mx\/oficial\/wp-json\/wp\/v2\/posts\/14348","targetHints":{"allow":["GET"]}}],"collection":[{"href":"https:\/\/visionciudadana.com.mx\/oficial\/wp-json\/wp\/v2\/posts"}],"about":[{"href":"https:\/\/visionciudadana.com.mx\/oficial\/wp-json\/wp\/v2\/types\/post"}],"author":[{"embeddable":true,"href":"https:\/\/visionciudadana.com.mx\/oficial\/wp-json\/wp\/v2\/users\/1"}],"replies":[{"embeddable":true,"href":"https:\/\/visionciudadana.com.mx\/oficial\/wp-json\/wp\/v2\/comments?post=14348"}],"version-history":[{"count":0,"href":"https:\/\/visionciudadana.com.mx\/oficial\/wp-json\/wp\/v2\/posts\/14348\/revisions"}],"wp:featuredmedia":[{"embeddable":true,"href":"https:\/\/visionciudadana.com.mx\/oficial\/wp-json\/wp\/v2\/media\/5866"}],"wp:attachment":[{"href":"https:\/\/visionciudadana.com.mx\/oficial\/wp-json\/wp\/v2\/media?parent=14348"}],"wp:term":[{"taxonomy":"category","embeddable":true,"href":"https:\/\/visionciudadana.com.mx\/oficial\/wp-json\/wp\/v2\/categories?post=14348"},{"taxonomy":"post_tag","embeddable":true,"href":"https:\/\/visionciudadana.com.mx\/oficial\/wp-json\/wp\/v2\/tags?post=14348"},{"taxonomy":"author","embeddable":true,"href":"https:\/\/visionciudadana.com.mx\/oficial\/wp-json\/wp\/v2\/ppma_author?post=14348"}],"curies":[{"name":"wp","href":"https:\/\/api.w.org\/{rel}","templated":true}]}}