{"id":14346,"date":"2020-10-12T16:55:32","date_gmt":"2020-10-12T16:55:32","guid":{"rendered":"https:\/\/visionciudadana.com.mx\/prueba\/2020\/10\/12\/laboratorio-del-hospital-general-de-culiacan-es-piedra-angular-en-la-lucha-contra-covid-19\/"},"modified":"2020-10-12T16:55:32","modified_gmt":"2020-10-12T16:55:32","slug":"laboratorio-del-hospital-general-de-culiacan-es-piedra-angular-en-la-lucha-contra-covid-19","status":"publish","type":"post","link":"https:\/\/visionciudadana.com.mx\/oficial\/2020\/10\/12\/laboratorio-del-hospital-general-de-culiacan-es-piedra-angular-en-la-lucha-contra-covid-19\/","title":{"rendered":"Laboratorio del Hospital General de Culiac\u00e1n es piedra angular en la lucha contra Covid-19"},"content":{"rendered":"<p><img decoding=\"async\" src=\"images\/2020\/octubre_20\/laboratorio_hospitl.PNG\" alt=\"laboratorio hospitl\" style=\"display: block; margin-left: auto; margin-right: auto;\" \/><\/p>\n<p class=\"x_MsoNormal\" style=\"text-align: justify;\"><span style=\"font-size: 14pt; font-family: arial, helvetica, sans-serif;\">\u201cSin laboratorios los hombres de ciencia son como soldados sin armas, cuando un usuario va al laboratorio nos deja lo m\u00e1s preciado de \u00e9l que se llama sangre y es nuestra responsabilidad velar por ella, analizarla y traducirla en un resultado o n\u00famero que para un m\u00e9dico es de mucha importancia\u201d, dijo el QFB Omar Lomel\u00ed Barreda.<\/span><\/p>\n<p>&nbsp;<\/p>\n<p class=\"x_MsoNormal\"><span style=\"font-family: verdana, sans-serif; font-size: large;\">El jefe de laboratorio del Hospital General de Culiac\u00e1n \u00abDr. Bernardo J. Gast\u00e9lum\u00bb sostuvo que el trabajo realizado por el personal de laboratorio durante la emergencia sanitaria ha sido fundamental en la lucha contra el Covid-19.<\/span><\/p>\n<p>&nbsp;<\/p>\n<p class=\"x_MsoNormal\"><span style=\"font-family: verdana, sans-serif; font-size: large;\">El especialista en hematolog\u00eda diagn\u00f3stica por laboratorio y maestr\u00eda en salud p\u00fablica expuso que en la emergencia sanitaria por el Covid-19 el qu\u00edmico act\u00faa en la salud p\u00fablica y contribuye a la toma de muestras del paciente, al monitoreo del mismo y a realizar la prueba diagn\u00f3stica.<\/span><\/p>\n<p>&nbsp;<\/p>\n<p class=\"x_MsoNormal\"><span style=\"font-family: verdana, sans-serif; font-size: large;\">Omar Lomel\u00ed Barreda destac\u00f3 que la emergencia sanitaria por el Covid-19 ha representado un gran reto para todos los profesionales de la salud. \u201cEs algo que nadie esperaba, era una situaci\u00f3n totalmente desconocida que generaba incertidumbre, pero lo hemos enfrentado con profesionalismo, entrega, decisi\u00f3n y valor\u201d, dijo.<\/span><\/p>\n<p>&nbsp;<\/p>\n<p class=\"x_MsoNormal\"><span style=\"font-family: verdana, sans-serif; font-size: large;\">Puntualiz\u00f3 que el qu\u00edmico f\u00e1rmaco bi\u00f3logo es un puente entre el laboratorio y el paciente. \u201cSomos lo que subimos a tomar muestras a pacientes hospitalizados, pruebas de urgencias, ambulatorios, los que analizamos tu sangre, los que separamos tu sangre cuando haces una donaci\u00f3n para salvar una vida y sin duda, abonamos a las decisiones de diagn\u00f3stico, tratamiento, a la evoluci\u00f3n y al pron\u00f3stico de un paciente\u201d, asever\u00f3.<\/span><\/p>\n<p>&nbsp;<\/p>\n<p class=\"x_MsoNormal\"><span style=\"font-family: verdana, sans-serif; font-size: large;\">\u201cUn qu\u00edmico debe tener fortaleza y entereza suficientes para sacar sangre a un paciente, manipular muestras biol\u00f3gicas, esputo, sangre, orinas, cortes histol\u00f3gicos, manipular sus entra\u00f1as y ver sangre; pero claro, lo hace con el fin de dar informaci\u00f3n al m\u00e9dico para que aquel ser humano mantenga su vida, su salud, su funcionalidad, es decir lo hace por el bienestar del paciente\u201d, expres\u00f3.<\/span><\/p>\n<p>&nbsp;<\/p>\n<p class=\"x_MsoNormal\"><span style=\"font-family: verdana, sans-serif; font-size: large;\">\u201cEl laboratorista garantiza la calidad t\u00e9cnica y cient\u00edfica, mitigamos los errores adversos mediante m\u00faltiples procesos para la seguridad del paciente y para evitar malas decisiones m\u00e9dicas que se dar\u00edan en una mala toma de muestras o una falla en el proceso y por lo tanto un mal tratamiento, un mal pron\u00f3stico o un mal diagn\u00f3stico, afortunadamente nuestro trabajo es muy preciso\u201d, coment\u00f3.<\/span><\/p>\n<p>&nbsp;<\/p>\n<p class=\"x_MsoNormal\"><span style=\"font-family: verdana, sans-serif; font-size: large;\">Omar Lomel\u00ed explic\u00f3 que el laboratorio es un importante auxiliar en la toma de decisiones terap\u00e9uticas y de diagn\u00f3stico. \u201cQuiz\u00e1 seamos los invisibles, pero todos estamos en la batalla contra el SARS-CoV-2, virus causante del Covid-19. Nosotros tambi\u00e9n tenemos contacto con los pacientes y corremos riesgos adem\u00e1s de manipular su sangre, pero lo hacemos porque tenemos vocaci\u00f3n de salvar vidas\u201d, apunt\u00f3.<\/span><\/p>\n<p>&nbsp;<\/p>\n<p class=\"x_MsoNormal\"><span style=\"font-family: verdana, sans-serif; font-size: large;\">Refiri\u00f3 que la alta afluencia de pacientes y muestras se traduce tambi\u00e9n en miedo a ser contagiados pero antes que nada se encuentra el compromiso de brindar apoyo y cumplir su responsabilidad.<\/span><\/p>\n<p class=\"x_MsoNormal\"><span style=\"font-family: verdana, sans-serif; font-size: large;\">\u201cHemos contemplado des\u00e1nimo y cansancio en nuestro gremio de qu\u00edmicos del sector salud porque somos los invisibles de esta pandemia. Aunque no se habla normalmente del qu\u00edmico nosotros seguimos con la frente en alto. Siempre se habla del m\u00e9dico y la enfermera, lo cual nos da gusto, pero se olvidan de la importancia de nuestra labor\u201d, lament\u00f3.<\/span><\/p>\n<p>&nbsp;<\/p>\n<p class=\"x_MsoNormal\"><span style=\"font-family: verdana, sans-serif; font-size: large;\"><span lang=\"ES\">Precis\u00f3 que e<\/span>l laboratorio del Hospital General de Culiac\u00e1n trabaja ininterrumpidamente a la par de todos los servicios: las 24 horas los 365 d\u00edas del a\u00f1o para atender las urgencias de los pacientes porque su misi\u00f3n es suministrar de una forma eficiente, oportuna y con la mayor calidad los elementos de soporte cl\u00ednico.<\/span><\/p>\n<p>&nbsp;<\/p>\n<p class=\"x_MsoNormal\"><span style=\"font-family: verdana, sans-serif; font-size: large;\">Omar Lomel\u00ed, miembro tambi\u00e9n de la Sociedad Sinaloense de Salud P\u00fablica \u00abDr. Jes\u00fas Kumate Rodr\u00edguez\u00bb, subray\u00f3 que por su dedicaci\u00f3n el personal del Laboratorio Cl\u00ednico es piedra angular en la enorme responsabilidad que implica velar por la salud de los sinaloenses y que demuestra con sus resultados cotidianos que una instituci\u00f3n p\u00fablica es tan eficiente como lo es el personal que en ella labora.<\/span><\/p>\n<p>&nbsp;<\/p>\n<p class=\"x_MsoNormal\"><span style=\"font-family: verdana, sans-serif; font-size: large;\">\u201cEs un alto riesgo para el personal estar en contacto directo con el paciente y con sus muestras cl\u00ednicas pero trabajamos con estrictos protocolos sanitarios y con mucha responsabilidad\u201d, dijo.<\/span><\/p>\n<p>&nbsp;<\/p>\n<p class=\"x_MsoNormal\"><span style=\"font-family: verdana, sans-serif; font-size: large;\">Para concluir, el jefe del laboratorio del Hospital General de Culiac\u00e1n hizo un exhorto a la poblaci\u00f3n para no relajar las medidas de prevenci\u00f3n para evitar el contagio del Covid-19.<\/span><\/p>\n<p class=\"x_MsoNormal\"><span style=\"font-family: verdana, sans-serif; font-size: large;\"><\/span><\/p>\n<p>REDACCI\u00d3N\/VISI\u00d3N CIUDADANA.<\/p>\n","protected":false},"excerpt":{"rendered":"<p>\u201cSin laboratorios los hombres de ciencia son como soldados sin armas, cuando un usuario va al laboratorio nos deja lo m\u00e1s preciado de \u00e9l que se llama sangre y es nuestra responsabilidad velar por ella, analizarla y traducirla en un resultado o n\u00famero que para un m\u00e9dico es de mucha importancia\u201d, dijo el QFB Omar [&hellip;]<\/p>\n","protected":false},"author":1,"featured_media":5863,"comment_status":"open","ping_status":"closed","sticky":false,"template":"","format":"standard","meta":{"footnotes":""},"categories":[24],"tags":[],"ppma_author":[31],"class_list":["post-14346","post","type-post","status-publish","format-standard","has-post-thumbnail","hentry","category-relevantes"],"aioseo_notices":[],"authors":[{"term_id":31,"user_id":1,"is_guest":0,"slug":"ivan3vino","display_name":"Iv\u00e1n Trevi\u00f1o","avatar_url":{"url":"https:\/\/visionciudadana.com.mx\/oficial\/wp-content\/uploads\/2025\/09\/columna-ivan-Trevino.png","url2x":"https:\/\/visionciudadana.com.mx\/oficial\/wp-content\/uploads\/2025\/09\/columna-ivan-Trevino.png"},"0":null,"1":"","2":"","3":"","4":"","5":"","6":"","7":"","8":""}],"_links":{"self":[{"href":"https:\/\/visionciudadana.com.mx\/oficial\/wp-json\/wp\/v2\/posts\/14346","targetHints":{"allow":["GET"]}}],"collection":[{"href":"https:\/\/visionciudadana.com.mx\/oficial\/wp-json\/wp\/v2\/posts"}],"about":[{"href":"https:\/\/visionciudadana.com.mx\/oficial\/wp-json\/wp\/v2\/types\/post"}],"author":[{"embeddable":true,"href":"https:\/\/visionciudadana.com.mx\/oficial\/wp-json\/wp\/v2\/users\/1"}],"replies":[{"embeddable":true,"href":"https:\/\/visionciudadana.com.mx\/oficial\/wp-json\/wp\/v2\/comments?post=14346"}],"version-history":[{"count":0,"href":"https:\/\/visionciudadana.com.mx\/oficial\/wp-json\/wp\/v2\/posts\/14346\/revisions"}],"wp:featuredmedia":[{"embeddable":true,"href":"https:\/\/visionciudadana.com.mx\/oficial\/wp-json\/wp\/v2\/posts\/5863"}],"wp:attachment":[{"href":"https:\/\/visionciudadana.com.mx\/oficial\/wp-json\/wp\/v2\/media?parent=14346"}],"wp:term":[{"taxonomy":"category","embeddable":true,"href":"https:\/\/visionciudadana.com.mx\/oficial\/wp-json\/wp\/v2\/categories?post=14346"},{"taxonomy":"post_tag","embeddable":true,"href":"https:\/\/visionciudadana.com.mx\/oficial\/wp-json\/wp\/v2\/tags?post=14346"},{"taxonomy":"author","embeddable":true,"href":"https:\/\/visionciudadana.com.mx\/oficial\/wp-json\/wp\/v2\/ppma_author?post=14346"}],"curies":[{"name":"wp","href":"https:\/\/api.w.org\/{rel}","templated":true}]}}