{"id":14342,"date":"2020-10-09T17:40:21","date_gmt":"2020-10-09T17:40:21","guid":{"rendered":"https:\/\/visionciudadana.com.mx\/prueba\/2020\/10\/09\/declaran-dia-de-luto-en-salvador-alvarado-en-memoria-del-alcalde-carlo-mario-ortiz\/"},"modified":"2020-10-09T17:40:21","modified_gmt":"2020-10-09T17:40:21","slug":"declaran-dia-de-luto-en-salvador-alvarado-en-memoria-del-alcalde-carlo-mario-ortiz","status":"publish","type":"post","link":"https:\/\/visionciudadana.com.mx\/oficial\/2020\/10\/09\/declaran-dia-de-luto-en-salvador-alvarado-en-memoria-del-alcalde-carlo-mario-ortiz\/","title":{"rendered":"Declaran d\u00eda de luto en Salvador Alvarado en memoria del Alcalde Carlo Mario Ort\u00edz"},"content":{"rendered":"<p style=\"text-align: justify;\"><img decoding=\"async\" src=\"images\/2020\/octubre_20\/declaran_d\u00eda_luto.PNG\" alt=\"declaran d\u00eda luto\" style=\"display: block; margin-left: auto; margin-right: auto;\" \/><\/p>\n<p class=\"x_MsoNormal\" style=\"text-align: justify;\"><span style=\"font-size: 14pt; font-family: arial, helvetica, sans-serif;\"> En honor a la memoria del presidente municipal Carlo Mario Ortiz S\u00e1nchez, que falleci\u00f3 el pasado 7 de octubre, los miembros del Cabildo tomaron el acuerdo de declarar este viernes como un d\u00eda de luto para todo el municipio de Salvador Alvarado.<\/span><\/p>\n<p style=\"text-align: justify;\">&nbsp;<\/p>\n<p class=\"x_MsoNormal\" style=\"text-align: justify;\"><span style=\"font-size: 14pt; font-family: arial, helvetica, sans-serif;\">Para mostrar la declaraci\u00f3n de este duelo, las autoridades municipales, junto con la esposa del fallecido alcalde, la se\u00f1ora Pier Angely Camacho de Ortiz, y dem\u00e1s familiares, izaron bandera a media asta, con lo que se anuncia de manera oficial el luto por el que est\u00e1 pasando el pueblo alvaradense.<\/span><\/p>\n<p style=\"text-align: justify;\">&nbsp;<\/p>\n<p class=\"x_MsoNormal\" style=\"text-align: justify;\"><span style=\"font-size: 14pt; font-family: arial, helvetica, sans-serif;\">El regidor, Marco Antonio L\u00f3pez Gonz\u00e1lez, fue el encargado de hacer el anuncio a nombre de sus compa\u00f1eros; dijo que para \u00e9l y el resto de los ediles que conforman el Cabildo, fue un honor acompa\u00f1ar a un hombre que deja un gran legado y que siempre luch\u00f3 por tratar de ayudar a su gente.<\/span><\/p>\n<p style=\"text-align: justify;\">&nbsp;<\/p>\n<p class=\"x_MsoNormal\" style=\"text-align: justify;\"><span style=\"font-size: 14pt; font-family: arial, helvetica, sans-serif;\">Por su parte, el secretario del ayuntamiento, C\u00e9sar Fredy Montoya S\u00e1nchez, extern\u00f3 que no hay palabras ni homenaje que alcance para reconocer la labor de Carlo Mario Ortiz S\u00e1nchez, incluso, afirm\u00f3 que probablemente lo que resta de la administraci\u00f3n no sea suficiente para reconocer y agradecer el trabajo que hizo el presidente durante el tiempo que gobern\u00f3.<\/span><\/p>\n<p style=\"text-align: justify;\">&nbsp;<\/p>\n<p class=\"x_MsoNormal\" style=\"text-align: justify;\"><span style=\"font-size: 14pt; font-family: arial, helvetica, sans-serif;\">Mencion\u00f3 que, para cumplir con lo que el alcalde hubiera querido y seguir con su legado, la administraci\u00f3n debe continuar, por lo que seguir\u00e1n trabajando de la misma forma como Carlo Mario lo hac\u00eda.<\/span><\/p>\n<p style=\"text-align: justify;\">&nbsp;<\/p>\n<p style=\"text-align: justify;\">&nbsp;<\/p>\n<p style=\"text-align: justify;\"><span style=\"font-size: 14pt; font-family: arial, helvetica, sans-serif;\">REDACCI\u00d3N\/VISI\u00d3N CIUDADANA.<\/span><\/p>\n","protected":false},"excerpt":{"rendered":"<p>En honor a la memoria del presidente municipal Carlo Mario Ortiz S\u00e1nchez, que falleci\u00f3 el pasado 7 de octubre, los miembros del Cabildo tomaron el acuerdo de declarar este viernes como un d\u00eda de luto para todo el municipio de Salvador Alvarado. &nbsp; Para mostrar la declaraci\u00f3n de este duelo, las autoridades municipales, junto con [&hellip;]<\/p>\n","protected":false},"author":1,"featured_media":5858,"comment_status":"open","ping_status":"closed","sticky":false,"template":"","format":"standard","meta":{"footnotes":""},"categories":[24],"tags":[],"ppma_author":[31],"class_list":["post-14342","post","type-post","status-publish","format-standard","has-post-thumbnail","hentry","category-relevantes"],"aioseo_notices":[],"authors":[{"term_id":31,"user_id":1,"is_guest":0,"slug":"ivan3vino","display_name":"Iv\u00e1n Trevi\u00f1o","avatar_url":{"url":"https:\/\/visionciudadana.com.mx\/oficial\/wp-content\/uploads\/2025\/09\/columna-ivan-Trevino.png","url2x":"https:\/\/visionciudadana.com.mx\/oficial\/wp-content\/uploads\/2025\/09\/columna-ivan-Trevino.png"},"0":null,"1":"","2":"","3":"","4":"","5":"","6":"","7":"","8":""}],"_links":{"self":[{"href":"https:\/\/visionciudadana.com.mx\/oficial\/wp-json\/wp\/v2\/posts\/14342","targetHints":{"allow":["GET"]}}],"collection":[{"href":"https:\/\/visionciudadana.com.mx\/oficial\/wp-json\/wp\/v2\/posts"}],"about":[{"href":"https:\/\/visionciudadana.com.mx\/oficial\/wp-json\/wp\/v2\/types\/post"}],"author":[{"embeddable":true,"href":"https:\/\/visionciudadana.com.mx\/oficial\/wp-json\/wp\/v2\/users\/1"}],"replies":[{"embeddable":true,"href":"https:\/\/visionciudadana.com.mx\/oficial\/wp-json\/wp\/v2\/comments?post=14342"}],"version-history":[{"count":0,"href":"https:\/\/visionciudadana.com.mx\/oficial\/wp-json\/wp\/v2\/posts\/14342\/revisions"}],"wp:featuredmedia":[{"embeddable":true,"href":"https:\/\/visionciudadana.com.mx\/oficial\/wp-json\/wp\/v2\/media\/5858"}],"wp:attachment":[{"href":"https:\/\/visionciudadana.com.mx\/oficial\/wp-json\/wp\/v2\/media?parent=14342"}],"wp:term":[{"taxonomy":"category","embeddable":true,"href":"https:\/\/visionciudadana.com.mx\/oficial\/wp-json\/wp\/v2\/categories?post=14342"},{"taxonomy":"post_tag","embeddable":true,"href":"https:\/\/visionciudadana.com.mx\/oficial\/wp-json\/wp\/v2\/tags?post=14342"},{"taxonomy":"author","embeddable":true,"href":"https:\/\/visionciudadana.com.mx\/oficial\/wp-json\/wp\/v2\/ppma_author?post=14342"}],"curies":[{"name":"wp","href":"https:\/\/api.w.org\/{rel}","templated":true}]}}