{"id":14341,"date":"2020-10-09T17:35:10","date_gmt":"2020-10-09T17:35:10","guid":{"rendered":"https:\/\/visionciudadana.com.mx\/prueba\/2020\/10\/09\/alvadorenses-dan-el-ultimo-adios-a-carlo-mario-ortiz-sanchez\/"},"modified":"2020-10-09T17:35:10","modified_gmt":"2020-10-09T17:35:10","slug":"alvadorenses-dan-el-ultimo-adios-a-carlo-mario-ortiz-sanchez","status":"publish","type":"post","link":"https:\/\/visionciudadana.com.mx\/oficial\/2020\/10\/09\/alvadorenses-dan-el-ultimo-adios-a-carlo-mario-ortiz-sanchez\/","title":{"rendered":"Alvadorenses dan el \u00faltimo adi\u00f3s a Carlo Mario Ort\u00edz S\u00e1nchez"},"content":{"rendered":"<p>&nbsp;<\/p>\n<p><img decoding=\"async\" src=\"images\/2020\/octubre_20\/adios_carlo_ma.PNG\" alt=\"adios carlo ma\" style=\"display: block; margin-left: auto; margin-right: auto;\" \/><\/p>\n<p class=\"x_gmail-MsoListParagraph\" style=\"text-align: justify;\"><span style=\"font-size: 14pt; font-family: arial, helvetica, sans-serif;\">La tarde del mi\u00e9rcoles 7 de octubre, qued\u00f3 en luto un municipio entero, la partida del alcalde Carlo Mario Ortiz S\u00e1nchez, tom\u00f3 por sorpresa a la mayor\u00eda de los ciudadanos, sin embargo, el dolor se dej\u00f3 ver este jueves, en el homenaje que organiz\u00f3 el ayuntamiento para despedirlo.<\/span><\/p>\n<p style=\"text-align: justify;\">&nbsp;<\/p>\n<p class=\"x_MsoNormal\" style=\"text-align: justify;\"><span style=\"font-size: 14pt; font-family: arial, helvetica, sans-serif;\">En medio de aplausos, globos blancos y sobre todo llanto, el presidente recibi\u00f3 su \u00faltimo adi\u00f3s, como el gran ciudadano, esposo, padre, hijo, amigo, y servidor p\u00fablico que era, a la altura de lo que Carlo Mario merec\u00eda, el cual estuvo encabezado por su familia y el gobernador del estado, Quirino Ordaz Coppel y su esposa, Rosy Fuentes.<\/span><\/p>\n<p style=\"text-align: justify;\">&nbsp;<\/p>\n<p class=\"x_MsoNormal\" style=\"text-align: justify;\"><span style=\"font-size: 14pt; font-family: arial, helvetica, sans-serif;\">Con profundo dolor y mostrando toda la fortaleza que pod\u00eda, su esposa Pier Angely Camacho de Ortiz, acompa\u00f1ada de sus tres hijos, Carlo Mario, Santiago y Marco; emiti\u00f3 un mensaje lleno de amor y orgullo, en el que recalc\u00f3 el sue\u00f1o que tuvo el alcalde de llegar a gobernar su municipio, y as\u00ed poder ayudar a tanta gente en todo momento, sue\u00f1o que no solo cumpli\u00f3, sino que marc\u00f3 la historia, por ser el \u00fanico en ser presidente en dos periodos.<\/span><\/p>\n<p style=\"text-align: justify;\">&nbsp;<\/p>\n<p class=\"x_MsoNormal\" style=\"text-align: justify;\"><span style=\"font-size: 14pt; font-family: arial, helvetica, sans-serif;\">Agradeci\u00f3 a su esposo por la familia, que con amor construyeron durante el tiempo que estuvieron juntos, amor que seguir\u00e1 inculcando en sus hijos, para hacer que su pap\u00e1 sea el ejemplo a seguir en sus vidas, y sean como \u00e9l, hombres de bien y con vocaci\u00f3n de servir a los dem\u00e1s.<\/span><\/p>\n<p style=\"text-align: justify;\">&nbsp;<\/p>\n<p class=\"x_MsoNormal\" style=\"text-align: justify;\"><span style=\"font-size: 14pt; font-family: arial, helvetica, sans-serif;\">En medio de este duelo, el gobernador del estado, Quirino Ordaz Coppel, comparti\u00f3 su sentir con las familias alvaradenses, que este jueves despidieron a su presidente, y asegur\u00f3 que Sinaloa perdi\u00f3 a uno de sus mejores ciudadanos, pero \u00e9l perdi\u00f3 a un amigo, ya que desde hace muchos a\u00f1os compart\u00edan, no solo su amor por la pol\u00edtica, sino una gran amistad.<\/span><\/p>\n<p style=\"text-align: justify;\">&nbsp;<\/p>\n<p class=\"x_MsoNormal\" style=\"text-align: justify;\"><span style=\"font-size: 14pt; font-family: arial, helvetica, sans-serif;\">El encargado de despedir al presidente Carlo Mario Ortiz a nombre de los funcionarios, regidores y personal que labora en el ayuntamiento, fue el secretario de la comuna, C\u00e9sar Fredy Montoya S\u00e1nchez, quien afirm\u00f3 que el alcalde dio su vida por ayudar a la gente, sobre todo en esta pandemia, de la cual, el mismo alcalde fue v\u00edctima.<\/span><\/p>\n<p style=\"text-align: justify;\">&nbsp;<\/p>\n<p class=\"x_MsoNormal\" style=\"text-align: justify;\"><span style=\"font-size: 14pt; font-family: arial, helvetica, sans-serif;\">As\u00ed, con el dolor de los presentes y otros miles que segu\u00edan la transmisi\u00f3n en vivo a trav\u00e9s de las redes sociales, fue como Carlo Mario Ortiz S\u00e1nchez, presidente municipal de Salvador Alvarado, fue despedido, dejando el coraz\u00f3n y el alma rota de todos aquellos que lo conocieron y comprobaron la calidad humana que tuvo siempre.<\/span><\/p>\n<p style=\"text-align: justify;\">&nbsp;<\/p>\n<p class=\"x_MsoNormal\" style=\"text-align: justify;\"><span style=\"font-size: 14pt; font-family: arial, helvetica, sans-serif;\">Cabe mencionar que en el homenaje estuvieron presentes algunos alcaldes de otros municipios, diputados, senadores, y funcionarios de los diferentes niveles de gobierno, quienes, al igual que regidores, s\u00edndica procuradora y funcionarios, montaron guardias de honor junto al ata\u00fad, para decirle \u201chasta pronto, Carlo Mario\u201d.<\/span><\/p>\n<p style=\"text-align: justify;\">&nbsp;<\/p>\n<p class=\"x_MsoNormal\" style=\"text-align: justify;\"><span style=\"font-size: 14pt; font-family: arial, helvetica, sans-serif;\">Carlo Mario Ortiz no solo deja un gran vac\u00edo, deja un gran legado de lucha, de entereza y trabajo por y para su pueblo.<\/span><\/p>\n<p style=\"text-align: justify;\">&nbsp;<\/p>\n<p class=\"x_MsoNormal\" style=\"text-align: justify;\"><span style=\"font-size: 14pt; font-family: arial, helvetica, sans-serif;\">DESCANSE EN PAZ, CARLO MARIO ORTIZ S\u00c1NCHEZ.<\/span><\/p>\n","protected":false},"excerpt":{"rendered":"<p>&nbsp; La tarde del mi\u00e9rcoles 7 de octubre, qued\u00f3 en luto un municipio entero, la partida del alcalde Carlo Mario Ortiz S\u00e1nchez, tom\u00f3 por sorpresa a la mayor\u00eda de los ciudadanos, sin embargo, el dolor se dej\u00f3 ver este jueves, en el homenaje que organiz\u00f3 el ayuntamiento para despedirlo. &nbsp; En medio de aplausos, globos [&hellip;]<\/p>\n","protected":false},"author":1,"featured_media":5856,"comment_status":"open","ping_status":"closed","sticky":false,"template":"","format":"standard","meta":{"footnotes":""},"categories":[24],"tags":[],"ppma_author":[31],"class_list":["post-14341","post","type-post","status-publish","format-standard","has-post-thumbnail","hentry","category-relevantes"],"aioseo_notices":[],"authors":[{"term_id":31,"user_id":1,"is_guest":0,"slug":"ivan3vino","display_name":"Iv\u00e1n Trevi\u00f1o","avatar_url":{"url":"https:\/\/visionciudadana.com.mx\/oficial\/wp-content\/uploads\/2025\/09\/columna-ivan-Trevino.png","url2x":"https:\/\/visionciudadana.com.mx\/oficial\/wp-content\/uploads\/2025\/09\/columna-ivan-Trevino.png"},"0":null,"1":"","2":"","3":"","4":"","5":"","6":"","7":"","8":""}],"_links":{"self":[{"href":"https:\/\/visionciudadana.com.mx\/oficial\/wp-json\/wp\/v2\/posts\/14341","targetHints":{"allow":["GET"]}}],"collection":[{"href":"https:\/\/visionciudadana.com.mx\/oficial\/wp-json\/wp\/v2\/posts"}],"about":[{"href":"https:\/\/visionciudadana.com.mx\/oficial\/wp-json\/wp\/v2\/types\/post"}],"author":[{"embeddable":true,"href":"https:\/\/visionciudadana.com.mx\/oficial\/wp-json\/wp\/v2\/users\/1"}],"replies":[{"embeddable":true,"href":"https:\/\/visionciudadana.com.mx\/oficial\/wp-json\/wp\/v2\/comments?post=14341"}],"version-history":[{"count":0,"href":"https:\/\/visionciudadana.com.mx\/oficial\/wp-json\/wp\/v2\/posts\/14341\/revisions"}],"wp:featuredmedia":[{"embeddable":true,"href":"https:\/\/visionciudadana.com.mx\/oficial\/wp-json\/wp\/v2\/posts\/5856"}],"wp:attachment":[{"href":"https:\/\/visionciudadana.com.mx\/oficial\/wp-json\/wp\/v2\/media?parent=14341"}],"wp:term":[{"taxonomy":"category","embeddable":true,"href":"https:\/\/visionciudadana.com.mx\/oficial\/wp-json\/wp\/v2\/categories?post=14341"},{"taxonomy":"post_tag","embeddable":true,"href":"https:\/\/visionciudadana.com.mx\/oficial\/wp-json\/wp\/v2\/tags?post=14341"},{"taxonomy":"author","embeddable":true,"href":"https:\/\/visionciudadana.com.mx\/oficial\/wp-json\/wp\/v2\/ppma_author?post=14341"}],"curies":[{"name":"wp","href":"https:\/\/api.w.org\/{rel}","templated":true}]}}