{"id":14330,"date":"2020-10-09T14:53:53","date_gmt":"2020-10-09T14:53:53","guid":{"rendered":"https:\/\/visionciudadana.com.mx\/prueba\/2020\/10\/09\/carlos-gandarilla-comparte-la-agenda-verde-de-sedesu-con-estudiantes-de-la-uas\/"},"modified":"2020-10-09T14:53:53","modified_gmt":"2020-10-09T14:53:53","slug":"carlos-gandarilla-comparte-la-agenda-verde-de-sedesu-con-estudiantes-de-la-uas","status":"publish","type":"post","link":"https:\/\/visionciudadana.com.mx\/oficial\/2020\/10\/09\/carlos-gandarilla-comparte-la-agenda-verde-de-sedesu-con-estudiantes-de-la-uas\/","title":{"rendered":"Carlos Gandarilla comparte la Agenda Verde de SEDESU con estudiantes de la UAS"},"content":{"rendered":"<p style=\"text-align: justify;\"><img decoding=\"async\" src=\"images\/2020\/octubre_20\/gandas.PNG\" alt=\"gandas\" style=\"display: block; margin-left: auto; margin-right: auto;\" \/><\/p>\n<p class=\"x_gmail-x_MsoNormal\" style=\"text-align: justify;\"><span style=\"font-size: 14pt; font-family: arial, helvetica, sans-serif;\">Para promover un medio ambiente sano y garantizar el futuro de los recursos naturales, alumnos de la Universidad Aut\u00f3noma de Sinaloa se sumar\u00e1n a la Agenda Verde que impulsa la Secretar\u00eda de Desarrollo Sustentable.<\/span><\/p>\n<p style=\"text-align: justify;\">&nbsp;<\/p>\n<p class=\"x_gmail-x_MsoNormal\" style=\"text-align: justify;\"><span style=\"font-size: 14pt; font-family: arial, helvetica, sans-serif;\">En una charla virtual con el secretario Carlos Gandarilla Garc\u00eda, los estudiantes de las carreras de Econom\u00eda y de Pol\u00edticas P\u00fablicas coincidieron en la necesidad de tomar acci\u00f3n e involucrarse en jornadas de arborizaci\u00f3n, limpieza de playas y la utilizaci\u00f3n de productos biodegradables para disminuir la contaminaci\u00f3n de los ecosistemas costeros.<\/span><\/p>\n<p style=\"text-align: justify;\">&nbsp;<\/p>\n<p class=\"x_gmail-x_MsoNormal\" style=\"text-align: justify;\"><span style=\"font-size: 14pt; font-family: arial, helvetica, sans-serif;\">El titular de la SEDESU se\u00f1al\u00f3 que los j\u00f3venes tienen en sus manos la oportunidad de incidir para lograr un cambio de h\u00e1bitos y mitigar los efectos del cambio clim\u00e1tico que est\u00e1 generando graves afectaciones en las actividades productivas, tal es el caso de fen\u00f3menos clim\u00e1ticos at\u00edpicos, sequ\u00eda, deforestaci\u00f3n, incendios forestales, entre otros.<\/span><\/p>\n<p style=\"text-align: justify;\">&nbsp;<\/p>\n<p class=\"x_gmail-x_MsoNormal\" style=\"text-align: justify;\"><span style=\"font-size: 14pt; font-family: arial, helvetica, sans-serif;\">Carlos Gandarilla comparti\u00f3 con los estudiantes de la UAS las acciones que el gobierno de Quirino Ordaz Coppel ha iniciado desde el 2017 al adherirse a la Agenda 2030 de la Organizaci\u00f3n de las Naciones Unidas para lograr los objetivos de desarrollo sostenible.<\/span><\/p>\n<p style=\"text-align: justify;\">&nbsp;<\/p>\n<p class=\"x_gmail-x_MsoNormal\" style=\"text-align: justify;\"><span style=\"font-size: 14pt; font-family: arial, helvetica, sans-serif;\">Cabe destacar que esta actividad, organizada por el profesor Jorge Said Osuna, busca que los alumnos conozcan los problemas que enfrenta la sociedad sinaloense, con el objetivo de generar an\u00e1lisis y respuestas por parte de los estudiantes de Econom\u00eda y de Pol\u00edticas P\u00fablicas.<\/span><\/p>\n<p style=\"text-align: justify;\">&nbsp;<\/p>\n<p style=\"text-align: justify;\"><span style=\"font-size: 14pt; font-family: arial, helvetica, sans-serif;\">REDACCI\u00d3N\/VISI\u00d3N CIUDADANA.<\/span><\/p>\n","protected":false},"excerpt":{"rendered":"<p>Para promover un medio ambiente sano y garantizar el futuro de los recursos naturales, alumnos de la Universidad Aut\u00f3noma de Sinaloa se sumar\u00e1n a la Agenda Verde que impulsa la Secretar\u00eda de Desarrollo Sustentable. &nbsp; En una charla virtual con el secretario Carlos Gandarilla Garc\u00eda, los estudiantes de las carreras de Econom\u00eda y de Pol\u00edticas [&hellip;]<\/p>\n","protected":false},"author":1,"featured_media":5837,"comment_status":"open","ping_status":"closed","sticky":false,"template":"","format":"standard","meta":{"footnotes":""},"categories":[24],"tags":[],"ppma_author":[31],"class_list":["post-14330","post","type-post","status-publish","format-standard","has-post-thumbnail","hentry","category-relevantes"],"aioseo_notices":[],"authors":[{"term_id":31,"user_id":1,"is_guest":0,"slug":"ivan3vino","display_name":"Iv\u00e1n Trevi\u00f1o","avatar_url":{"url":"https:\/\/visionciudadana.com.mx\/oficial\/wp-content\/uploads\/2025\/09\/columna-ivan-Trevino.png","url2x":"https:\/\/visionciudadana.com.mx\/oficial\/wp-content\/uploads\/2025\/09\/columna-ivan-Trevino.png"},"0":null,"1":"","2":"","3":"","4":"","5":"","6":"","7":"","8":""}],"_links":{"self":[{"href":"https:\/\/visionciudadana.com.mx\/oficial\/wp-json\/wp\/v2\/posts\/14330","targetHints":{"allow":["GET"]}}],"collection":[{"href":"https:\/\/visionciudadana.com.mx\/oficial\/wp-json\/wp\/v2\/posts"}],"about":[{"href":"https:\/\/visionciudadana.com.mx\/oficial\/wp-json\/wp\/v2\/types\/post"}],"author":[{"embeddable":true,"href":"https:\/\/visionciudadana.com.mx\/oficial\/wp-json\/wp\/v2\/users\/1"}],"replies":[{"embeddable":true,"href":"https:\/\/visionciudadana.com.mx\/oficial\/wp-json\/wp\/v2\/comments?post=14330"}],"version-history":[{"count":0,"href":"https:\/\/visionciudadana.com.mx\/oficial\/wp-json\/wp\/v2\/posts\/14330\/revisions"}],"wp:featuredmedia":[{"embeddable":true,"href":"https:\/\/visionciudadana.com.mx\/oficial\/wp-json\/wp\/v2\/media\/5837"}],"wp:attachment":[{"href":"https:\/\/visionciudadana.com.mx\/oficial\/wp-json\/wp\/v2\/media?parent=14330"}],"wp:term":[{"taxonomy":"category","embeddable":true,"href":"https:\/\/visionciudadana.com.mx\/oficial\/wp-json\/wp\/v2\/categories?post=14330"},{"taxonomy":"post_tag","embeddable":true,"href":"https:\/\/visionciudadana.com.mx\/oficial\/wp-json\/wp\/v2\/tags?post=14330"},{"taxonomy":"author","embeddable":true,"href":"https:\/\/visionciudadana.com.mx\/oficial\/wp-json\/wp\/v2\/ppma_author?post=14330"}],"curies":[{"name":"wp","href":"https:\/\/api.w.org\/{rel}","templated":true}]}}