{"id":14329,"date":"2020-10-09T14:50:25","date_gmt":"2020-10-09T14:50:25","guid":{"rendered":"https:\/\/visionciudadana.com.mx\/prueba\/2020\/10\/09\/rinden-homenaje-postumo-a-alcalde-carlo-mario-ortiz-sanchez\/"},"modified":"2020-10-09T14:50:25","modified_gmt":"2020-10-09T14:50:25","slug":"rinden-homenaje-postumo-a-alcalde-carlo-mario-ortiz-sanchez","status":"publish","type":"post","link":"https:\/\/visionciudadana.com.mx\/oficial\/2020\/10\/09\/rinden-homenaje-postumo-a-alcalde-carlo-mario-ortiz-sanchez\/","title":{"rendered":"Rinden Homenaje P\u00f3stumo a alcalde Carlo Mario Ort\u00edz S\u00e1nchez"},"content":{"rendered":"<p style=\"text-align: justify;\"><img decoding=\"async\" src=\"images\/2020\/octubre_20\/homenaje_postumo.PNG\" alt=\"homenaje postumo\" style=\"display: block; margin-left: auto; margin-right: auto;\" \/><\/p>\n<p class=\"x_MsoNormal\" style=\"text-align: justify;\"><span style=\"font-size: 14pt; font-family: arial, helvetica, sans-serif;\">Como un d\u00eda muy triste para Sinaloa, calific\u00f3 el gobernador Quirino Ordaz Coppel el deceso del presidente municipal de Salvador Alvarado, Carlo Mario Ortiz S\u00e1nchez, a quien consider\u00f3 un amigo y un extraordinario servidor p\u00fablico, y quien siempre fue un gestor incansable para llevar obras a su municipio.<\/span><\/p>\n<p style=\"text-align: justify;\">&nbsp;<\/p>\n<p class=\"x_MsoNormal\" style=\"text-align: justify;\"><span style=\"font-size: 14pt; font-family: arial, helvetica, sans-serif;\">Acompa\u00f1ado por su esposa, Rosy Fuentes de Ordaz, el mandatario estatal arrib\u00f3 a la explanada de la Presidencia Municipal, donde el Ayuntamiento de Salvador Alvarado y cientos de alvaradenses le rindieron un Homenaje P\u00f3stumo y una misa de cuerpo presente a su alcalde fallecido ayer mi\u00e9rcoles por la tarde.<\/span><\/p>\n<p style=\"text-align: justify;\">&nbsp;<\/p>\n<p class=\"x_MsoNormal\" style=\"text-align: justify;\"><span style=\"font-size: 14pt; font-family: arial, helvetica, sans-serif;\">Quirino Ordaz Coppel y su esposa le dieron el p\u00e9same a la se\u00f1ora Pier Angely Camacho de Ortiz, esposa de Carlo Mario, as\u00ed como a sus hijos y dem\u00e1s familiares, entre ellos la madre del alcalde alvaradense. \u201cHoy es un d\u00eda muy triste para Sinaloa, para mi familia y en lo personal para m\u00ed. Ha fallecido un hombre bueno, gran amigo, extraordinario servidor p\u00fablico: Carlo Mario Ortiz S\u00e1nchez\u201d, dijo el gobernador en un breve mensaje.<\/span><\/p>\n<p style=\"text-align: justify;\">&nbsp;<\/p>\n<p class=\"x_MsoNormal\" style=\"text-align: justify;\"><span style=\"font-size: 14pt; font-family: arial, helvetica, sans-serif;\">\u201cEstamos aqu\u00ed para acompa\u00f1ar a su familia y al pueblo de Salvador Alvarado, cuyo gobierno encabez\u00f3 en los \u00faltimos a\u00f1os. Siempre estuvo trabajando para traer beneficios a su municipio, era un gestor incansable, nunca se daba por vencido. Ah\u00ed quedan como su legado las obras que gestion\u00f3 y realiz\u00f3, siempre dispuesto a sumar y a hacer equipo\u201d, record\u00f3 el mandatario estatal.<\/span><\/p>\n<p style=\"text-align: justify;\">&nbsp;<\/p>\n<p style=\"text-align: justify;\"><span style=\"font-size: 14pt; font-family: arial, helvetica, sans-serif;\">REDACCI\u00d3N\/VISI\u00d3N CIUDADANA.<\/span><\/p>\n","protected":false},"excerpt":{"rendered":"<p>Como un d\u00eda muy triste para Sinaloa, calific\u00f3 el gobernador Quirino Ordaz Coppel el deceso del presidente municipal de Salvador Alvarado, Carlo Mario Ortiz S\u00e1nchez, a quien consider\u00f3 un amigo y un extraordinario servidor p\u00fablico, y quien siempre fue un gestor incansable para llevar obras a su municipio. &nbsp; Acompa\u00f1ado por su esposa, Rosy Fuentes [&hellip;]<\/p>\n","protected":false},"author":1,"featured_media":5835,"comment_status":"open","ping_status":"closed","sticky":false,"template":"","format":"standard","meta":{"footnotes":""},"categories":[24],"tags":[],"ppma_author":[31],"class_list":["post-14329","post","type-post","status-publish","format-standard","has-post-thumbnail","hentry","category-relevantes"],"aioseo_notices":[],"authors":[{"term_id":31,"user_id":1,"is_guest":0,"slug":"ivan3vino","display_name":"Iv\u00e1n Trevi\u00f1o","avatar_url":{"url":"https:\/\/visionciudadana.com.mx\/oficial\/wp-content\/uploads\/2025\/09\/columna-ivan-Trevino.png","url2x":"https:\/\/visionciudadana.com.mx\/oficial\/wp-content\/uploads\/2025\/09\/columna-ivan-Trevino.png"},"0":null,"1":"","2":"","3":"","4":"","5":"","6":"","7":"","8":""}],"_links":{"self":[{"href":"https:\/\/visionciudadana.com.mx\/oficial\/wp-json\/wp\/v2\/posts\/14329","targetHints":{"allow":["GET"]}}],"collection":[{"href":"https:\/\/visionciudadana.com.mx\/oficial\/wp-json\/wp\/v2\/posts"}],"about":[{"href":"https:\/\/visionciudadana.com.mx\/oficial\/wp-json\/wp\/v2\/types\/post"}],"author":[{"embeddable":true,"href":"https:\/\/visionciudadana.com.mx\/oficial\/wp-json\/wp\/v2\/users\/1"}],"replies":[{"embeddable":true,"href":"https:\/\/visionciudadana.com.mx\/oficial\/wp-json\/wp\/v2\/comments?post=14329"}],"version-history":[{"count":0,"href":"https:\/\/visionciudadana.com.mx\/oficial\/wp-json\/wp\/v2\/posts\/14329\/revisions"}],"wp:featuredmedia":[{"embeddable":true,"href":"https:\/\/visionciudadana.com.mx\/oficial\/wp-json\/wp\/v2\/media\/5835"}],"wp:attachment":[{"href":"https:\/\/visionciudadana.com.mx\/oficial\/wp-json\/wp\/v2\/media?parent=14329"}],"wp:term":[{"taxonomy":"category","embeddable":true,"href":"https:\/\/visionciudadana.com.mx\/oficial\/wp-json\/wp\/v2\/categories?post=14329"},{"taxonomy":"post_tag","embeddable":true,"href":"https:\/\/visionciudadana.com.mx\/oficial\/wp-json\/wp\/v2\/tags?post=14329"},{"taxonomy":"author","embeddable":true,"href":"https:\/\/visionciudadana.com.mx\/oficial\/wp-json\/wp\/v2\/ppma_author?post=14329"}],"curies":[{"name":"wp","href":"https:\/\/api.w.org\/{rel}","templated":true}]}}