{"id":14328,"date":"2020-10-09T14:46:52","date_gmt":"2020-10-09T14:46:52","guid":{"rendered":"https:\/\/visionciudadana.com.mx\/prueba\/2020\/10\/09\/dif-sinaloa-y-sepyc-distribuiran-mas-de-80-mil-despensas-a-estudiantes\/"},"modified":"2020-10-09T14:46:52","modified_gmt":"2020-10-09T14:46:52","slug":"dif-sinaloa-y-sepyc-distribuiran-mas-de-80-mil-despensas-a-estudiantes","status":"publish","type":"post","link":"https:\/\/visionciudadana.com.mx\/oficial\/2020\/10\/09\/dif-sinaloa-y-sepyc-distribuiran-mas-de-80-mil-despensas-a-estudiantes\/","title":{"rendered":"DIF Sinaloa y SEPyC distribuir\u00e1n m\u00e1s de 80 mil despensas a estudiantes"},"content":{"rendered":"<p><img decoding=\"async\" src=\"images\/2020\/octubre_20\/despensa_a_estudiantes.PNG\" alt=\"despensa a estudiantes\" style=\"display: block; margin-left: auto; margin-right: auto;\" \/><\/p>\n<p style=\"text-align: justify;\"><span lang=\"ES-TRAD\">&nbsp;<span style=\"font-size: 14pt; font-family: arial, helvetica, sans-serif;\">La presidenta del Sistema DIF Sinaloa, Rosy Fuentes de Ordaz y el Secretario de Educaci\u00f3n P\u00fablica, Juan Alfonso Mej\u00eda, lanzan el Plan Alimentario Emergente, con el cual,&nbsp;<\/span><\/span><span lang=\"ES-TRAD\" style=\"font-size: 14pt; font-family: arial, helvetica, sans-serif;\">se apoyar\u00e1 con m\u00e1s de 80 mil despensas a 40 mil 589 alumnos de nivel b\u00e1sico que formaban parte del Programa de Tiempo Completo.<\/span><\/p>\n<p style=\"text-align: justify;\">&nbsp;<\/p>\n<p style=\"text-align: justify;\"><span style=\"font-size: 14pt; font-family: arial, helvetica, sans-serif;\"><span lang=\"ES-TRAD\">Durante su intervenci\u00f3n bajo la techumbre de la escuela primaria Gustavo D\u00edaz Ordaz y en compa\u00f1\u00eda de Connie Zazueta Castro, directora general de DIF Estatal, Rosy Fuentes de Ordaz precis\u00f3 que<\/span><span lang=\"ES-TRAD\">&nbsp;el objetivo es&nbsp;<\/span><span lang=\"ES-TRAD\">brindar apoyo alimentario a familias con ni\u00f1os, ni\u00f1as y adolescentes de escuelas de educaci\u00f3n b\u00e1sica ubicadas en zonas de alta marginaci\u00f3n.<\/span><\/span><\/p>\n<p style=\"text-align: justify;\">&nbsp;<\/p>\n<p style=\"text-align: justify;\"><span lang=\"ES-TRAD\" style=\"font-size: 14pt; font-family: arial, helvetica, sans-serif;\">\u201cEste plan, que cuenta con el respaldo del Gobernador del estado, Quirino Ordaz Coppel, beneficiar\u00e1 al 31% de los 130 mil estudiantes de educaci\u00f3n b\u00e1sica en Sinaloa que forman parte del Programa de Escuelas de Tiempo Completo\u201d, comparti\u00f3.<\/span><\/p>\n<p style=\"text-align: justify;\"><span lang=\"ES-TRAD\" style=\"font-size: 14pt; font-family: arial, helvetica, sans-serif;\"><\/span><\/p>\n<p style=\"text-align: justify;\"><span lang=\"ES-TRAD\" style=\"font-size: 14pt; font-family: arial, helvetica, sans-serif;\">Agreg\u00f3 que lo importante de este plan es estar con los ni\u00f1os, tal y como lo ha demostrado el gobernador Quirino Ordaz, destac\u00f3 que \u00e9l siempre voltea a ver a la ni\u00f1ez y desde la Secretar\u00eda de Educaci\u00f3n P\u00fablica ha implementado programas innovadores, dignificado espacios, pero dijo, tan importante es eso, como apoyar y fomentar la alimentaci\u00f3n de calidad.<\/span><\/p>\n<p style=\"text-align: justify;\">&nbsp;<\/p>\n<p style=\"text-align: justify;\"><span lang=\"ES-TRAD\" style=\"font-size: 14pt; font-family: arial, helvetica, sans-serif;\">Fuentes de Ordaz, mencion\u00f3 que trabajar con asertividad en programas con transparencia, buena administraci\u00f3n y programaci\u00f3n de los proyectos, ha permitido lanzar este plan emergente alimentario para apoyar a miles de familias: \u201cestamos focalizando este plan en comunidades con padres de familias, que, ante la pandemia, tienen una situaci\u00f3n dif\u00edcil para llevar lo indispensable a su hogar, por eso el DIF est\u00e1 con ustedes\u201d.<\/span><\/p>\n<p style=\"text-align: justify;\"><span lang=\"ES-TRAD\" style=\"font-size: 14pt; font-family: arial, helvetica, sans-serif;\"><\/span><\/p>\n<p style=\"text-align: justify;\"><span lang=\"ES-TRAD\" style=\"font-size: 14pt; font-family: arial, helvetica, sans-serif;\">Por su parte, el secretario de Educaci\u00f3n P\u00fablica, Juan Alfonso Mej\u00eda, explic\u00f3 que durante 12 a\u00f1os el programa de Tiempo Completo ha sido uno de los m\u00e1s exitosos que ha tenido el pa\u00eds entero y Sinaloa no es la excepci\u00f3n: \u201ceste programa hoy est\u00e1 en riesgo y es lo que nos tiene aqu\u00ed, hoy no tiene presupuesto para que haya cocineras ni tampoco alimentos; porque no es nada m\u00e1s gobernar con generosidad como lo hace el gobernador Quirino Ordaz Coppel y no es nada m\u00e1s una despensa, es una escucha a lo que significa a tantas madres&nbsp; y padres de familia que se apoyan en una escuela como esta de tiempo completo\u201d.<\/span><\/p>\n<p style=\"text-align: justify;\">&nbsp;<\/p>\n<p style=\"text-align: justify;\"><span lang=\"ES-TRAD\" style=\"font-size: 14pt; font-family: arial, helvetica, sans-serif;\">A su vez, Connie Zazueta coment\u00f3 que DIF Sinaloa brindar\u00e1 las despensas y en coordinaci\u00f3n con la SEPyC se har\u00e1n las entregas. Agreg\u00f3 que, como media de transparencia en todas las etapas del proceso de distribuci\u00f3n y entrega de las despensas est\u00e1n involucrados DIF Sinaloa, los directivos de las escuelas, los consejos escolares, los Comit\u00e9s de Contralor\u00eda Social, maestras y maestros, as\u00ed como las Asociaciones de Padres de Familias.<\/span><\/p>\n<p style=\"text-align: justify;\"><span lang=\"ES-TRAD\" style=\"font-size: 14pt; font-family: arial, helvetica, sans-serif;\"><\/span><\/p>\n<p style=\"text-align: justify;\"><span lang=\"ES-TRAD\" style=\"font-size: 14pt; font-family: arial, helvetica, sans-serif;\">\u201cLa se\u00f1ora Rosy nos ha pedido que trabajemos en economizar m\u00e1s en muchos de nuestros programas y ser muy transparentes en todo lo que hacemos, y as\u00ed, que nuestros recursos alcancen para poder apoyar a m\u00e1s sinaloenses. Hoy nos encontramos en una escuela donde podremos apoyar a muchos padres de familia con esta despensa que tiene m\u00e1s de 15 productos\u201d, finaliz\u00f3 Zazueta Castro.<\/span><\/p>\n<p style=\"text-align: justify;\">&nbsp;<\/p>\n<p style=\"text-align: justify;\"><span lang=\"ES-TRAD\" style=\"font-size: 14pt; font-family: arial, helvetica, sans-serif;\">Destacar que este beneficio va dirigido \u00fanicamente a escuelas que forman parte del padr\u00f3n de Escuelas de Tiempo Completo y que ofrecen a los alumnos el beneficio del servicio de alimentaci\u00f3n.&nbsp; Las entregas de las despensas ser\u00e1n mensuales en las escuelas, y se aplicar\u00e1n protocolos estrictos de sana distancia e higiene.<\/span><\/p>\n<p style=\"text-align: justify;\"><span lang=\"ES-TRAD\" style=\"font-size: 14pt; font-family: arial, helvetica, sans-serif;\"><\/span><\/p>\n<p style=\"text-align: justify;\"><span style=\"font-size: 14pt; font-family: arial, helvetica, sans-serif;\">REDACCI\u00d3N\/VISI\u00d3N CIUDADANA.<\/span><\/p>\n","protected":false},"excerpt":{"rendered":"<p>&nbsp;La presidenta del Sistema DIF Sinaloa, Rosy Fuentes de Ordaz y el Secretario de Educaci\u00f3n P\u00fablica, Juan Alfonso Mej\u00eda, lanzan el Plan Alimentario Emergente, con el cual,&nbsp;se apoyar\u00e1 con m\u00e1s de 80 mil despensas a 40 mil 589 alumnos de nivel b\u00e1sico que formaban parte del Programa de Tiempo Completo. &nbsp; Durante su intervenci\u00f3n bajo [&hellip;]<\/p>\n","protected":false},"author":1,"featured_media":5833,"comment_status":"open","ping_status":"closed","sticky":false,"template":"","format":"standard","meta":{"footnotes":""},"categories":[24],"tags":[],"ppma_author":[31],"class_list":["post-14328","post","type-post","status-publish","format-standard","has-post-thumbnail","hentry","category-relevantes"],"aioseo_notices":[],"authors":[{"term_id":31,"user_id":1,"is_guest":0,"slug":"ivan3vino","display_name":"Iv\u00e1n Trevi\u00f1o","avatar_url":{"url":"https:\/\/visionciudadana.com.mx\/oficial\/wp-content\/uploads\/2025\/09\/columna-ivan-Trevino.png","url2x":"https:\/\/visionciudadana.com.mx\/oficial\/wp-content\/uploads\/2025\/09\/columna-ivan-Trevino.png"},"0":null,"1":"","2":"","3":"","4":"","5":"","6":"","7":"","8":""}],"_links":{"self":[{"href":"https:\/\/visionciudadana.com.mx\/oficial\/wp-json\/wp\/v2\/posts\/14328","targetHints":{"allow":["GET"]}}],"collection":[{"href":"https:\/\/visionciudadana.com.mx\/oficial\/wp-json\/wp\/v2\/posts"}],"about":[{"href":"https:\/\/visionciudadana.com.mx\/oficial\/wp-json\/wp\/v2\/types\/post"}],"author":[{"embeddable":true,"href":"https:\/\/visionciudadana.com.mx\/oficial\/wp-json\/wp\/v2\/users\/1"}],"replies":[{"embeddable":true,"href":"https:\/\/visionciudadana.com.mx\/oficial\/wp-json\/wp\/v2\/comments?post=14328"}],"version-history":[{"count":0,"href":"https:\/\/visionciudadana.com.mx\/oficial\/wp-json\/wp\/v2\/posts\/14328\/revisions"}],"wp:featuredmedia":[{"embeddable":true,"href":"https:\/\/visionciudadana.com.mx\/oficial\/wp-json\/wp\/v2\/media\/5833"}],"wp:attachment":[{"href":"https:\/\/visionciudadana.com.mx\/oficial\/wp-json\/wp\/v2\/media?parent=14328"}],"wp:term":[{"taxonomy":"category","embeddable":true,"href":"https:\/\/visionciudadana.com.mx\/oficial\/wp-json\/wp\/v2\/categories?post=14328"},{"taxonomy":"post_tag","embeddable":true,"href":"https:\/\/visionciudadana.com.mx\/oficial\/wp-json\/wp\/v2\/tags?post=14328"},{"taxonomy":"author","embeddable":true,"href":"https:\/\/visionciudadana.com.mx\/oficial\/wp-json\/wp\/v2\/ppma_author?post=14328"}],"curies":[{"name":"wp","href":"https:\/\/api.w.org\/{rel}","templated":true}]}}