{"id":14327,"date":"2020-10-09T14:39:10","date_gmt":"2020-10-09T14:39:10","guid":{"rendered":"https:\/\/visionciudadana.com.mx\/prueba\/2020\/10\/09\/da-sentido-adios-la-familia-priista-a-carlo-mario-ortiz-sanchez\/"},"modified":"2020-10-09T14:39:10","modified_gmt":"2020-10-09T14:39:10","slug":"da-sentido-adios-la-familia-priista-a-carlo-mario-ortiz-sanchez","status":"publish","type":"post","link":"https:\/\/visionciudadana.com.mx\/oficial\/2020\/10\/09\/da-sentido-adios-la-familia-priista-a-carlo-mario-ortiz-sanchez\/","title":{"rendered":"Da sentido adi\u00f3s la familia priista a Carlo Mario Ort\u00edz S\u00e1nchez"},"content":{"rendered":"<p style=\"text-align: justify;\"><img decoding=\"async\" src=\"images\/2020\/octubre_20\/adios_a_carlo.PNG\" alt=\"adios a carlo\" style=\"display: block; margin-left: auto; margin-right: auto;\" \/><\/p>\n<p class=\"x_MsoNormal\" style=\"text-align: justify;\"><span style=\"font-size: 14pt; font-family: arial, helvetica, sans-serif;\">Con guardias de honor de la familia priista, hoy fue despedido Carlo Mario Ortiz S\u00e1nchez, a quien adem\u00e1s se le brind\u00f3 una salva de aplausos en las instalaciones del comit\u00e9 municipal de Salvador Alvarado.&nbsp;<\/span><\/p>\n<p style=\"text-align: justify;\">&nbsp;<\/p>\n<p class=\"x_MsoNormal\" style=\"text-align: justify;\"><span style=\"font-size: 14pt; font-family: arial, helvetica, sans-serif;\">Acompa\u00f1ado de la secretaria general, Cinthia Valenzuela Langarica, as\u00ed como de la dirigencia municipal,&nbsp;de sectores, organizaciones y militancia, Jes\u00fas Vald\u00e9s Palazuelos, presidente del PRI Sinaloa,&nbsp;reconoci\u00f3 a Carlo Mario como un ejemplar priista, un gran sinaloense, un buen padre de familia, un amoroso esposo, pero sobre todo un buen hijo y hermano.<\/span><\/p>\n<p style=\"text-align: justify;\">&nbsp;<\/p>\n<p class=\"x_MsoNormal\" style=\"text-align: justify;\"><span style=\"font-size: 14pt; font-family: arial, helvetica, sans-serif;\">\u201cSupiste ser gran amigo. Por eso estamos aqu\u00ed la familia priista dici\u00e9ndote adi\u00f3s; seguiremos tu ejemplo, tenacidad, esp\u00edritu de lucha y sobre todo las ganas con las que hac\u00edas las cosas\u201d, dijo.<\/span><\/p>\n<p style=\"text-align: justify;\">&nbsp;<\/p>\n<p class=\"x_MsoNormal\" style=\"text-align: justify;\"><span style=\"font-size: 14pt; font-family: arial, helvetica, sans-serif;\">Al expresidente municipal le sobreviven su esposa, Pier Angely Camacho, sus tres hijos: Carlo Mario, Santiago y Marco; as\u00ed como, su mam\u00e1, la se\u00f1ora Lupita S\u00e1nchez. Descanse en paz Carlo Mario Ortiz S\u00e1nchez.<\/span><\/p>\n<p style=\"text-align: justify;\">&nbsp;<\/p>\n<p style=\"text-align: justify;\"><span style=\"font-size: 14pt; font-family: arial, helvetica, sans-serif;\">REDACCI\u00d3N\/VISI\u00d3N CIUDADANA.<\/span><\/p>\n<div>&nbsp;<\/div>\n","protected":false},"excerpt":{"rendered":"<p>Con guardias de honor de la familia priista, hoy fue despedido Carlo Mario Ortiz S\u00e1nchez, a quien adem\u00e1s se le brind\u00f3 una salva de aplausos en las instalaciones del comit\u00e9 municipal de Salvador Alvarado.&nbsp; &nbsp; Acompa\u00f1ado de la secretaria general, Cinthia Valenzuela Langarica, as\u00ed como de la dirigencia municipal,&nbsp;de sectores, organizaciones y militancia, Jes\u00fas Vald\u00e9s [&hellip;]<\/p>\n","protected":false},"author":1,"featured_media":5831,"comment_status":"open","ping_status":"closed","sticky":false,"template":"","format":"standard","meta":{"footnotes":""},"categories":[24],"tags":[],"ppma_author":[31],"class_list":["post-14327","post","type-post","status-publish","format-standard","has-post-thumbnail","hentry","category-relevantes"],"aioseo_notices":[],"authors":[{"term_id":31,"user_id":1,"is_guest":0,"slug":"ivan3vino","display_name":"Iv\u00e1n Trevi\u00f1o","avatar_url":{"url":"https:\/\/visionciudadana.com.mx\/oficial\/wp-content\/uploads\/2025\/09\/columna-ivan-Trevino.png","url2x":"https:\/\/visionciudadana.com.mx\/oficial\/wp-content\/uploads\/2025\/09\/columna-ivan-Trevino.png"},"0":null,"1":"","2":"","3":"","4":"","5":"","6":"","7":"","8":""}],"_links":{"self":[{"href":"https:\/\/visionciudadana.com.mx\/oficial\/wp-json\/wp\/v2\/posts\/14327","targetHints":{"allow":["GET"]}}],"collection":[{"href":"https:\/\/visionciudadana.com.mx\/oficial\/wp-json\/wp\/v2\/posts"}],"about":[{"href":"https:\/\/visionciudadana.com.mx\/oficial\/wp-json\/wp\/v2\/types\/post"}],"author":[{"embeddable":true,"href":"https:\/\/visionciudadana.com.mx\/oficial\/wp-json\/wp\/v2\/users\/1"}],"replies":[{"embeddable":true,"href":"https:\/\/visionciudadana.com.mx\/oficial\/wp-json\/wp\/v2\/comments?post=14327"}],"version-history":[{"count":0,"href":"https:\/\/visionciudadana.com.mx\/oficial\/wp-json\/wp\/v2\/posts\/14327\/revisions"}],"wp:featuredmedia":[{"embeddable":true,"href":"https:\/\/visionciudadana.com.mx\/oficial\/wp-json\/wp\/v2\/media\/5831"}],"wp:attachment":[{"href":"https:\/\/visionciudadana.com.mx\/oficial\/wp-json\/wp\/v2\/media?parent=14327"}],"wp:term":[{"taxonomy":"category","embeddable":true,"href":"https:\/\/visionciudadana.com.mx\/oficial\/wp-json\/wp\/v2\/categories?post=14327"},{"taxonomy":"post_tag","embeddable":true,"href":"https:\/\/visionciudadana.com.mx\/oficial\/wp-json\/wp\/v2\/tags?post=14327"},{"taxonomy":"author","embeddable":true,"href":"https:\/\/visionciudadana.com.mx\/oficial\/wp-json\/wp\/v2\/ppma_author?post=14327"}],"curies":[{"name":"wp","href":"https:\/\/api.w.org\/{rel}","templated":true}]}}