{"id":14324,"date":"2020-10-09T14:17:53","date_gmt":"2020-10-09T14:17:53","guid":{"rendered":"https:\/\/visionciudadana.com.mx\/prueba\/2020\/10\/09\/duro-golpe-a-mexicanos-la-eliminacion-de-fideicomisos\/"},"modified":"2020-10-09T14:17:53","modified_gmt":"2020-10-09T14:17:53","slug":"duro-golpe-a-mexicanos-la-eliminacion-de-fideicomisos","status":"publish","type":"post","link":"https:\/\/visionciudadana.com.mx\/oficial\/2020\/10\/09\/duro-golpe-a-mexicanos-la-eliminacion-de-fideicomisos\/","title":{"rendered":"Duro golpe a mexicanos la eliminaci\u00f3n de fideicomisos"},"content":{"rendered":"<p style=\"text-align: justify;\"><img decoding=\"async\" src=\"images\/2020\/octubre_20\/ale_Morenos.PNG\" alt=\"ale Morenos\" style=\"display: block; margin-left: auto; margin-right: auto;\" \/><\/p>\n<p class=\"x_MsoNormal\" style=\"text-align: justify;\"><span style=\"font-size: 14pt; font-family: arial, helvetica, sans-serif;\">El compromiso del&nbsp; Partido Revolucionario Institucional (PRI) es y ser\u00e1 siempre trabajar en favor de nuestro pa\u00eds, por eso reprobamos este duro golpe a los diversos sectores de nuestra sociedad, afirm\u00f3 Alejandro Moreno, presidente del Comit\u00e9 Ejecutivo Nacional de este instituto pol\u00edtico.<\/span><\/p>\n<p style=\"text-align: justify;\">&nbsp;<\/p>\n<p class=\"x_MsoNormal\" style=\"text-align: justify;\"><span style=\"font-size: 14pt; font-family: arial, helvetica, sans-serif;\">Al fijar postura, en sus redes sociales, reconoci\u00f3 \u201cla valiente lucha de las Diputadas y los Diputados del Grupo Parlamentario del PRI (GPPRI) en la C\u00e1mara de Diputados, en la defensa de los fideicomisos que Morena y sus aliados desaparecieron, legislando en contra de los intereses de los mexicanos\u201d.<\/span><\/p>\n<p style=\"text-align: justify;\">&nbsp;<\/p>\n<p class=\"x_MsoNormal\" style=\"text-align: justify;\"><span style=\"font-size: 14pt; font-family: arial, helvetica, sans-serif;\">El l\u00edder priista ratific\u00f3 su rechazo a la eliminaci\u00f3n de fondos y fideicomisos, por lo que dijo que este instituto pol\u00edtico seguir\u00e1 luchando de la mano de cient\u00edficos, acad\u00e9micos, periodistas, m\u00e9dicos y de los millones de mexicanas y mexicanos que a diario construyen a nuestro pa\u00eds.<\/span><\/p>\n<p style=\"text-align: justify;\">&nbsp;<\/p>\n<p class=\"x_MsoNormal\" style=\"text-align: justify;\"><span style=\"font-size: 14pt; font-family: arial, helvetica, sans-serif;\">Denunci\u00f3 que desde el inicio de la actual Administraci\u00f3n, la bancada de Morena, as\u00ed como el Ejecutivo Federal han presentado iniciativas que buscan eliminar recursos y perjudican a los ramos que generan innovaci\u00f3n, capacitan y desarrollan conocimiento cient\u00edfico y tecnol\u00f3gico.<\/span><\/p>\n<p style=\"text-align: justify;\">&nbsp;<\/p>\n<p class=\"x_MsoNormal\" style=\"text-align: justify;\"><span style=\"font-size: 14pt; font-family: arial, helvetica, sans-serif;\">En contraste, indic\u00f3 que, entre 2012 y 2015, el presupuesto destinado a la ciencia, la investigaci\u00f3n y la innovaci\u00f3n creci\u00f3 52 por ciento, al pasar de 25 mil 463 millones de pesos a 38 mil 694 millones de pesos. Precis\u00f3 que, durante el gobierno del PRI, el Conacyt recibi\u00f3 recursos 31.39 por ciento superiores a los destinados por el gobierno de Morena en 2019, y 36.8 por ciento superiores a los del 2020.<\/span><\/p>\n<p style=\"text-align: justify;\">&nbsp;<\/p>\n<p class=\"x_MsoNormal\" style=\"text-align: justify;\"><span style=\"font-size: 14pt; font-family: arial, helvetica, sans-serif;\">&nbsp;\u201cHoy, el gobierno de Morena pretende adue\u00f1arse de 68 mil millones de pesos que mexicanas y mexicanos de excelencia ejercen ejemplarmente. Es claro que los morenistas tienen prioridades muy distintas a las necesidades urgentes de las familias mexicanas\u201d, insisti\u00f3.<\/span><\/p>\n<p style=\"text-align: justify;\">&nbsp;<\/p>\n<p class=\"x_MsoNormal\" style=\"text-align: justify;\"><span style=\"font-size: 14pt; font-family: arial, helvetica, sans-serif;\">\u201cLa desaparici\u00f3n de fideicomisos representa un golpe letal para la actividad cient\u00edfica, period\u00edstica, tecnol\u00f3gica, m\u00e9dica, cultural, defensora de derechos humanos, ambiental, deportiva y de atenci\u00f3n a desastres naturales en nuestro pa\u00eds\u201d, subray\u00f3 Alejandro Moreno.<\/span><\/p>\n<p style=\"text-align: justify;\">&nbsp;<\/p>\n<p style=\"text-align: justify;\"><span style=\"font-size: 14pt; font-family: arial, helvetica, sans-serif;\">REDACCI\u00d3N\/VISI\u00d3N CIUDADANA.<\/span><\/p>\n<div>&nbsp;<\/div>\n","protected":false},"excerpt":{"rendered":"<p>El compromiso del&nbsp; Partido Revolucionario Institucional (PRI) es y ser\u00e1 siempre trabajar en favor de nuestro pa\u00eds, por eso reprobamos este duro golpe a los diversos sectores de nuestra sociedad, afirm\u00f3 Alejandro Moreno, presidente del Comit\u00e9 Ejecutivo Nacional de este instituto pol\u00edtico. &nbsp; Al fijar postura, en sus redes sociales, reconoci\u00f3 \u201cla valiente lucha de [&hellip;]<\/p>\n","protected":false},"author":1,"featured_media":5825,"comment_status":"open","ping_status":"closed","sticky":false,"template":"","format":"standard","meta":{"footnotes":""},"categories":[24],"tags":[],"ppma_author":[31],"class_list":["post-14324","post","type-post","status-publish","format-standard","has-post-thumbnail","hentry","category-relevantes"],"aioseo_notices":[],"authors":[{"term_id":31,"user_id":1,"is_guest":0,"slug":"ivan3vino","display_name":"Iv\u00e1n Trevi\u00f1o","avatar_url":{"url":"https:\/\/visionciudadana.com.mx\/oficial\/wp-content\/uploads\/2025\/09\/columna-ivan-Trevino.png","url2x":"https:\/\/visionciudadana.com.mx\/oficial\/wp-content\/uploads\/2025\/09\/columna-ivan-Trevino.png"},"0":null,"1":"","2":"","3":"","4":"","5":"","6":"","7":"","8":""}],"_links":{"self":[{"href":"https:\/\/visionciudadana.com.mx\/oficial\/wp-json\/wp\/v2\/posts\/14324","targetHints":{"allow":["GET"]}}],"collection":[{"href":"https:\/\/visionciudadana.com.mx\/oficial\/wp-json\/wp\/v2\/posts"}],"about":[{"href":"https:\/\/visionciudadana.com.mx\/oficial\/wp-json\/wp\/v2\/types\/post"}],"author":[{"embeddable":true,"href":"https:\/\/visionciudadana.com.mx\/oficial\/wp-json\/wp\/v2\/users\/1"}],"replies":[{"embeddable":true,"href":"https:\/\/visionciudadana.com.mx\/oficial\/wp-json\/wp\/v2\/comments?post=14324"}],"version-history":[{"count":0,"href":"https:\/\/visionciudadana.com.mx\/oficial\/wp-json\/wp\/v2\/posts\/14324\/revisions"}],"wp:featuredmedia":[{"embeddable":true,"href":"https:\/\/visionciudadana.com.mx\/oficial\/wp-json\/wp\/v2\/posts\/5825"}],"wp:attachment":[{"href":"https:\/\/visionciudadana.com.mx\/oficial\/wp-json\/wp\/v2\/media?parent=14324"}],"wp:term":[{"taxonomy":"category","embeddable":true,"href":"https:\/\/visionciudadana.com.mx\/oficial\/wp-json\/wp\/v2\/categories?post=14324"},{"taxonomy":"post_tag","embeddable":true,"href":"https:\/\/visionciudadana.com.mx\/oficial\/wp-json\/wp\/v2\/tags?post=14324"},{"taxonomy":"author","embeddable":true,"href":"https:\/\/visionciudadana.com.mx\/oficial\/wp-json\/wp\/v2\/ppma_author?post=14324"}],"curies":[{"name":"wp","href":"https:\/\/api.w.org\/{rel}","templated":true}]}}