{"id":14305,"date":"2020-10-06T04:52:44","date_gmt":"2020-10-06T04:52:44","guid":{"rendered":"https:\/\/visionciudadana.com.mx\/prueba\/2020\/10\/06\/inicia-el-pas-jornada-de-capacitacion-de-representantes-de-casilla-y-generales\/"},"modified":"2020-10-06T04:52:44","modified_gmt":"2020-10-06T04:52:44","slug":"inicia-el-pas-jornada-de-capacitacion-de-representantes-de-casilla-y-generales","status":"publish","type":"post","link":"https:\/\/visionciudadana.com.mx\/oficial\/2020\/10\/06\/inicia-el-pas-jornada-de-capacitacion-de-representantes-de-casilla-y-generales\/","title":{"rendered":"Inicia el PAS jornada de capacitaci\u00f3n de representantes de casilla y generales"},"content":{"rendered":"<p><img decoding=\"async\" src=\"images\/2020\/octubre_20\/funci\u00f3n_electoral.PNG\" alt=\"funci\u00f3n electoral\" style=\"display: block; margin-left: auto; margin-right: auto;\" \/><\/p>\n<div style=\"text-align: justify;\"><span style=\"font-size: 14pt; font-family: arial, helvetica, sans-serif;\">H\u00e9ctor Melesio Cu\u00e9n Ojeda, presidente del Partido Sinaloense, dio el banderazo de inicio de la Jornada de Capacitaci\u00f3n Electoral dirigida a los Representantes de Casillas y Representantes Generales que salvaguardar\u00e1n los votos que nuestro organismo pol\u00edtico tendr\u00e1 en junio del 2021.<\/span><\/div>\n<div style=\"text-align: justify;\">\n<p><span style=\"font-size: 14pt; font-family: arial, helvetica, sans-serif;\">Esta reuni\u00f3n es hist\u00f3rica dado que con mucha antelaci\u00f3n vamos a capacitar a la estructura electoral del partido, y ello ser\u00e1 tan importante como el hecho de convencer a los sinaloenses para que emitan su voto por el PAS.<\/span><\/div>\n<div style=\"text-align: justify;\">\n<p><span style=\"font-size: 14pt; font-family: arial, helvetica, sans-serif;\">Esta jornada inici\u00f3 con la estructura del distrito electoral # 21 ubicado en Mazatl\u00e1n donde el PAS tiene 17 subcomit\u00e9s. Evidentemente los principales asistentes fueron aquellos hombres y mujeres que est\u00e1n enlistados y comprometidos a defender el voto de nuestro partido, hablo de los Representantes de Casillas y los Representantes Generales, pero tambi\u00e9n es muy importante los 17 secretarios de Acci\u00f3n Electoral del Comit\u00e9 Directivo Municipal, en este caso de Mazatl\u00e1n, dado que son ellos quienes desde ahorita tendr\u00e1n comunicaci\u00f3n con los RC y RG, coment\u00f3 Cu\u00e9n Ojeda.<\/span><\/div>\n<div style=\"text-align: justify;\">\n<p><span style=\"font-size: 14pt; font-family: arial, helvetica, sans-serif;\">La capacitaci\u00f3n estuvo a cargo del MC. Ed Alan Valdez y coordinado por la secretaria de Acci\u00f3n Electoral del Comit\u00e9 Ejecutivo Estatal Cecilia Gonz\u00e1lez y la MC Martha Patricia Castro, responsable del Instituto de Capacitaci\u00f3n del partido.<\/span><\/div>\n<div style=\"text-align: justify;\"><span style=\"font-size: 14pt; font-family: arial, helvetica, sans-serif;\"><\/span><br \/><span style=\"font-size: 14pt; font-family: arial, helvetica, sans-serif;\">La exposici\u00f3n gir\u00f3 en los siguientes apartados: Objetivo de la capacitaci\u00f3n; Estructura Org\u00e1nica Electoral; Funciones del Representante de Casillas; Integraci\u00f3n e Instalaci\u00f3n de las Casillas; Desarrollo de la Votaci\u00f3n; Boleta electoral y acta de escrutinio y c\u00f3mputo y Conteo de Votos.<\/span><\/div>\n<div style=\"text-align: justify;\">\n<p><span style=\"font-size: 14pt; font-family: arial, helvetica, sans-serif;\">Esta fue la primera etapa de capacitaci\u00f3n, programando para&nbsp;los meses de febrero-marzo las capacitaciones t\u00e9cnicas-electorales sobre las acciones a realizar de la estructura y un curso taller para el llenado del acta de escrutinio y los escritos de incidentes y de protesta.<\/span><\/div>\n<div style=\"text-align: justify;\"><span style=\"font-size: 14pt; font-family: arial, helvetica, sans-serif;\"><\/span><br \/><span style=\"font-size: 14pt; font-family: arial, helvetica, sans-serif;\">A la reuni\u00f3n zoom asistieron 332 RC propietarios y suplentes, 19 RG y en total 416 perosnas.<\/span><\/div>\n<div style=\"text-align: justify;\">&nbsp;<\/div>\n<div style=\"text-align: justify;\">&nbsp;<\/div>\n<div style=\"text-align: justify;\">&nbsp;<\/div>\n<div style=\"text-align: justify;\"><span style=\"font-size: 14pt; font-family: arial, helvetica, sans-serif;\">REDACCI\u00d3N\/VISI\u00d3N CIUDADANA.<\/span><\/div>\n","protected":false},"excerpt":{"rendered":"<p>H\u00e9ctor Melesio Cu\u00e9n Ojeda, presidente del Partido Sinaloense, dio el banderazo de inicio de la Jornada de Capacitaci\u00f3n Electoral dirigida a los Representantes de Casillas y Representantes Generales que salvaguardar\u00e1n los votos que nuestro organismo pol\u00edtico tendr\u00e1 en junio del 2021. Esta reuni\u00f3n es hist\u00f3rica dado que con mucha antelaci\u00f3n vamos a capacitar a la [&hellip;]<\/p>\n","protected":false},"author":1,"featured_media":5795,"comment_status":"open","ping_status":"closed","sticky":false,"template":"","format":"standard","meta":{"footnotes":""},"categories":[24],"tags":[],"ppma_author":[31],"class_list":["post-14305","post","type-post","status-publish","format-standard","has-post-thumbnail","hentry","category-relevantes"],"aioseo_notices":[],"authors":[{"term_id":31,"user_id":1,"is_guest":0,"slug":"ivan3vino","display_name":"Iv\u00e1n Trevi\u00f1o","avatar_url":{"url":"https:\/\/visionciudadana.com.mx\/oficial\/wp-content\/uploads\/2025\/09\/columna-ivan-Trevino.png","url2x":"https:\/\/visionciudadana.com.mx\/oficial\/wp-content\/uploads\/2025\/09\/columna-ivan-Trevino.png"},"0":null,"1":"","2":"","3":"","4":"","5":"","6":"","7":"","8":""}],"_links":{"self":[{"href":"https:\/\/visionciudadana.com.mx\/oficial\/wp-json\/wp\/v2\/posts\/14305","targetHints":{"allow":["GET"]}}],"collection":[{"href":"https:\/\/visionciudadana.com.mx\/oficial\/wp-json\/wp\/v2\/posts"}],"about":[{"href":"https:\/\/visionciudadana.com.mx\/oficial\/wp-json\/wp\/v2\/types\/post"}],"author":[{"embeddable":true,"href":"https:\/\/visionciudadana.com.mx\/oficial\/wp-json\/wp\/v2\/users\/1"}],"replies":[{"embeddable":true,"href":"https:\/\/visionciudadana.com.mx\/oficial\/wp-json\/wp\/v2\/comments?post=14305"}],"version-history":[{"count":0,"href":"https:\/\/visionciudadana.com.mx\/oficial\/wp-json\/wp\/v2\/posts\/14305\/revisions"}],"wp:featuredmedia":[{"embeddable":true,"href":"https:\/\/visionciudadana.com.mx\/oficial\/wp-json\/wp\/v2\/posts\/5795"}],"wp:attachment":[{"href":"https:\/\/visionciudadana.com.mx\/oficial\/wp-json\/wp\/v2\/media?parent=14305"}],"wp:term":[{"taxonomy":"category","embeddable":true,"href":"https:\/\/visionciudadana.com.mx\/oficial\/wp-json\/wp\/v2\/categories?post=14305"},{"taxonomy":"post_tag","embeddable":true,"href":"https:\/\/visionciudadana.com.mx\/oficial\/wp-json\/wp\/v2\/tags?post=14305"},{"taxonomy":"author","embeddable":true,"href":"https:\/\/visionciudadana.com.mx\/oficial\/wp-json\/wp\/v2\/ppma_author?post=14305"}],"curies":[{"name":"wp","href":"https:\/\/api.w.org\/{rel}","templated":true}]}}