{"id":14304,"date":"2020-10-06T04:49:00","date_gmt":"2020-10-06T04:49:00","guid":{"rendered":"https:\/\/visionciudadana.com.mx\/prueba\/2020\/10\/06\/abren-convocatoria-para-peritos-del-poder-judicial-de-la-federacion\/"},"modified":"2020-10-06T04:49:00","modified_gmt":"2020-10-06T04:49:00","slug":"abren-convocatoria-para-peritos-del-poder-judicial-de-la-federacion","status":"publish","type":"post","link":"https:\/\/visionciudadana.com.mx\/oficial\/2020\/10\/06\/abren-convocatoria-para-peritos-del-poder-judicial-de-la-federacion\/","title":{"rendered":"Abren convocatoria para peritos del Poder Judicial de la Federaci\u00f3n"},"content":{"rendered":"<p><img decoding=\"async\" src=\"images\/2020\/octubre_20\/jurisdicci\u00f3n.PNG\" alt=\"jurisdicci\u00f3n\" style=\"display: block; margin-left: auto; margin-right: auto;\" \/><\/p>\n<div>\n<p class=\"x_MsoNormal\" style=\"text-align: justify;\"><i>&nbsp;<\/i><span style=\"font-size: 14pt; font-family: arial, helvetica, sans-serif;\">El Consejo de la Judicatura Federal abri\u00f3 la convocatoria para las personas interesadas en integrar la lista de peritos del Poder Judicial de la Federaci\u00f3n, correspondiente al a\u00f1o 2021, la cual qued\u00f3 abierta desde el 1 al 15 de octubre de este mismo a\u00f1o.<\/span><\/p>\n<p style=\"text-align: justify;\">&nbsp;<\/p>\n<p class=\"x_MsoNormal\" style=\"text-align: justify;\"><span style=\"font-size: 14pt; font-family: arial, helvetica, sans-serif;\">Dicha convocatoria contempla solicitudes para nuevo ingreso y tambi\u00e9n para la renovaci\u00f3n de registro, para los casos de personas que ya hayan desempe\u00f1ado esta funci\u00f3n de auxilio a los \u00f3rganos jurisdiccionales.<\/span><\/p>\n<p style=\"text-align: justify;\">&nbsp;<\/p>\n<p class=\"x_MsoNormal\" style=\"text-align: justify;\"><span style=\"font-size: 14pt; font-family: arial, helvetica, sans-serif;\">Una vez cerrado el periodo de recepci\u00f3n de solicitudes, a partir del 16 de octubre y hasta el 15 de noviembre se analizar\u00e1n las mismas, para integrar finalmente la lista de peritos durante el periodo del 16 al 30 de noviembre de este a\u00f1o, la cual ser\u00e1 finalmente aprobada y publicada del 1 al 15 de diciembre de este 2020.<\/span><\/p>\n<p style=\"text-align: justify;\">&nbsp;<\/p>\n<p class=\"x_MsoNormal\" style=\"text-align: justify;\"><span style=\"font-size: 14pt; font-family: arial, helvetica, sans-serif;\">Los interesados podr\u00e1n enviar su documentaci\u00f3n por correo certificado o mensajer\u00eda al Consejo de la Judicatura Federal, y tambi\u00e9n podr\u00e1 ser enviada v\u00eda correo electr\u00f3nico a la cuenta&nbsp;<a href=\"mailto:dgaj-peritos@correo.cjf.gob.mx\" target=\"_blank\" rel=\"noopener noreferrer\" data-auth=\"NotApplicable\"><\/a><a href=\"mailto:dgaj-peritos@correo.cjf.gob.mx\">dgaj-peritos@correo.cjf.gob.mx<\/a>.<\/span><\/p>\n<p style=\"text-align: justify;\">&nbsp;<\/p>\n<p class=\"x_MsoNormal\" style=\"text-align: justify;\"><span style=\"font-size: 14pt; font-family: arial, helvetica, sans-serif;\">Las personas interesadas en integrar la lista de quienes pueden fungir como peritos ante \u00f3rganos del Poder Judicial de la Federaci\u00f3n deber\u00e1n satisfacer algunos requisitos, como el contar con conocimientos necesarios en las materias o especialidades en las que quiera participar como perito.<\/span><\/p>\n<p style=\"text-align: justify;\">&nbsp;<\/p>\n<p class=\"x_MsoNormal\" style=\"text-align: justify;\"><span style=\"font-size: 14pt; font-family: arial, helvetica, sans-serif;\">Contar con un m\u00ednimo de cinco a\u00f1os de experiencia en el ejercicio profesional; no haber sido condenado por delito doloso, mediante sentencia ejecutoria que merezca pena privativa de libertad; no haber sido sancionado administrativamente por los \u00f3rganos de los Poderes Judicial, Legislativo y Ejecutivo federales o estatales, por la comisi\u00f3n de alguna falta grave.<\/span><\/p>\n<p style=\"text-align: justify;\">&nbsp;<\/p>\n<p class=\"x_MsoNormal\" style=\"text-align: justify;\"><span style=\"font-size: 14pt; font-family: arial, helvetica, sans-serif;\">Otro de los requisitos es no desempe\u00f1arse como servidor p\u00fablico del Poder Judicial de la Federaci\u00f3n, y en caso de ser servidor p\u00fablico de otras dependencias o entidades, deber\u00e1 de abstenerse de intervenir en los asuntos en donde la instituci\u00f3n en la que labore sea parte.<\/span><\/p>\n<p style=\"text-align: justify;\">&nbsp;<\/p>\n<p class=\"x_MsoNormal\" style=\"text-align: justify;\"><span style=\"font-size: 14pt; font-family: arial, helvetica, sans-serif;\">De igual manera, sujetarse a las disposiciones normativas del Consejo de la Judicatura Federal en todo lo relacionado con su funci\u00f3n como perito, dando su consentimiento respecto del arancel y lineamientos de pago de honorarios que al efecto se establezcan.<\/span><\/p>\n<p style=\"text-align: justify;\">&nbsp;<\/p>\n<p class=\"x_MsoNormal\" style=\"text-align: justify;\"><span style=\"font-size: 14pt; font-family: arial, helvetica, sans-serif;\">Para mayor informaci\u00f3n consulta la convocatoria y requisitos en:&nbsp;<a href=\"http:\/\/www.cjf.gob.mx\/\" target=\"_blank\" rel=\"noopener noreferrer\" data-auth=\"NotApplicable\">www.cjf.gob.mx<\/a><\/span><\/p>\n<p style=\"text-align: justify;\">&nbsp;<\/p>\n<p style=\"text-align: justify;\"><span style=\"font-size: 14pt; font-family: arial, helvetica, sans-serif;\">REDACCI\u00d3N\/VISI\u00d3N CIUDADANA.<\/span><\/p>\n<\/div>\n<div style=\"text-align: justify;\"><span style=\"font-size: 14pt; font-family: arial, helvetica, sans-serif;\"><\/span><\/div>\n","protected":false},"excerpt":{"rendered":"<p>&nbsp;El Consejo de la Judicatura Federal abri\u00f3 la convocatoria para las personas interesadas en integrar la lista de peritos del Poder Judicial de la Federaci\u00f3n, correspondiente al a\u00f1o 2021, la cual qued\u00f3 abierta desde el 1 al 15 de octubre de este mismo a\u00f1o. &nbsp; Dicha convocatoria contempla solicitudes para nuevo ingreso y tambi\u00e9n para [&hellip;]<\/p>\n","protected":false},"author":1,"featured_media":5793,"comment_status":"open","ping_status":"closed","sticky":false,"template":"","format":"standard","meta":{"footnotes":""},"categories":[24],"tags":[],"ppma_author":[31],"class_list":["post-14304","post","type-post","status-publish","format-standard","has-post-thumbnail","hentry","category-relevantes"],"aioseo_notices":[],"authors":[{"term_id":31,"user_id":1,"is_guest":0,"slug":"ivan3vino","display_name":"Iv\u00e1n Trevi\u00f1o","avatar_url":{"url":"https:\/\/visionciudadana.com.mx\/oficial\/wp-content\/uploads\/2025\/09\/columna-ivan-Trevino.png","url2x":"https:\/\/visionciudadana.com.mx\/oficial\/wp-content\/uploads\/2025\/09\/columna-ivan-Trevino.png"},"0":null,"1":"","2":"","3":"","4":"","5":"","6":"","7":"","8":""}],"_links":{"self":[{"href":"https:\/\/visionciudadana.com.mx\/oficial\/wp-json\/wp\/v2\/posts\/14304","targetHints":{"allow":["GET"]}}],"collection":[{"href":"https:\/\/visionciudadana.com.mx\/oficial\/wp-json\/wp\/v2\/posts"}],"about":[{"href":"https:\/\/visionciudadana.com.mx\/oficial\/wp-json\/wp\/v2\/types\/post"}],"author":[{"embeddable":true,"href":"https:\/\/visionciudadana.com.mx\/oficial\/wp-json\/wp\/v2\/users\/1"}],"replies":[{"embeddable":true,"href":"https:\/\/visionciudadana.com.mx\/oficial\/wp-json\/wp\/v2\/comments?post=14304"}],"version-history":[{"count":0,"href":"https:\/\/visionciudadana.com.mx\/oficial\/wp-json\/wp\/v2\/posts\/14304\/revisions"}],"wp:featuredmedia":[{"embeddable":true,"href":"https:\/\/visionciudadana.com.mx\/oficial\/wp-json\/wp\/v2\/posts\/5793"}],"wp:attachment":[{"href":"https:\/\/visionciudadana.com.mx\/oficial\/wp-json\/wp\/v2\/media?parent=14304"}],"wp:term":[{"taxonomy":"category","embeddable":true,"href":"https:\/\/visionciudadana.com.mx\/oficial\/wp-json\/wp\/v2\/categories?post=14304"},{"taxonomy":"post_tag","embeddable":true,"href":"https:\/\/visionciudadana.com.mx\/oficial\/wp-json\/wp\/v2\/tags?post=14304"},{"taxonomy":"author","embeddable":true,"href":"https:\/\/visionciudadana.com.mx\/oficial\/wp-json\/wp\/v2\/ppma_author?post=14304"}],"curies":[{"name":"wp","href":"https:\/\/api.w.org\/{rel}","templated":true}]}}