{"id":14303,"date":"2020-10-06T04:44:53","date_gmt":"2020-10-06T04:44:53","guid":{"rendered":"https:\/\/visionciudadana.com.mx\/prueba\/2020\/10\/06\/dif-sinaloa-reactiva-atencion-presencial-en-centros-de-rehabilitacion\/"},"modified":"2020-10-06T04:44:53","modified_gmt":"2020-10-06T04:44:53","slug":"dif-sinaloa-reactiva-atencion-presencial-en-centros-de-rehabilitacion","status":"publish","type":"post","link":"https:\/\/visionciudadana.com.mx\/oficial\/2020\/10\/06\/dif-sinaloa-reactiva-atencion-presencial-en-centros-de-rehabilitacion\/","title":{"rendered":"DIF Sinaloa reactiva atenci\u00f3n presencial en Centros de rehabilitaci\u00f3n"},"content":{"rendered":"<p><img decoding=\"async\" src=\"images\/2020\/octubre_20\/presencial_dif.PNG\" alt=\"presencial dif\" style=\"display: block; margin-left: auto; margin-right: auto;\" \/><\/p>\n<p style=\"text-align: justify;\"><span lang=\"ES-TRAD\" style=\"font-size: 14pt; font-family: arial, helvetica, sans-serif;\">La presidenta del Sistema DIF Sinaloa, Rosy Fuentes de Ordaz inform\u00f3 que, atendiendo todas las medidas de seguridad emitidas por las autoridades de Salud, a partir de hoy los centros de rehabilitaci\u00f3n de Culiac\u00e1n, Mazatl\u00e1n y Los Mochis, as\u00ed como el centro de autismo, discapacidad visual y salud emocional abrir\u00e1n sus puertas para brindar atenci\u00f3n presencial.<\/span><\/p>\n<p style=\"text-align: justify;\">&nbsp;<\/p>\n<p style=\"text-align: justify;\"><span lang=\"ES-TRAD\" style=\"font-size: 14pt; font-family: arial, helvetica, sans-serif;\">La presidenta de DIF Sinaloa record\u00f3 como al inicio de la contingencia sanitaria se crearon nuevos mecanismos de atenci\u00f3n, por lo que durante este tiempo no se suspendi\u00f3 el servicio de dichos espacios, ya que se dio seguimiento oportuno y atenci\u00f3n a las terapias por medio de Call Center.<\/span><\/p>\n<p style=\"text-align: justify;\"><span lang=\"ES-TRAD\" style=\"font-size: 14pt; font-family: arial, helvetica, sans-serif;\"><\/span><\/p>\n<p style=\"text-align: justify;\"><span style=\"font-size: 14pt; font-family: arial, helvetica, sans-serif;\">Agreg\u00f3 que los centros est\u00e1n totalmente supervisados y cuentan con todas las medidas de seguridad: \u201cestamos listos para recibirte en nuestros Centro de Rehabilitaci\u00f3n y Educaci\u00f3n Especial (CREE) en Culiac\u00e1n, Centro Regional de Rehabilitaci\u00f3n Integral (CRRI) de Mazatl\u00e1n y Los Mochis; reactivaremos todos nuestros servicios bajo un nuevo esquema de atenci\u00f3n\u201d coment\u00f3 Rosy Fuentes.<\/span><\/p>\n<p style=\"text-align: justify;\">&nbsp;<\/p>\n<p class=\"x_gmail-x_MsoNormal\" style=\"text-align: justify;\"><span lang=\"ES-TRAD\" style=\"font-size: 14pt; font-family: arial, helvetica, sans-serif;\">Explic\u00f3 que, para iniciar el proceso, se deben seguir estos sencillos pasos:<\/span><\/p>\n<ol start=\"1\" type=\"1\" style=\"text-align: justify;\">\n<li class=\"x_gmail-x_MsoNormal\"><span lang=\"ES-TRAD\" style=\"font-size: 14pt; font-family: arial, helvetica, sans-serif;\">Hacer cita v\u00eda telef\u00f3nica a los n\u00fameros CREE Culiac\u00e1n (667)7139026, CRRI Los Mochis (668)8130009, CRRI Mazatl\u00e1n (669)1230706, CAS (667)6885970, CIDIS (667) 6885971 y CRECE (667)6885988.<\/span><\/li>\n<li class=\"x_gmail-x_MsoNormal\"><span lang=\"ES-TRAD\" style=\"font-size: 14pt; font-family: arial, helvetica, sans-serif;\">Presentarse 15 minutos antes de la cita programada.<\/span><\/li>\n<li class=\"x_gmail-x_MsoNormal\"><span lang=\"ES-TRAD\" style=\"font-size: 14pt; font-family: arial, helvetica, sans-serif;\">Uso obligatorio de cubreboca, mascarilla o careta.<\/span><\/li>\n<li class=\"x_gmail-x_MsoNormal\"><span lang=\"ES-TRAD\" style=\"font-size: 14pt; font-family: arial, helvetica, sans-serif;\">Evitar presentarse con acompa\u00f1antes, a menos de que se requiera.<\/span><\/li>\n<li><\/li>\n<\/ol>\n<p class=\"x_gmail-x_MsoNormal\" style=\"text-align: justify;\"><span lang=\"ES-TRAD\" style=\"font-size: 14pt; font-family: arial, helvetica, sans-serif;\">Agreg\u00f3: \u201cse brindar\u00e1 atenci\u00f3n de lunes a viernes e hicimos una modificaci\u00f3n importante al horario, lo ampliamos para lograr atender a un mayor n\u00famero de personas, con ello evitando las aglomeraciones y cuidamos de ti, importante resaltar que solo se atender\u00e1 bajo citas programadas\u201d.<\/span><\/p>\n<p style=\"text-align: justify;\">&nbsp;<\/p>\n<p class=\"x_gmail-x_MsoNormal\" style=\"text-align: justify;\"><span lang=\"ES-TRAD\" style=\"font-size: 14pt; font-family: arial, helvetica, sans-serif;\">Dentro de las medidas de seguridad durante la estancia en dichos centros se encuentran el mantener sana distancia y permanecer en el centro solo el tiempo requerido.<\/span><\/p>\n<p style=\"text-align: justify;\">&nbsp;<\/p>\n<p class=\"x_gmail-x_MsoNormal\" style=\"text-align: justify;\"><span lang=\"ES-TRAD\" style=\"font-size: 14pt; font-family: arial, helvetica, sans-serif;\">Fuentes de Ordaz, destac\u00f3 que, para la tranquilidad de las y los usuarios, los centros se desinfectan de manera constante, es decir, los cub\u00edculos y \u00e1reas de atenci\u00f3n se desinfectan al salir de cada paciente.<\/span><\/p>\n<p style=\"text-align: justify;\">&nbsp;<\/p>\n<p class=\"x_gmail-x_MsoNormal\" style=\"text-align: justify;\"><span lang=\"ES-TRAD\" style=\"font-size: 14pt; font-family: arial, helvetica, sans-serif;\">A su vez, Connie Zazueta Castro, directora general de DIF Estatal, coment\u00f3 que el personal cuenta con el equipo de protecci\u00f3n requerido para el tipo de trabajo que realiza. El servicio est\u00e1 abierto a personas de todas las edades, para cada uno habr\u00e1 un esquema de trabajo adecuado a su estado de salud, finaliz\u00f3.<\/span><\/p>\n<p style=\"text-align: justify;\">&nbsp;<\/p>\n<p style=\"text-align: justify;\"><span style=\"font-size: 14pt; font-family: arial, helvetica, sans-serif;\">REDACCI\u00d3N\/VISI\u00d3N CIUDADANA.<\/span><\/p>\n","protected":false},"excerpt":{"rendered":"<p>La presidenta del Sistema DIF Sinaloa, Rosy Fuentes de Ordaz inform\u00f3 que, atendiendo todas las medidas de seguridad emitidas por las autoridades de Salud, a partir de hoy los centros de rehabilitaci\u00f3n de Culiac\u00e1n, Mazatl\u00e1n y Los Mochis, as\u00ed como el centro de autismo, discapacidad visual y salud emocional abrir\u00e1n sus puertas para brindar atenci\u00f3n [&hellip;]<\/p>\n","protected":false},"author":1,"featured_media":5791,"comment_status":"open","ping_status":"closed","sticky":false,"template":"","format":"standard","meta":{"footnotes":""},"categories":[24],"tags":[],"ppma_author":[31],"class_list":["post-14303","post","type-post","status-publish","format-standard","has-post-thumbnail","hentry","category-relevantes"],"aioseo_notices":[],"authors":[{"term_id":31,"user_id":1,"is_guest":0,"slug":"ivan3vino","display_name":"Iv\u00e1n Trevi\u00f1o","avatar_url":{"url":"https:\/\/visionciudadana.com.mx\/oficial\/wp-content\/uploads\/2025\/09\/columna-ivan-Trevino.png","url2x":"https:\/\/visionciudadana.com.mx\/oficial\/wp-content\/uploads\/2025\/09\/columna-ivan-Trevino.png"},"0":null,"1":"","2":"","3":"","4":"","5":"","6":"","7":"","8":""}],"_links":{"self":[{"href":"https:\/\/visionciudadana.com.mx\/oficial\/wp-json\/wp\/v2\/posts\/14303","targetHints":{"allow":["GET"]}}],"collection":[{"href":"https:\/\/visionciudadana.com.mx\/oficial\/wp-json\/wp\/v2\/posts"}],"about":[{"href":"https:\/\/visionciudadana.com.mx\/oficial\/wp-json\/wp\/v2\/types\/post"}],"author":[{"embeddable":true,"href":"https:\/\/visionciudadana.com.mx\/oficial\/wp-json\/wp\/v2\/users\/1"}],"replies":[{"embeddable":true,"href":"https:\/\/visionciudadana.com.mx\/oficial\/wp-json\/wp\/v2\/comments?post=14303"}],"version-history":[{"count":0,"href":"https:\/\/visionciudadana.com.mx\/oficial\/wp-json\/wp\/v2\/posts\/14303\/revisions"}],"wp:featuredmedia":[{"embeddable":true,"href":"https:\/\/visionciudadana.com.mx\/oficial\/wp-json\/wp\/v2\/posts\/5791"}],"wp:attachment":[{"href":"https:\/\/visionciudadana.com.mx\/oficial\/wp-json\/wp\/v2\/media?parent=14303"}],"wp:term":[{"taxonomy":"category","embeddable":true,"href":"https:\/\/visionciudadana.com.mx\/oficial\/wp-json\/wp\/v2\/categories?post=14303"},{"taxonomy":"post_tag","embeddable":true,"href":"https:\/\/visionciudadana.com.mx\/oficial\/wp-json\/wp\/v2\/tags?post=14303"},{"taxonomy":"author","embeddable":true,"href":"https:\/\/visionciudadana.com.mx\/oficial\/wp-json\/wp\/v2\/ppma_author?post=14303"}],"curies":[{"name":"wp","href":"https:\/\/api.w.org\/{rel}","templated":true}]}}