{"id":14302,"date":"2020-10-06T04:39:11","date_gmt":"2020-10-06T04:39:11","guid":{"rendered":"https:\/\/visionciudadana.com.mx\/prueba\/2020\/10\/06\/presentara-e-impulsara-pri-registro-publico-de-agresores-sexuales-y-deudores-alimenticios\/"},"modified":"2020-10-06T04:39:11","modified_gmt":"2020-10-06T04:39:11","slug":"presentara-e-impulsara-pri-registro-publico-de-agresores-sexuales-y-deudores-alimenticios","status":"publish","type":"post","link":"https:\/\/visionciudadana.com.mx\/oficial\/2020\/10\/06\/presentara-e-impulsara-pri-registro-publico-de-agresores-sexuales-y-deudores-alimenticios\/","title":{"rendered":"Presentar\u00e1 e impulsar\u00e1 PRI registro p\u00fablico de agresores sexuales y deudores alimenticios"},"content":{"rendered":"<p style=\"text-align: justify;\">&nbsp;<\/p>\n<p class=\"x_MsoNormal\" style=\"text-align: justify;\" align=\"center\"><span style=\"font-size: 14pt; font-family: arial, helvetica, sans-serif;\"><b>&nbsp;<img decoding=\"async\" src=\"images\/2020\/octubre_20\/deudores_alimen.PNG\" alt=\"deudores alimen\" style=\"display: block; margin-left: auto; margin-right: auto;\" \/><\/b><\/span><\/p>\n<p class=\"x_MsoNormal\" style=\"text-align: justify;\"><span style=\"font-size: 14pt; font-family: arial, helvetica, sans-serif;\">Ante los indicadores oficiales, que se\u00f1alan que de los actos de violencia contra las mujeres quedan impunes el &nbsp;99 por ciento de las veces y que adem\u00e1s, el 67 por ciento de las madres solteras no reciben pensi\u00f3n alimenticia, el Partido Revolucionario Institucional (PRI) presentar\u00e1 este mes de octubre la Ley Quem\u00f3n, para crear el Registro P\u00fablico Nacional de Agresores Sexuales y el Registro P\u00fablico Nacional de Deudores Alimenticios.<\/span><\/p>\n<p style=\"text-align: justify;\">&nbsp;<\/p>\n<p class=\"x_MsoNormal\" style=\"text-align: justify;\"><span style=\"font-size: 14pt; font-family: arial, helvetica, sans-serif;\">Diana Armenta Armenta, presidenta del ONMPRI en Sinaloa, se\u00f1al\u00f3 que aun cuando las mujeres mexicanas enfrentan hoy, niveles hist\u00f3ricos de violencia, en lugar de protegerlas, el gobierno de Andr\u00e9s Manuel L\u00f3pez Obrador, se ha empe\u00f1ado en desaparecer programas de apoyo y por supuesto tambi\u00e9n ha recortado el presupuesto para su atenci\u00f3n.&nbsp;<\/span><\/p>\n<p style=\"text-align: justify;\">&nbsp;<\/p>\n<p class=\"x_MsoNormal\" style=\"text-align: justify;\"><span style=\"font-size: 14pt; font-family: arial, helvetica, sans-serif;\">Asimismo, Diana Armenta, hizo hincapi\u00e9 en que ante estas atrocidades por parte del gobierno federal que confirman su insensibilidad para apoyar a las mujeres, el PRI defender\u00e1 el presupuesto para los programas de apoyo, a trav\u00e9s del impulso de iniciativas para defender los derechos de este sector de la poblaci\u00f3n.<\/span><\/p>\n<p style=\"text-align: justify;\">&nbsp;<\/p>\n<p class=\"x_MsoNormal\" style=\"text-align: justify;\"><span style=\"font-size: 14pt; font-family: arial, helvetica, sans-serif;\">A su vez, Jes\u00fas Vald\u00e9s, presidente del PRI Sinaloa, destac\u00f3 que tal, como lo se\u00f1ala el CEN que preside Alejandro Moreno, los registros ser\u00e1n abiertos, para saber o confirmar, si una persona ha cometido violencia contra alguna mujer o ha incumplido en el pago de pensiones alimenticias, \u201cesto representa un paso adelante para combatir estas acciones y por supuesto, que paguen los que tengan que pagar\u201d.<\/span><\/p>\n<p style=\"text-align: justify;\">&nbsp;<\/p>\n<p style=\"text-align: justify;\">&nbsp;<\/p>\n<p style=\"text-align: justify;\"><span style=\"font-size: 14pt; font-family: arial, helvetica, sans-serif;\">REDACCI\u00d3N\/VISI\u00d3N CIUDADANA.<\/span><\/p>\n<div>&nbsp;<\/div>\n","protected":false},"excerpt":{"rendered":"<p>&nbsp; &nbsp; Ante los indicadores oficiales, que se\u00f1alan que de los actos de violencia contra las mujeres quedan impunes el &nbsp;99 por ciento de las veces y que adem\u00e1s, el 67 por ciento de las madres solteras no reciben pensi\u00f3n alimenticia, el Partido Revolucionario Institucional (PRI) presentar\u00e1 este mes de octubre la Ley Quem\u00f3n, para [&hellip;]<\/p>\n","protected":false},"author":1,"featured_media":5789,"comment_status":"open","ping_status":"closed","sticky":false,"template":"","format":"standard","meta":{"footnotes":""},"categories":[24],"tags":[],"ppma_author":[31],"class_list":["post-14302","post","type-post","status-publish","format-standard","has-post-thumbnail","hentry","category-relevantes"],"aioseo_notices":[],"authors":[{"term_id":31,"user_id":1,"is_guest":0,"slug":"ivan3vino","display_name":"Iv\u00e1n Trevi\u00f1o","avatar_url":{"url":"https:\/\/visionciudadana.com.mx\/oficial\/wp-content\/uploads\/2025\/09\/columna-ivan-Trevino.png","url2x":"https:\/\/visionciudadana.com.mx\/oficial\/wp-content\/uploads\/2025\/09\/columna-ivan-Trevino.png"},"0":null,"1":"","2":"","3":"","4":"","5":"","6":"","7":"","8":""}],"_links":{"self":[{"href":"https:\/\/visionciudadana.com.mx\/oficial\/wp-json\/wp\/v2\/posts\/14302","targetHints":{"allow":["GET"]}}],"collection":[{"href":"https:\/\/visionciudadana.com.mx\/oficial\/wp-json\/wp\/v2\/posts"}],"about":[{"href":"https:\/\/visionciudadana.com.mx\/oficial\/wp-json\/wp\/v2\/types\/post"}],"author":[{"embeddable":true,"href":"https:\/\/visionciudadana.com.mx\/oficial\/wp-json\/wp\/v2\/users\/1"}],"replies":[{"embeddable":true,"href":"https:\/\/visionciudadana.com.mx\/oficial\/wp-json\/wp\/v2\/comments?post=14302"}],"version-history":[{"count":0,"href":"https:\/\/visionciudadana.com.mx\/oficial\/wp-json\/wp\/v2\/posts\/14302\/revisions"}],"wp:featuredmedia":[{"embeddable":true,"href":"https:\/\/visionciudadana.com.mx\/oficial\/wp-json\/wp\/v2\/posts\/5789"}],"wp:attachment":[{"href":"https:\/\/visionciudadana.com.mx\/oficial\/wp-json\/wp\/v2\/media?parent=14302"}],"wp:term":[{"taxonomy":"category","embeddable":true,"href":"https:\/\/visionciudadana.com.mx\/oficial\/wp-json\/wp\/v2\/categories?post=14302"},{"taxonomy":"post_tag","embeddable":true,"href":"https:\/\/visionciudadana.com.mx\/oficial\/wp-json\/wp\/v2\/tags?post=14302"},{"taxonomy":"author","embeddable":true,"href":"https:\/\/visionciudadana.com.mx\/oficial\/wp-json\/wp\/v2\/ppma_author?post=14302"}],"curies":[{"name":"wp","href":"https:\/\/api.w.org\/{rel}","templated":true}]}}