{"id":14300,"date":"2020-10-06T04:31:56","date_gmt":"2020-10-06T04:31:56","guid":{"rendered":"https:\/\/visionciudadana.com.mx\/prueba\/2020\/10\/06\/ratifica-alcalde-su-apoyo-a-la-uas-en-encuentro-sostenido-con-el-rector\/"},"modified":"2020-10-06T04:31:56","modified_gmt":"2020-10-06T04:31:56","slug":"ratifica-alcalde-su-apoyo-a-la-uas-en-encuentro-sostenido-con-el-rector","status":"publish","type":"post","link":"https:\/\/visionciudadana.com.mx\/oficial\/2020\/10\/06\/ratifica-alcalde-su-apoyo-a-la-uas-en-encuentro-sostenido-con-el-rector\/","title":{"rendered":"Ratifica Alcalde su apoyo a la UAS en encuentro sostenido con el rector"},"content":{"rendered":"<p style=\"text-align: justify;\"><b><span lang=\"ES\"><img decoding=\"async\" src=\"images\/2020\/octubre_20\/encuentro_rec.PNG\" alt=\"encuentro rec\" style=\"display: block; margin-left: auto; margin-right: auto;\" \/><br \/><span style=\"font-size: 14pt; font-family: arial, helvetica, sans-serif;\"><\/span><\/span><\/b><\/p>\n<p style=\"text-align: justify;\"><span style=\"font-size: 14pt; font-family: arial, helvetica, sans-serif;\">El Presidente Municipal de Culiac\u00e1n, licenciado Jes\u00fas Estrada Ferreiro, ratific\u00f3 su apoyo a la Universidad Aut\u00f3noma de Sinaloa (UAS) en un encuentro que sostuvo este d\u00eda con el Rector, doctor Juan Eulogio Guerra Liera, donde acept\u00f3 trabajar conjuntamente para que en el Campus Buelna se pueda realizar una obra de vialidad interna en el \u00e1rea de las siete hect\u00e1reas aleda\u00f1as a este espacio.<\/span><\/p>\n<p class=\"x_MsoNormal\" style=\"text-align: justify;\"><span lang=\"ES\" style=\"font-size: 14pt; font-family: arial, helvetica, sans-serif;\"><\/span><\/p>\n<p class=\"x_MsoNormal\" style=\"text-align: justify;\"><span lang=\"ES\" style=\"font-size: 14pt; font-family: arial, helvetica, sans-serif;\">Guerra Liera recibi\u00f3 en las oficinas de Rector\u00eda al Alcalde para exponerle el proyecto que se tiene contemplado realizar en las 7 hect\u00e1reas, que a propuesta del Gobernador, licenciado Quirino Ordaz Coppel, fueron donadas por el Congreso del Estado a la Casa Rosalina en 2018, adem\u00e1s de darle a conocer la pronta inauguraci\u00f3n del Auditorio que se construye en este mismo espacio.<\/span><\/p>\n<p class=\"x_MsoNormal\" style=\"text-align: justify;\"><span lang=\"ES\" style=\"font-size: 14pt; font-family: arial, helvetica, sans-serif;\"><\/span><\/p>\n<p class=\"x_MsoNormal\" style=\"text-align: justify;\"><span lang=\"ES\" style=\"font-size: 14pt; font-family: arial, helvetica, sans-serif;\">\u201cQueremos empezar a abrir unas v\u00edas para autom\u00f3viles y empezar a marcar los espacios para detonar lo que es un proyecto integral, en este caso estuvimos planteando al se\u00f1or Presidente la importancia de poder comunicar con ese predio de 7 hect\u00e1reas en virtud de la eminente inauguraci\u00f3n y entrega de un auditorio para m\u00e1s de mil personas en este campus y que estar\u00e1 a disposici\u00f3n de la sociedad y que en su momento se van a ocupar espacios dignos y seguros donde puedan asistir y estacionarse los autom\u00f3viles y poder tolerar una asistencia masiva\u201d, explic\u00f3 Guerra Liera.<\/span><\/p>\n<p class=\"x_MsoNormal\" style=\"text-align: justify;\"><span lang=\"ES\" style=\"font-size: 14pt; font-family: arial, helvetica, sans-serif;\"><\/span><\/p>\n<p class=\"x_MsoNormal\" style=\"text-align: justify;\"><span lang=\"ES\" style=\"font-size: 14pt; font-family: arial, helvetica, sans-serif;\">En entrevista al t\u00e9rmino de la visita, el Rector comparti\u00f3 que el Alcalde fue receptivo de los planteamientos institucionales que se le hicieron sobre todo porque se trata no solo de apoyar a la UAS, sino a la sociedad en general ya que con el Auditorio que est\u00e1 por concluirse en el Campus Buelna se contar\u00e1 con un espacio adecuado para el desarrollo de reuniones y eventos de todo tipo.<\/span><\/p>\n<p class=\"x_MsoNormal\" style=\"text-align: justify;\"><span lang=\"ES\" style=\"font-size: 14pt; font-family: arial, helvetica, sans-serif;\"><\/span><\/p>\n<p class=\"x_MsoNormal\" style=\"text-align: justify;\"><span lang=\"ES\" style=\"font-size: 14pt; font-family: arial, helvetica, sans-serif;\">\u201cYa dio instrucciones al \u00e1rea correspondiente en el Ayuntamiento y nosotros aqu\u00ed en la Universidad para hacer los levantamientos y ver la factibilidad de apoyarnos mutuamente\u201d, manifest\u00f3 el Rector al precisar que adem\u00e1s de darle continuidad a la vialidad principal del Campus en las 7 hect\u00e1reas se demarcar\u00e1n las \u00e1reas donde en un futuro se construir\u00e1n bibliotecas, auditorios y edificios para diferentes unidades acad\u00e9micas.<\/span><\/p>\n<p class=\"x_MsoNormal\" style=\"text-align: justify;\"><span lang=\"ES\" style=\"font-size: 14pt; font-family: arial, helvetica, sans-serif;\"><\/span><\/p>\n<p class=\"x_MsoNormal\" style=\"text-align: justify;\"><span lang=\"ES\" style=\"font-size: 14pt; font-family: arial, helvetica, sans-serif;\">\u201cEstamos planteando el apoyo que va desde el aporte financiero, t\u00e9cnico, facilitar la obra y que eso ya entramos con la aceptaci\u00f3n del Presidente Municipal en un estudio conjunto para ver de qu\u00e9 manera podemos apoyarnos (\u2026) pero adem\u00e1s planteamos la urgencia del proyecto en virtud de la entrega de este auditorio\u201d, dijo.<\/span><\/p>\n<p class=\"x_MsoNormal\" style=\"text-align: justify;\"><span lang=\"ES\" style=\"font-size: 14pt; font-family: arial, helvetica, sans-serif;\"><\/span><\/p>\n<p class=\"x_MsoNormal\" style=\"text-align: justify;\"><span lang=\"ES\" style=\"font-size: 14pt; font-family: arial, helvetica, sans-serif;\">El dirigente universitario se\u00f1al\u00f3 que el Alcalde es una excelente persona y con \u00e9l se mantiene una muy buena relaci\u00f3n, ha sabido atender a la Universidad, adem\u00e1s de que hay un trato de mucho respeto y reconocimiento hacia \u00e9l.<\/span><\/p>\n<p class=\"x_MsoNormal\" style=\"text-align: justify;\"><span lang=\"ES\" style=\"font-size: 14pt; font-family: arial, helvetica, sans-serif;\"><\/span><\/p>\n<p class=\"x_MsoNormal\" style=\"text-align: justify;\"><span lang=\"ES\" style=\"font-size: 14pt; font-family: arial, helvetica, sans-serif;\">\u201cSiempre que hemos planteado alg\u00fan proyecto de alguna manera nos empatamos en el mismo y apoyamos de acuerdo a nuestras posibilidades, va nuestro reconocimiento al Alcalde, \u00e9l es bienvenido cuantas veces quiera entrar a la Universidad, es egresado de Derecho de la instituci\u00f3n y creo que su manera sencilla de ser, y muy emp\u00e1tica, nos ha facilitado tener esa relaci\u00f3n\u201d, opin\u00f3.<\/span><\/p>\n<p class=\"x_MsoNormal\" style=\"text-align: justify;\"><span lang=\"ES\" style=\"font-size: 14pt; font-family: arial, helvetica, sans-serif;\"><\/span><\/p>\n<p class=\"x_MsoNormal\" style=\"text-align: justify;\"><span lang=\"ES\" style=\"font-size: 14pt; font-family: arial, helvetica, sans-serif;\">Por su parte el Presidente Municipal, Jes\u00fas Estrada Ferreiro, entrevistado durante el recorrido de los espacios se dijo impresionado de todo lo que la Universidad ha hecho y consider\u00f3 que la proyecci\u00f3n del Auditorio, el estacionamiento y los edificios ratificar\u00e1n la ubicaci\u00f3n que tiene la Casa Rosalina en el contexto nacional como una de las mejores.<\/span><\/p>\n<p class=\"x_MsoNormal\" style=\"text-align: justify;\"><span lang=\"ES\" style=\"font-size: 14pt; font-family: arial, helvetica, sans-serif;\"><\/span><\/p>\n<p class=\"x_MsoNormal\" style=\"text-align: justify;\"><span lang=\"ES\" style=\"font-size: 14pt; font-family: arial, helvetica, sans-serif;\">\u201cTodo lo que est\u00e9 en nuestras manos para lograr que esto florezca cuenten con ello, claro que en el l\u00edmite de nuestras posibilidades, de todo tipo: legales, econ\u00f3micas, pero todo lo que se pueda hacer por la educaci\u00f3n de nuestro pa\u00eds hay que hacerlo\u201d, enfatiz\u00f3.<\/span><\/p>\n<p class=\"x_MsoNormal\" style=\"text-align: justify;\"><span lang=\"ES\" style=\"font-size: 14pt; font-family: arial, helvetica, sans-serif;\"><\/span><\/p>\n<p class=\"x_MsoNormal\" style=\"text-align: justify;\"><span lang=\"ES\" style=\"font-size: 14pt; font-family: arial, helvetica, sans-serif;\">Agreg\u00f3 que la UAS puede llegar a superar a la UNAM en cuanto a calidad tanto humana como cient\u00edfica, de investigaci\u00f3n y academia porque tiene potencial para ello, adem\u00e1s comparti\u00f3 que, como muchos sinaloenses, es egresado de esta instituci\u00f3n tanto de su preparatoria, como de la Facultad de Derecho, de ah\u00ed el cari\u00f1o que le tiene.<\/span><\/p>\n<p class=\"x_MsoNormal\" style=\"text-align: justify;\"><span lang=\"ES\" style=\"font-size: 14pt; font-family: arial, helvetica, sans-serif;\"><\/span><\/p>\n<p class=\"x_MsoNormal\" style=\"text-align: justify;\"><span lang=\"ES\" style=\"font-size: 14pt; font-family: arial, helvetica, sans-serif;\">\u201cPero adem\u00e1s de todo esto, la UAS es como una madre para todos, entonces le debemos mucho y siempre que haya algo que hacer yo voy a estar con la UAS, pero sin descuidar tampoco lo que es la educaci\u00f3n en general, otras universidades y otras instituciones, pero el coraz\u00f3n m\u00edo est\u00e1 en la UAS\u201d, puntualiz\u00f3.<\/span><\/p>\n<p class=\"x_MsoNormal\" style=\"text-align: justify;\"><span lang=\"ES\" style=\"font-size: 14pt; font-family: arial, helvetica, sans-serif;\"><\/span><\/p>\n<p style=\"text-align: justify;\">&nbsp;<\/p>\n<p style=\"text-align: justify;\"><span style=\"font-size: 14pt; font-family: arial, helvetica, sans-serif;\">REDACCI\u00d3N\/VISI\u00d3N CIUDADANA.<\/span><\/p>\n","protected":false},"excerpt":{"rendered":"<p>El Presidente Municipal de Culiac\u00e1n, licenciado Jes\u00fas Estrada Ferreiro, ratific\u00f3 su apoyo a la Universidad Aut\u00f3noma de Sinaloa (UAS) en un encuentro que sostuvo este d\u00eda con el Rector, doctor Juan Eulogio Guerra Liera, donde acept\u00f3 trabajar conjuntamente para que en el Campus Buelna se pueda realizar una obra de vialidad interna en el \u00e1rea [&hellip;]<\/p>\n","protected":false},"author":1,"featured_media":5785,"comment_status":"open","ping_status":"closed","sticky":false,"template":"","format":"standard","meta":{"footnotes":""},"categories":[24],"tags":[],"ppma_author":[31],"class_list":["post-14300","post","type-post","status-publish","format-standard","has-post-thumbnail","hentry","category-relevantes"],"aioseo_notices":[],"authors":[{"term_id":31,"user_id":1,"is_guest":0,"slug":"ivan3vino","display_name":"Iv\u00e1n Trevi\u00f1o","avatar_url":{"url":"https:\/\/visionciudadana.com.mx\/oficial\/wp-content\/uploads\/2025\/09\/columna-ivan-Trevino.png","url2x":"https:\/\/visionciudadana.com.mx\/oficial\/wp-content\/uploads\/2025\/09\/columna-ivan-Trevino.png"},"0":null,"1":"","2":"","3":"","4":"","5":"","6":"","7":"","8":""}],"_links":{"self":[{"href":"https:\/\/visionciudadana.com.mx\/oficial\/wp-json\/wp\/v2\/posts\/14300","targetHints":{"allow":["GET"]}}],"collection":[{"href":"https:\/\/visionciudadana.com.mx\/oficial\/wp-json\/wp\/v2\/posts"}],"about":[{"href":"https:\/\/visionciudadana.com.mx\/oficial\/wp-json\/wp\/v2\/types\/post"}],"author":[{"embeddable":true,"href":"https:\/\/visionciudadana.com.mx\/oficial\/wp-json\/wp\/v2\/users\/1"}],"replies":[{"embeddable":true,"href":"https:\/\/visionciudadana.com.mx\/oficial\/wp-json\/wp\/v2\/comments?post=14300"}],"version-history":[{"count":0,"href":"https:\/\/visionciudadana.com.mx\/oficial\/wp-json\/wp\/v2\/posts\/14300\/revisions"}],"wp:featuredmedia":[{"embeddable":true,"href":"https:\/\/visionciudadana.com.mx\/oficial\/wp-json\/wp\/v2\/posts\/5785"}],"wp:attachment":[{"href":"https:\/\/visionciudadana.com.mx\/oficial\/wp-json\/wp\/v2\/media?parent=14300"}],"wp:term":[{"taxonomy":"category","embeddable":true,"href":"https:\/\/visionciudadana.com.mx\/oficial\/wp-json\/wp\/v2\/categories?post=14300"},{"taxonomy":"post_tag","embeddable":true,"href":"https:\/\/visionciudadana.com.mx\/oficial\/wp-json\/wp\/v2\/tags?post=14300"},{"taxonomy":"author","embeddable":true,"href":"https:\/\/visionciudadana.com.mx\/oficial\/wp-json\/wp\/v2\/ppma_author?post=14300"}],"curies":[{"name":"wp","href":"https:\/\/api.w.org\/{rel}","templated":true}]}}