{"id":14286,"date":"2020-09-30T13:09:10","date_gmt":"2020-09-30T13:09:10","guid":{"rendered":"https:\/\/visionciudadana.com.mx\/prueba\/2020\/09\/30\/gobierno-de-culiacan-se-suma-a-campana-por-el-dia-mundial-del-corazon\/"},"modified":"2020-09-30T13:09:10","modified_gmt":"2020-09-30T13:09:10","slug":"gobierno-de-culiacan-se-suma-a-campana-por-el-dia-mundial-del-corazon","status":"publish","type":"post","link":"https:\/\/visionciudadana.com.mx\/oficial\/2020\/09\/30\/gobierno-de-culiacan-se-suma-a-campana-por-el-dia-mundial-del-corazon\/","title":{"rendered":"Gobierno de Culiac\u00e1n se suma a campa\u00f1a por el D\u00eda Mundial del Coraz\u00f3n"},"content":{"rendered":"<p><img decoding=\"async\" src=\"images\/2020\/sept.20\/mundial_coraz\u00f3n.PNG\" alt=\"mundial coraz\u00f3n\" style=\"display: block; margin-left: auto; margin-right: auto;\" \/><\/p>\n<p style=\"text-align: justify;\"><span style=\"font-size: 14pt; font-family: arial, helvetica, sans-serif;\">El edificio del palacio municipal luci\u00f3 un colorido rojo al exterior de sus instalaciones, esto en el marco de la conmemoraci\u00f3n del D\u00eda Mundial del Coraz\u00f3n, a la cual el Gobierno de Culiac\u00e1n encabezado por el alcalde Lic. Jes\u00fas Estrada Ferreiro, se sum\u00f3 para concientizar a la poblaci\u00f3n sobre la prevenci\u00f3n de la enfermedad cardiovascular (ECV).<\/span><\/p>\n<p style=\"text-align: justify;\">&nbsp;<\/p>\n<p style=\"text-align: justify;\"><span style=\"font-size: 14pt; font-family: arial, helvetica, sans-serif;\">El municipio tiene como una de sus principales prioridades fomentar el cuidado de la salud, es por ello que atendi\u00f3 la propuesta del Colegio M\u00e9dico de Sinaloa para unirse a la campa\u00f1a mundial que lleva por lema \u201cUsa tu Coraz\u00f3n\u201d.<\/span><\/p>\n<p style=\"text-align: justify;\">&nbsp;<\/p>\n<p style=\"text-align: justify;\"><span style=\"font-size: 14pt; font-family: arial, helvetica, sans-serif;\">De esta forma, el presidente municipal contin\u00faa tambi\u00e9n reafirmando el compromiso de continuar estableciendo pol\u00edticas p\u00fablicas en beneficio de todos los culiacanenses.<\/span><\/p>\n<p style=\"text-align: justify;\">&nbsp;<\/p>\n<p style=\"text-align: justify;\"><span style=\"font-size: 14pt; font-family: arial, helvetica, sans-serif;\">Por representar la enfermedad cardiovascular una de las principales causas de muerte entre la poblaci\u00f3n a nivel mundial y la primera en M\u00e9xico, Sinaloa y Culiac\u00e1n, de acuerdo a datos del Colegio M\u00e9dico, es que se exhorta a la ciudadan\u00eda a cuidar la salud y a aplicar h\u00e1bitos que incluyan una sana alimentaci\u00f3n y actividad f\u00edsica.<\/span><\/p>\n<p style=\"text-align: justify;\">&nbsp;<\/p>\n<p style=\"text-align: justify;\"><span style=\"font-size: 14pt; font-family: arial, helvetica, sans-serif;\">REDACCI\u00d3N\/VISI\u00d3N CIUDADANA.<\/span><\/p>\n","protected":false},"excerpt":{"rendered":"<p>El edificio del palacio municipal luci\u00f3 un colorido rojo al exterior de sus instalaciones, esto en el marco de la conmemoraci\u00f3n del D\u00eda Mundial del Coraz\u00f3n, a la cual el Gobierno de Culiac\u00e1n encabezado por el alcalde Lic. Jes\u00fas Estrada Ferreiro, se sum\u00f3 para concientizar a la poblaci\u00f3n sobre la prevenci\u00f3n de la enfermedad cardiovascular [&hellip;]<\/p>\n","protected":false},"author":1,"featured_media":5770,"comment_status":"open","ping_status":"closed","sticky":false,"template":"","format":"standard","meta":{"footnotes":""},"categories":[13],"tags":[],"ppma_author":[31],"class_list":["post-14286","post","type-post","status-publish","format-standard","has-post-thumbnail","hentry","category-locales"],"aioseo_notices":[],"authors":[{"term_id":31,"user_id":1,"is_guest":0,"slug":"ivan3vino","display_name":"Iv\u00e1n Trevi\u00f1o","avatar_url":{"url":"https:\/\/visionciudadana.com.mx\/oficial\/wp-content\/uploads\/2025\/09\/columna-ivan-Trevino.png","url2x":"https:\/\/visionciudadana.com.mx\/oficial\/wp-content\/uploads\/2025\/09\/columna-ivan-Trevino.png"},"0":null,"1":"","2":"","3":"","4":"","5":"","6":"","7":"","8":""}],"_links":{"self":[{"href":"https:\/\/visionciudadana.com.mx\/oficial\/wp-json\/wp\/v2\/posts\/14286","targetHints":{"allow":["GET"]}}],"collection":[{"href":"https:\/\/visionciudadana.com.mx\/oficial\/wp-json\/wp\/v2\/posts"}],"about":[{"href":"https:\/\/visionciudadana.com.mx\/oficial\/wp-json\/wp\/v2\/types\/post"}],"author":[{"embeddable":true,"href":"https:\/\/visionciudadana.com.mx\/oficial\/wp-json\/wp\/v2\/users\/1"}],"replies":[{"embeddable":true,"href":"https:\/\/visionciudadana.com.mx\/oficial\/wp-json\/wp\/v2\/comments?post=14286"}],"version-history":[{"count":0,"href":"https:\/\/visionciudadana.com.mx\/oficial\/wp-json\/wp\/v2\/posts\/14286\/revisions"}],"wp:featuredmedia":[{"embeddable":true,"href":"https:\/\/visionciudadana.com.mx\/oficial\/wp-json\/wp\/v2\/posts\/5770"}],"wp:attachment":[{"href":"https:\/\/visionciudadana.com.mx\/oficial\/wp-json\/wp\/v2\/media?parent=14286"}],"wp:term":[{"taxonomy":"category","embeddable":true,"href":"https:\/\/visionciudadana.com.mx\/oficial\/wp-json\/wp\/v2\/categories?post=14286"},{"taxonomy":"post_tag","embeddable":true,"href":"https:\/\/visionciudadana.com.mx\/oficial\/wp-json\/wp\/v2\/tags?post=14286"},{"taxonomy":"author","embeddable":true,"href":"https:\/\/visionciudadana.com.mx\/oficial\/wp-json\/wp\/v2\/ppma_author?post=14286"}],"curies":[{"name":"wp","href":"https:\/\/api.w.org\/{rel}","templated":true}]}}