{"id":14285,"date":"2020-09-30T13:05:55","date_gmt":"2020-09-30T13:05:55","guid":{"rendered":"https:\/\/visionciudadana.com.mx\/prueba\/2020\/09\/30\/realizan-diputados-del-pri-intensa-gira-de-trabajo-en-sinaloa-municipio\/"},"modified":"2020-09-30T13:05:55","modified_gmt":"2020-09-30T13:05:55","slug":"realizan-diputados-del-pri-intensa-gira-de-trabajo-en-sinaloa-municipio","status":"publish","type":"post","link":"https:\/\/visionciudadana.com.mx\/oficial\/2020\/09\/30\/realizan-diputados-del-pri-intensa-gira-de-trabajo-en-sinaloa-municipio\/","title":{"rendered":"Realizan diputados del PRI intensa gira de trabajo en Sinaloa Municipio"},"content":{"rendered":"<p style=\"text-align: justify;\"><img decoding=\"async\" src=\"images\/2020\/sept.20\/alma_more.PNG\" alt=\"alma more\" style=\"display: block; margin-left: auto; margin-right: auto;\" \/><\/p>\n<p class=\"x_MsoNormal\" style=\"text-align: justify;\"><span style=\"font-size: 14pt; font-family: arial, helvetica, sans-serif;\">Con el objetivo de seguir ayudando a las personas que m\u00e1s lo necesitan, las y los diputados del Grupo Parlamentario del PRI contin\u00faan trabajando en territorio con el programa permanente de gesti\u00f3n social. En esta ocasi\u00f3n el diputado Sergio Jacobo Guti\u00e9rrez y la diputada local Ana Cecilia Moreno, realizaron una intensa gira de trabajo en Sinaloa municipio, donde entregaron diversos apoyos alimenticios y junto con el presidente y secretaria del partido en la regi\u00f3n realizaron campa\u00f1a de sanitizaci\u00f3n vehicular.<\/span><\/p>\n<p style=\"text-align: justify;\">&nbsp;<\/p>\n<p class=\"x_MsoNormal\" style=\"text-align: justify;\"><span style=\"font-size: 14pt; font-family: arial, helvetica, sans-serif;\">El diputado Sergio Jacobo Guti\u00e9rrez, coment\u00f3 que \u201cEl PRI est\u00e1 con ustedes, y m\u00e1s en estos momentos en los que la gente requiere que se le eche la mano, y donde mucha gente est\u00e1 sufriendo por la salud, por falta de trabajo y&nbsp; falta de ingresos, as\u00ed que&nbsp; aqu\u00ed estamos las y los diputados del PRI. Hoy les traemos este apoyo alimentario con la esperanza de que les sirva para sortear unos d\u00edas esta situaci\u00f3n cr\u00edtica que estamos viviendo. Y les quiero tambi\u00e9n decir que nosotros como diputados del PRI siempre estamos trabajando para ustedes, adem\u00e1s de Legislar desde que iniciamos la 63 legislatura, siempre estamos en territorio escuchando y atendiendo demandas, somos diputados de territorio y no estamos solo cuando inician las campa\u00f1as\u201d.<\/span><\/p>\n<p style=\"text-align: justify;\">&nbsp;<\/p>\n<p class=\"x_MsoNormal\" style=\"text-align: justify;\"><span style=\"font-size: 14pt; font-family: arial, helvetica, sans-serif;\">Durante la gira intensa gira se visitaron las comunidades de Llano Grande, San Joaqu\u00edn, Lagunilla y Zapotillo, ah\u00ed la diputada Ana Cecilia Moreno aprovecho el espacio para dialogar con las personas y destac\u00f3 que \u201cEl PRI est\u00e1 en las causas m\u00e1s sentidas como lo es ahora con esta pandemia con apoyos alimentarios que es cuando ustedes m\u00e1s lo necesitan y venimos con el Comit\u00e9 Municipal porque el PRI siempre est\u00e1 unido y siempre est\u00e1 trabajando por causas muy justas\u201d.<\/span><\/p>\n<p style=\"text-align: justify;\">&nbsp;<\/p>\n<p class=\"x_MsoNormal\" style=\"text-align: justify;\"><span style=\"font-size: 14pt; font-family: arial, helvetica, sans-serif;\">Aprovechando la ocasi\u00f3n tambi\u00e9n los legisladores Ana Cecilia Moreno y Sergio Jacobo preocupados por la educaci\u00f3n y el futuro de las y los j\u00f3venes del municipio realizaron donaci\u00f3n de libros y enciclopedias para COBAES de Llano Grande.<\/span><\/p>\n<p style=\"text-align: justify;\">&nbsp;<\/p>\n<p style=\"text-align: justify;\"><span style=\"font-size: 14pt; font-family: arial, helvetica, sans-serif;\">REDACCI\u00d3N\/VISI\u00d3N CIUDADANA.<\/span><\/p>\n","protected":false},"excerpt":{"rendered":"<p>Con el objetivo de seguir ayudando a las personas que m\u00e1s lo necesitan, las y los diputados del Grupo Parlamentario del PRI contin\u00faan trabajando en territorio con el programa permanente de gesti\u00f3n social. En esta ocasi\u00f3n el diputado Sergio Jacobo Guti\u00e9rrez y la diputada local Ana Cecilia Moreno, realizaron una intensa gira de trabajo en [&hellip;]<\/p>\n","protected":false},"author":1,"featured_media":5768,"comment_status":"open","ping_status":"closed","sticky":false,"template":"","format":"standard","meta":{"footnotes":""},"categories":[24],"tags":[],"ppma_author":[31],"class_list":["post-14285","post","type-post","status-publish","format-standard","has-post-thumbnail","hentry","category-relevantes"],"aioseo_notices":[],"authors":[{"term_id":31,"user_id":1,"is_guest":0,"slug":"ivan3vino","display_name":"Iv\u00e1n Trevi\u00f1o","avatar_url":{"url":"https:\/\/visionciudadana.com.mx\/oficial\/wp-content\/uploads\/2025\/09\/columna-ivan-Trevino.png","url2x":"https:\/\/visionciudadana.com.mx\/oficial\/wp-content\/uploads\/2025\/09\/columna-ivan-Trevino.png"},"0":null,"1":"","2":"","3":"","4":"","5":"","6":"","7":"","8":""}],"_links":{"self":[{"href":"https:\/\/visionciudadana.com.mx\/oficial\/wp-json\/wp\/v2\/posts\/14285","targetHints":{"allow":["GET"]}}],"collection":[{"href":"https:\/\/visionciudadana.com.mx\/oficial\/wp-json\/wp\/v2\/posts"}],"about":[{"href":"https:\/\/visionciudadana.com.mx\/oficial\/wp-json\/wp\/v2\/types\/post"}],"author":[{"embeddable":true,"href":"https:\/\/visionciudadana.com.mx\/oficial\/wp-json\/wp\/v2\/users\/1"}],"replies":[{"embeddable":true,"href":"https:\/\/visionciudadana.com.mx\/oficial\/wp-json\/wp\/v2\/comments?post=14285"}],"version-history":[{"count":0,"href":"https:\/\/visionciudadana.com.mx\/oficial\/wp-json\/wp\/v2\/posts\/14285\/revisions"}],"wp:featuredmedia":[{"embeddable":true,"href":"https:\/\/visionciudadana.com.mx\/oficial\/wp-json\/wp\/v2\/posts\/5768"}],"wp:attachment":[{"href":"https:\/\/visionciudadana.com.mx\/oficial\/wp-json\/wp\/v2\/media?parent=14285"}],"wp:term":[{"taxonomy":"category","embeddable":true,"href":"https:\/\/visionciudadana.com.mx\/oficial\/wp-json\/wp\/v2\/categories?post=14285"},{"taxonomy":"post_tag","embeddable":true,"href":"https:\/\/visionciudadana.com.mx\/oficial\/wp-json\/wp\/v2\/tags?post=14285"},{"taxonomy":"author","embeddable":true,"href":"https:\/\/visionciudadana.com.mx\/oficial\/wp-json\/wp\/v2\/ppma_author?post=14285"}],"curies":[{"name":"wp","href":"https:\/\/api.w.org\/{rel}","templated":true}]}}