{"id":14284,"date":"2020-09-30T13:01:04","date_gmt":"2020-09-30T13:01:04","guid":{"rendered":"https:\/\/visionciudadana.com.mx\/prueba\/2020\/09\/30\/el-pri-capacita-a-mujeres-para-empoderarlas-y-defiendan-sus-derechos\/"},"modified":"2020-09-30T13:01:04","modified_gmt":"2020-09-30T13:01:04","slug":"el-pri-capacita-a-mujeres-para-empoderarlas-y-defiendan-sus-derechos","status":"publish","type":"post","link":"https:\/\/visionciudadana.com.mx\/oficial\/2020\/09\/30\/el-pri-capacita-a-mujeres-para-empoderarlas-y-defiendan-sus-derechos\/","title":{"rendered":"El PRI capacita a mujeres para empoderarlas y defiendan sus derechos"},"content":{"rendered":"<p><img decoding=\"async\" src=\"images\/2020\/sept.20\/ale_cam.PNG\" alt=\"ale cam\" style=\"display: block; margin-left: auto; margin-right: auto;\" \/><\/p>\n<p class=\"x_MsoNormal\" style=\"text-align: justify;\"><span style=\"font-size: 14pt; font-family: arial, helvetica, sans-serif;\">Poco a poco estamos construyendo una plataforma pol\u00edtica y educativa que nos consolida como un partido en el que las mujeres pueden encontrar todas las herramientas para su empoderamiento y para la defensa de todos sus derechos, afirm\u00f3 Alejandro Moreno, Presidente del Comit\u00e9 Ejecutivo Nacional (CEN) del Partido Revolucionario Institucional (PRI).<\/span><\/p>\n<p style=\"text-align: justify;\">&nbsp;<\/p>\n<p class=\"x_MsoNormal\" style=\"text-align: justify;\"><span style=\"font-size: 14pt; font-family: arial, helvetica, sans-serif;\">Al inaugurar el inicio de trabajos de la Tercera Generaci\u00f3n de la Escuela Nacional de Mujeres Priistas (ENMPRI), asegur\u00f3 que el PRI siempre aprovechar\u00e1 cualquier espacio para promover el empoderamiento de las mujeres y seguir\u00e1 trabajando con mucha decisi\u00f3n para posicionarse como partido referente a nivel nacional en la lucha por las mujeres y por&nbsp; la igualdad.<\/span><\/p>\n<p style=\"text-align: justify;\">&nbsp;<\/p>\n<p class=\"x_MsoNormal\" style=\"text-align: justify;\"><span style=\"font-size: 14pt; font-family: arial, helvetica, sans-serif;\">Acompa\u00f1ado por la Secretaria General del CEN, Carolina Viggiano, el dirigente priista resalt\u00f3 que contar con el respaldo acad\u00e9mico de la Universidad Nacional Aut\u00f3noma de M\u00e9xico (UNAM), \u201ces un orgullo y un privilegio para nuestro partido y para nuestra plataforma educativa. Estoy seguro que esta colaboraci\u00f3n ser\u00e1 decisiva para continuar apuntalando la labor educativa de la Escuela Nacional de Mujeres Priistas\u201d.<\/span><\/p>\n<p style=\"text-align: justify;\">&nbsp;<\/p>\n<p class=\"x_MsoNormal\" style=\"text-align: justify;\"><span style=\"font-size: 14pt; font-family: arial, helvetica, sans-serif;\">Es fundamental, afirm\u00f3, tener m\u00e1s mujeres en la toma de decisiones del pa\u00eds y consider\u00f3 que la ENMPRI es un esfuerzo que pone al instituto pol\u00edtico en la direcci\u00f3n correcta. Adem\u00e1s, record\u00f3 que el PRI es el primer partido que ha adecuado sus documentos b\u00e1sicos para garantizar, para cuidar y defender y no permitir ning\u00fan tipo de violencia contra las mujeres.&nbsp;<\/span><\/p>\n<p style=\"text-align: justify;\">&nbsp;<\/p>\n<p class=\"x_MsoNormal\" style=\"text-align: justify;\"><span style=\"font-size: 14pt; font-family: arial, helvetica, sans-serif;\">Por ello, el l\u00edder tricolor reiter\u00f3 que el CEN respalda con determinaci\u00f3n todas las luchas y las causas de las mujeres. Indic\u00f3 que se han impulsado foros de participaci\u00f3n, empoderamiento y defensa de sus derechos, porque, resalt\u00f3, en el tricolor nunca se permitir\u00e1 ninguna acci\u00f3n de violencia contra ellas.<\/span><\/p>\n<p style=\"text-align: justify;\">&nbsp;<\/p>\n<p class=\"x_MsoNormal\" style=\"text-align: justify;\"><span style=\"font-size: 14pt; font-family: arial, helvetica, sans-serif;\">Sobre la Tercera Generaci\u00f3n de la ENMPRI, inform\u00f3 que \u00e9sta \u201clleva por nombre el de la ilustre Maestra Griselda \u00c1lvarez Ponce de Le\u00f3n, la primera gobernadora en M\u00e9xico, una mujer cuya formaci\u00f3n fue cien por ciento priista y siempre cercana a las labores educativas en su tierra y en su pa\u00eds\u201d.<\/span><\/p>\n<p style=\"text-align: justify;\">&nbsp;<\/p>\n<p class=\"x_MsoNormal\" style=\"text-align: justify;\"><span style=\"font-size: 14pt; font-family: arial, helvetica, sans-serif;\">Alejandro Moreno convoc\u00f3 a las alumnas a comprometerse, \u201cporque puedo asegurarles que este es un programa s\u00f3lido, donde estudiar\u00e1n temas de la mayor actualidad y relevancia\u201d.<\/span><\/p>\n<p style=\"text-align: justify;\">&nbsp;<\/p>\n<p class=\"x_MsoNormal\" style=\"text-align: justify;\"><span style=\"font-size: 14pt; font-family: arial, helvetica, sans-serif;\">Reconoci\u00f3 el trabajo del Organismo Nacional de Mujeres Priistas (ONMPRI), encabezado por Montserrat Arcos Vel\u00e1zquez y Cinthya L\u00f3pez Castro; as\u00ed como la labor del Instituto Reyes Heroles (IRH), con L\u00e1zaro Jim\u00e9nez Aquino al frente.<\/span><\/p>\n<p style=\"text-align: justify;\">&nbsp;<\/p>\n<p class=\"x_MsoNormal\" style=\"text-align: justify;\"><span style=\"font-size: 14pt; font-family: arial, helvetica, sans-serif;\">Por su parte, Arcos Vel\u00e1zquez, presidenta nacional del ONMPRI, felicit\u00f3 a las mujeres que aceptaron el reto de la ENMPRI porque asegur\u00f3 que las mujeres capacitadas, son mujeres empoderadas.<\/span><\/p>\n<p style=\"text-align: justify;\">&nbsp;<\/p>\n<p class=\"x_MsoNormal\" style=\"text-align: justify;\"><span style=\"font-size: 14pt; font-family: arial, helvetica, sans-serif;\">En el evento virtual tambi\u00e9n participaron por parte de la Facultad de Ciencias Pol\u00edticas y Sociales de la UNAM, la Jefa de la Divisi\u00f3n de Educaci\u00f3n Continua, Alma Iglesias Gonz\u00e1lez, y la Coordinadora Acad\u00e9mica, Ana Laura Montiel \u00c1lvarez. En este contexto, el dirigente del Revolucionario Institucional expres\u00f3 su agradecimiento al Instituto Nacional Electoral (INE), por el apoyo que brinda a las mujeres.<\/span><\/p>\n<p style=\"text-align: justify;\">&nbsp;<\/p>\n<p style=\"text-align: justify;\"><span style=\"font-size: 14pt; font-family: arial, helvetica, sans-serif;\">REDACCI\u00d3N\/VISI\u00d3N CIUDADANA.<\/span><\/p>\n<div style=\"text-align: justify;\"><span style=\"font-size: 14pt; font-family: arial, helvetica, sans-serif;\"><\/span><\/div>\n","protected":false},"excerpt":{"rendered":"<p>Poco a poco estamos construyendo una plataforma pol\u00edtica y educativa que nos consolida como un partido en el que las mujeres pueden encontrar todas las herramientas para su empoderamiento y para la defensa de todos sus derechos, afirm\u00f3 Alejandro Moreno, Presidente del Comit\u00e9 Ejecutivo Nacional (CEN) del Partido Revolucionario Institucional (PRI). &nbsp; Al inaugurar el [&hellip;]<\/p>\n","protected":false},"author":1,"featured_media":5766,"comment_status":"open","ping_status":"closed","sticky":false,"template":"","format":"standard","meta":{"footnotes":""},"categories":[13],"tags":[],"ppma_author":[31],"class_list":["post-14284","post","type-post","status-publish","format-standard","has-post-thumbnail","hentry","category-locales"],"aioseo_notices":[],"authors":[{"term_id":31,"user_id":1,"is_guest":0,"slug":"ivan3vino","display_name":"Iv\u00e1n Trevi\u00f1o","avatar_url":{"url":"https:\/\/visionciudadana.com.mx\/oficial\/wp-content\/uploads\/2025\/09\/columna-ivan-Trevino.png","url2x":"https:\/\/visionciudadana.com.mx\/oficial\/wp-content\/uploads\/2025\/09\/columna-ivan-Trevino.png"},"0":null,"1":"","2":"","3":"","4":"","5":"","6":"","7":"","8":""}],"_links":{"self":[{"href":"https:\/\/visionciudadana.com.mx\/oficial\/wp-json\/wp\/v2\/posts\/14284","targetHints":{"allow":["GET"]}}],"collection":[{"href":"https:\/\/visionciudadana.com.mx\/oficial\/wp-json\/wp\/v2\/posts"}],"about":[{"href":"https:\/\/visionciudadana.com.mx\/oficial\/wp-json\/wp\/v2\/types\/post"}],"author":[{"embeddable":true,"href":"https:\/\/visionciudadana.com.mx\/oficial\/wp-json\/wp\/v2\/users\/1"}],"replies":[{"embeddable":true,"href":"https:\/\/visionciudadana.com.mx\/oficial\/wp-json\/wp\/v2\/comments?post=14284"}],"version-history":[{"count":0,"href":"https:\/\/visionciudadana.com.mx\/oficial\/wp-json\/wp\/v2\/posts\/14284\/revisions"}],"wp:featuredmedia":[{"embeddable":true,"href":"https:\/\/visionciudadana.com.mx\/oficial\/wp-json\/wp\/v2\/posts\/5766"}],"wp:attachment":[{"href":"https:\/\/visionciudadana.com.mx\/oficial\/wp-json\/wp\/v2\/media?parent=14284"}],"wp:term":[{"taxonomy":"category","embeddable":true,"href":"https:\/\/visionciudadana.com.mx\/oficial\/wp-json\/wp\/v2\/categories?post=14284"},{"taxonomy":"post_tag","embeddable":true,"href":"https:\/\/visionciudadana.com.mx\/oficial\/wp-json\/wp\/v2\/tags?post=14284"},{"taxonomy":"author","embeddable":true,"href":"https:\/\/visionciudadana.com.mx\/oficial\/wp-json\/wp\/v2\/ppma_author?post=14284"}],"curies":[{"name":"wp","href":"https:\/\/api.w.org\/{rel}","templated":true}]}}