{"id":14283,"date":"2020-09-30T12:57:40","date_gmt":"2020-09-30T12:57:40","guid":{"rendered":"https:\/\/visionciudadana.com.mx\/prueba\/2020\/09\/30\/inicia-la-uas-con-una-matricula-de-169-mil-estudiantes-ciclo-escolar-2020-2021\/"},"modified":"2020-09-30T12:57:40","modified_gmt":"2020-09-30T12:57:40","slug":"inicia-la-uas-con-una-matricula-de-169-mil-estudiantes-ciclo-escolar-2020-2021","status":"publish","type":"post","link":"https:\/\/visionciudadana.com.mx\/oficial\/2020\/09\/30\/inicia-la-uas-con-una-matricula-de-169-mil-estudiantes-ciclo-escolar-2020-2021\/","title":{"rendered":"Inicia la UAS con una matr\u00edcula de 169 mil estudiantes ciclo escolar 2020-2021"},"content":{"rendered":"<p><img decoding=\"async\" src=\"images\/2020\/sept.20\/169_mil_estudiantes.PNG\" alt=\"169 mil estudiantes\" style=\"display: block; margin-left: auto; margin-right: auto;\" \/><\/p>\n<p style=\"text-align: justify;\"><span style=\"font-size: 14pt; font-family: arial, helvetica, sans-serif;\">Con la premisa de que ning\u00fan reto ser\u00e1 lo suficientemente grande para detener el avance de esta casa de estudios, la Universidad Aut\u00f3noma de Sinaloa (UAS) dio el inicio formal al Ciclo Escolar 2020-2021 de manera virtual, en el cual se estima una matr\u00edcula superior a los 169 mil estudiantes y se llega a una cobertura del 100 por ciento en el nivel medio superior y del 99.8 en el nivel superior.<\/span><\/p>\n<p style=\"text-align: justify;\">&nbsp;<\/p>\n<p class=\"x_MsoNormal\" style=\"text-align: justify;\"><span style=\"font-size: 14pt; font-family: arial, helvetica, sans-serif;\">En ceremonia virtual, el Rector, doctor Juan Eulogio Guerra Liera, dirigi\u00f3 un mensaje de bienvenida a la comunidad universitaria, a los padres de familia y estudiantes de primer ingreso y reingreso donde se refiri\u00f3 al momento hist\u00f3rico que se vive derivado de la pandemia por COVID-19 y que est\u00e1 lleno de retos y donde gracias al compromiso y la capacidad de la planta docente, la inteligencia de los estudiantes y el apoyo irrestricto de los padres de familia, ha sido posible el tr\u00e1nsito a ambientes virtuales de aprendizaje teniendo como valores el respeto, la tolerancia y la cooperaci\u00f3n.<\/span><\/p>\n<p style=\"text-align: justify;\">&nbsp;<\/p>\n<p class=\"x_MsoNormal\" style=\"text-align: justify;\"><span style=\"font-size: 14pt; font-family: arial, helvetica, sans-serif;\">\u201cConscientes de que no todos tienen las mismas condiciones materiales para estudiar y que bajo ninguna circunstancia nadie debe quedarse atr\u00e1s ni afuera, fue as\u00ed como concluimos con \u00e9xito el Ciclo Escolar pasado y con esta premisa y tomando en cuenta lo aprendido hoy nos disponemos a dar inicio al Ciclo Escolar 2020-2021, el cual ser\u00e1 recordado como el primer ciclo que inicia en forma virtual en la Universidad Aut\u00f3noma de Sinaloa; sin duda esto habr\u00e1 de plantear retos para todos, pero ninguno ser\u00e1 lo suficientemente grande para detener nuestros deseos de continuar avanzando; si bien la pandemia ha detenido muchos proyectos, no debemos permitir que esta cancele nuestros sue\u00f1os\u201d, enfatiz\u00f3.<\/span><\/p>\n<p style=\"text-align: justify;\">&nbsp;<\/p>\n<p class=\"x_MsoNormal\" style=\"text-align: justify;\"><span style=\"font-size: 14pt; font-family: arial, helvetica, sans-serif;\">Guerra Liera indic\u00f3 que seguramente hace unos meses todos los alumnos de nuevo ingreso se imaginaban un primer d\u00eda de clases presencial en el aula, intercambiando saludos y conociendo a sus nuevos compa\u00f1eros, y en lugar de ello han estado esperando que les llegue la clave de la plataforma para ingresar al aula virtual.<\/span><\/p>\n<p style=\"text-align: justify;\">&nbsp;<\/p>\n<p class=\"x_MsoNormal\" style=\"text-align: justify;\"><span style=\"font-size: 14pt; font-family: arial, helvetica, sans-serif;\">\u201cTemporalmente las cosas han cambiado, tenemos que readecuarnos a la exigencia de salvaguardar la salud, de evitar convertirnos en un vector de transmisi\u00f3n de una enfermedad hasta hoy desconocida (\u2026) tampoco ha sido f\u00e1cil para la Universidad esta transici\u00f3n\u201d, extern\u00f3 el Rector refiri\u00e9ndose al esfuerzo humano, tecnol\u00f3gico y financiero que ha realizado la instituci\u00f3n, siempre priorizando la salud de sus estudiantes y trabajadores.<\/span><\/p>\n<p style=\"text-align: justify;\">&nbsp;<\/p>\n<p class=\"x_MsoNormal\" style=\"text-align: justify;\"><span style=\"font-size: 14pt; font-family: arial, helvetica, sans-serif;\">Cit\u00f3 que la Universidad acord\u00f3 no aplicar el examen de admisi\u00f3n, EXANI I, a los aspirantes al bachillerato y aceptar al 100 por ciento de ellos, es decir, a 20 mil 271 j\u00f3venes, para no exponerlos a un contagio; y en el nivel superior hoy se reciben a m\u00e1s de 21 mil 696 j\u00f3venes que inician una licenciatura.<\/span><\/p>\n<p style=\"text-align: justify;\">&nbsp;<\/p>\n<p class=\"x_MsoNormal\" style=\"text-align: justify;\"><span style=\"font-size: 14pt; font-family: arial, helvetica, sans-serif;\">\u201cEn total estamos abriendo las plataformas virtuales, la educaci\u00f3n virtual de la UAS, a 41 mil 267 nuevos estudiantes&nbsp;del nivel medio superior y superior, nuestra matr\u00edcula rebasar\u00e1 los 169 mil alumnos, lo que nos mantiene como la tercera universidad m\u00e1s grande de nuestro pa\u00eds y tambi\u00e9n con esto sostenemos a Sinaloa como el segundo estado con m\u00e1s cobertura en educaci\u00f3n solo por detr\u00e1s de la Ciudad de M\u00e9xico\u201d, manifest\u00f3.<\/span><\/p>\n<p style=\"text-align: justify;\">&nbsp;<\/p>\n<p class=\"x_MsoNormal\" style=\"text-align: justify;\"><span style=\"font-size: 14pt; font-family: arial, helvetica, sans-serif;\">Consider\u00f3 que esto es digno de reconocerse, pues en el nivel medio superior todas las unidades acad\u00e9micas est\u00e1n en el Sistema Nacional de Bachillerato, es decir, est\u00e1n reconocidas como unidades acad\u00e9micas de calidad y tambi\u00e9n la mayor\u00eda de los programas educativos de Licenciatura est\u00e1n acreditados, adem\u00e1s la Universidad est\u00e1 certificada por 5 a\u00f1os, \u201ces la \u00fanica en Sinaloa que tiene esta acreditaci\u00f3n y tambi\u00e9n se gan\u00f3 un sitio en el Ranking Mundial de Universidades como una de las mejores casas de estudio de nuestro pa\u00eds, y todo esto es un orgullo compartirlo con quienes hoy ingresan\u201d.<\/span><\/p>\n<p style=\"text-align: justify;\">&nbsp;<\/p>\n<p class=\"x_MsoNormal\" style=\"text-align: justify;\"><span style=\"font-size: 14pt; font-family: arial, helvetica, sans-serif;\">Agreg\u00f3 que lo anterior adem\u00e1s de ser un motivo de orgullo es un llamado a seguir trabajando fuertemente, y plante\u00f3 que en momentos tan complejos como el actual, los universitarios tienen que ser creativos y solidarios para que las desigualdades que se hicieron m\u00e1s evidentes durante la pandemia se reduzcan, y ser responsables para prevenir la enfermedad.<\/span><\/p>\n<p style=\"text-align: justify;\">&nbsp;<\/p>\n<p class=\"x_MsoNormal\" style=\"text-align: justify;\"><span style=\"font-size: 14pt; font-family: arial, helvetica, sans-serif;\">\u201cTenemos que ser solidarios con nuestra instituci\u00f3n para con base en nuestros resultados pedir, exigir, reclamar los montos presupuestales para que nuestro pa\u00eds alcance el desarrollo, la equidad y la inclusi\u00f3n en un futuro cercano a trav\u00e9s de la ciencia la tecnolog\u00eda y la educaci\u00f3n; necesitamos ser solidarios, estar unidos y exigir un mejor futuro para nuestro pa\u00eds, para nuestros j\u00f3venes a trav\u00e9s de una educaci\u00f3n pertinente, reconocida y que incluya a quienes tengan el deseo y re\u00fanan los requisitos para estar en cualquier universidad\u201d, puntualiz\u00f3.<\/span><\/p>\n<p style=\"text-align: justify;\">&nbsp;<\/p>\n<p style=\"text-align: justify;\"><span style=\"font-size: 14pt; font-family: arial, helvetica, sans-serif;\">REDACCI\u00d3N\/VISI\u00d3N CIUDADANA.<\/span><\/p>\n<div style=\"text-align: justify;\"><span style=\"font-size: 14pt; font-family: arial, helvetica, sans-serif;\"><\/span><\/div>\n","protected":false},"excerpt":{"rendered":"<p>Con la premisa de que ning\u00fan reto ser\u00e1 lo suficientemente grande para detener el avance de esta casa de estudios, la Universidad Aut\u00f3noma de Sinaloa (UAS) dio el inicio formal al Ciclo Escolar 2020-2021 de manera virtual, en el cual se estima una matr\u00edcula superior a los 169 mil estudiantes y se llega a una [&hellip;]<\/p>\n","protected":false},"author":1,"featured_media":5764,"comment_status":"open","ping_status":"closed","sticky":false,"template":"","format":"standard","meta":{"footnotes":""},"categories":[24],"tags":[],"ppma_author":[31],"class_list":["post-14283","post","type-post","status-publish","format-standard","has-post-thumbnail","hentry","category-relevantes"],"aioseo_notices":[],"authors":[{"term_id":31,"user_id":1,"is_guest":0,"slug":"ivan3vino","display_name":"Iv\u00e1n Trevi\u00f1o","avatar_url":{"url":"https:\/\/visionciudadana.com.mx\/oficial\/wp-content\/uploads\/2025\/09\/columna-ivan-Trevino.png","url2x":"https:\/\/visionciudadana.com.mx\/oficial\/wp-content\/uploads\/2025\/09\/columna-ivan-Trevino.png"},"0":null,"1":"","2":"","3":"","4":"","5":"","6":"","7":"","8":""}],"_links":{"self":[{"href":"https:\/\/visionciudadana.com.mx\/oficial\/wp-json\/wp\/v2\/posts\/14283","targetHints":{"allow":["GET"]}}],"collection":[{"href":"https:\/\/visionciudadana.com.mx\/oficial\/wp-json\/wp\/v2\/posts"}],"about":[{"href":"https:\/\/visionciudadana.com.mx\/oficial\/wp-json\/wp\/v2\/types\/post"}],"author":[{"embeddable":true,"href":"https:\/\/visionciudadana.com.mx\/oficial\/wp-json\/wp\/v2\/users\/1"}],"replies":[{"embeddable":true,"href":"https:\/\/visionciudadana.com.mx\/oficial\/wp-json\/wp\/v2\/comments?post=14283"}],"version-history":[{"count":0,"href":"https:\/\/visionciudadana.com.mx\/oficial\/wp-json\/wp\/v2\/posts\/14283\/revisions"}],"wp:featuredmedia":[{"embeddable":true,"href":"https:\/\/visionciudadana.com.mx\/oficial\/wp-json\/wp\/v2\/posts\/5764"}],"wp:attachment":[{"href":"https:\/\/visionciudadana.com.mx\/oficial\/wp-json\/wp\/v2\/media?parent=14283"}],"wp:term":[{"taxonomy":"category","embeddable":true,"href":"https:\/\/visionciudadana.com.mx\/oficial\/wp-json\/wp\/v2\/categories?post=14283"},{"taxonomy":"post_tag","embeddable":true,"href":"https:\/\/visionciudadana.com.mx\/oficial\/wp-json\/wp\/v2\/tags?post=14283"},{"taxonomy":"author","embeddable":true,"href":"https:\/\/visionciudadana.com.mx\/oficial\/wp-json\/wp\/v2\/ppma_author?post=14283"}],"curies":[{"name":"wp","href":"https:\/\/api.w.org\/{rel}","templated":true}]}}