{"id":14282,"date":"2020-09-30T12:53:28","date_gmt":"2020-09-30T12:53:28","guid":{"rendered":"https:\/\/visionciudadana.com.mx\/prueba\/2020\/09\/30\/organiza-imden-navolato-campamento-para-atletas-de-alto-rendimiento\/"},"modified":"2020-09-30T12:53:28","modified_gmt":"2020-09-30T12:53:28","slug":"organiza-imden-navolato-campamento-para-atletas-de-alto-rendimiento","status":"publish","type":"post","link":"https:\/\/visionciudadana.com.mx\/oficial\/2020\/09\/30\/organiza-imden-navolato-campamento-para-atletas-de-alto-rendimiento\/","title":{"rendered":"Organiza IMDEN Navolato campamento para atletas de alto rendimiento"},"content":{"rendered":"<p style=\"text-align: justify;\"><img decoding=\"async\" src=\"images\/2020\/sept.20\/imden.PNG\" alt=\"imden\" style=\"display: block; margin-left: auto; margin-right: auto;\" \/><br \/><span style=\"font-size: 14pt; font-family: arial, helvetica, sans-serif;\">Debido a que el deporte en la ni\u00f1ez y juventud del municipio de Navolato es una prioridad para el D\u00e9cimo Tercer Ayuntamiento, el alcalde Eliazar Guti\u00e9rrez Angulo, instruy\u00f3 al Instituto Municipal de Cultura F\u00edsica y Deporte de Navolato para que organizara un campamento de entrenamiento en playa para los deportistas de alto rendimiento, con el objetivo de que permanezcan f\u00edsicamente activos y preparados para los compromisos que tendr\u00e1n en cuanto existan condiciones por la emergencia sanitaria del COVID-19.<\/span><\/p>\n<p style=\"text-align: justify;\">\n<p><span style=\"font-size: 14pt; font-family: arial, helvetica, sans-serif;\">El mandatario municipal Eliazar Guti\u00e9rrez dijo que su Gobierno reconoce el talento de muchos deportistas navolatenses que han puesto en alto el nombre de este municipio en competencias en diferentes disciplinas que se han realizado en otros estados, incluso en el extranjero, lo que representa un orgullo para todo el pueblo.<\/span><\/p>\n<p style=\"text-align: justify;\"><span style=\"font-size: 14pt; font-family: arial, helvetica, sans-serif;\">Marco Antonio Garc\u00eda Garc\u00eda, director del IMDEN Navolato explic\u00f3 que siempre ha sido de mucho inter\u00e9s del alcalde navolatense, atender y apoyar a los deportistas del municipio en el mejoramiento de infraestructura y con material deportivo, en coordinaci\u00f3n con el Patronato Impulsor del Deporte Sinaloense, para que los ni\u00f1os y j\u00f3venes realicen sus actividades, y de esta manera poder identificar nuevos talentos.<\/span><\/p>\n<p style=\"text-align: justify;\">\n<p><span style=\"font-size: 14pt; font-family: arial, helvetica, sans-serif;\">El funcionario municipal responsable del deporte en Navolato, dio a conocer que el campamento de entrenamiento para los atletas de alto rendimiento se llev\u00f3 a cabo en zona de playa del complejo Punto Esmeralda, con el objetivo de que se encuentren en condiciones \u00f3ptimas para que tengan buenos resultados en los encuentros deportivos estatales, nacionales e internacionales que tendr\u00e1n participaci\u00f3n.<\/span><\/p>\n<p style=\"text-align: justify;\">\n<p><span style=\"font-size: 14pt; font-family: arial, helvetica, sans-serif;\">Con todas las medidas preventivas sanitarias, participaron en este evento de pr\u00e1cticas deportivas en arena, atletas de las disciplinas luchas asociadas, atletismo, futbol, b\u00e9isbol, basquetbol, nataci\u00f3n y halterofilia. El responsable fue &nbsp;el entrenador de alto rendimiento, Jes\u00fas Orestes Morales Ortiz.<\/span><\/p>\n<p style=\"text-align: justify;\">&nbsp;<\/p>\n<p style=\"text-align: justify;\"><span style=\"font-size: 14pt; font-family: arial, helvetica, sans-serif;\">REDACCI\u00d3N\/VISI\u00d3N CIUDADANA.<\/span><\/p>\n","protected":false},"excerpt":{"rendered":"<p>Debido a que el deporte en la ni\u00f1ez y juventud del municipio de Navolato es una prioridad para el D\u00e9cimo Tercer Ayuntamiento, el alcalde Eliazar Guti\u00e9rrez Angulo, instruy\u00f3 al Instituto Municipal de Cultura F\u00edsica y Deporte de Navolato para que organizara un campamento de entrenamiento en playa para los deportistas de alto rendimiento, con el [&hellip;]<\/p>\n","protected":false},"author":1,"featured_media":5762,"comment_status":"open","ping_status":"closed","sticky":false,"template":"","format":"standard","meta":{"footnotes":""},"categories":[13],"tags":[],"ppma_author":[31],"class_list":["post-14282","post","type-post","status-publish","format-standard","has-post-thumbnail","hentry","category-locales"],"aioseo_notices":[],"authors":[{"term_id":31,"user_id":1,"is_guest":0,"slug":"ivan3vino","display_name":"Iv\u00e1n Trevi\u00f1o","avatar_url":{"url":"https:\/\/visionciudadana.com.mx\/oficial\/wp-content\/uploads\/2025\/09\/columna-ivan-Trevino.png","url2x":"https:\/\/visionciudadana.com.mx\/oficial\/wp-content\/uploads\/2025\/09\/columna-ivan-Trevino.png"},"0":null,"1":"","2":"","3":"","4":"","5":"","6":"","7":"","8":""}],"_links":{"self":[{"href":"https:\/\/visionciudadana.com.mx\/oficial\/wp-json\/wp\/v2\/posts\/14282","targetHints":{"allow":["GET"]}}],"collection":[{"href":"https:\/\/visionciudadana.com.mx\/oficial\/wp-json\/wp\/v2\/posts"}],"about":[{"href":"https:\/\/visionciudadana.com.mx\/oficial\/wp-json\/wp\/v2\/types\/post"}],"author":[{"embeddable":true,"href":"https:\/\/visionciudadana.com.mx\/oficial\/wp-json\/wp\/v2\/users\/1"}],"replies":[{"embeddable":true,"href":"https:\/\/visionciudadana.com.mx\/oficial\/wp-json\/wp\/v2\/comments?post=14282"}],"version-history":[{"count":0,"href":"https:\/\/visionciudadana.com.mx\/oficial\/wp-json\/wp\/v2\/posts\/14282\/revisions"}],"wp:featuredmedia":[{"embeddable":true,"href":"https:\/\/visionciudadana.com.mx\/oficial\/wp-json\/wp\/v2\/posts\/5762"}],"wp:attachment":[{"href":"https:\/\/visionciudadana.com.mx\/oficial\/wp-json\/wp\/v2\/media?parent=14282"}],"wp:term":[{"taxonomy":"category","embeddable":true,"href":"https:\/\/visionciudadana.com.mx\/oficial\/wp-json\/wp\/v2\/categories?post=14282"},{"taxonomy":"post_tag","embeddable":true,"href":"https:\/\/visionciudadana.com.mx\/oficial\/wp-json\/wp\/v2\/tags?post=14282"},{"taxonomy":"author","embeddable":true,"href":"https:\/\/visionciudadana.com.mx\/oficial\/wp-json\/wp\/v2\/ppma_author?post=14282"}],"curies":[{"name":"wp","href":"https:\/\/api.w.org\/{rel}","templated":true}]}}